
{"id":77606,"date":"2018-08-30T02:58:10","date_gmt":"2018-08-30T02:58:10","guid":{"rendered":"https:\/\/ujkafe.website\/?p=77606"},"modified":"2018-08-29T13:27:26","modified_gmt":"2018-08-29T13:27:26","slug":"faludy-gyorgy-es-az-esoerdo-20","status":"publish","type":"post","link":"https:\/\/ujkafe.website\/?p=77606","title":{"rendered":"Faludy Gy\u00f6rgy \u00e9s az es\u0151erd\u0151 (20)"},"content":{"rendered":"<h2><strong>1987. j\u00fanius 12. (I)<\/strong><\/h2>\n<p>Ma reggel megtettem a negyven perces s\u00e9t\u00e1t a z\u00f6lds\u00e9g\u00fczletbe, \u00e9s hazafel\u00e9 menet a kit\u0171n\u0151 kanadai csokol\u00e1d\u00e9t harapd\u00e1ltam, mely minden j\u00f3 \u00edze mellett \u00fagy fogadja a fogak nyom\u00e1s\u00e1t, minta ez\u00fcstpap\u00edr volna. Ott, \u00fatk\u00f6zben \u00e9rt a d\u00e9ja vu \u00e9lm\u00e9nye. Hirtelen \u00e9szrevettem, hogy hi\u00e1nyzik a p\u00e9nzt\u00e1rc\u00e1m, a k\u00f6vetkez\u0151 hetekre sz\u00f3l\u00f3, minden p\u00e9nzemmel egy\u00fctt.<!--more--><\/p>\n<p>Utolj\u00e1ra ugyanez \u00c9szak-It\u00e1li\u00e1ban esett meg velem, k\u00f6zel negyed sz\u00e1zaddal ezel\u0151tt. Feles\u00e9gem r\u00e1kos volt \u00e9s azt hitte, hogy a magas hegyek k\u00f6zt, ha meg nem is gy\u00f3gyul, de ideiglenesen jobban lesz. Ez\u00e9rt mentem vele Oberbozenbe, magasan fel a hegyekbe, hov\u00e1 akkor m\u00e9g csak a fogaskerek\u0171 vas\u00fat \u00e9s aut\u00f3k sz\u00e1m\u00e1ra j\u00e1rhatatlan \u00fat vezetett. Orvosaink megmondt\u00e1k, hogy Zsuzsk\u00e1nak n\u00e9h\u00e1ny napja maradt csak. Fenn hagytam a sz\u00e1llod\u00e1ban \u00e9s a fogaskerek\u0171n lementem Bozenbe, hogy orvoss\u00e1got \u00e9s sokf\u00e9le, sz\u00fcks\u00e9ges holmit v\u00e1s\u00e1roljak. A p\u00e9nzt\u00e1rc\u00e1mat h\u00e1ts\u00f3 nadr\u00e1gzsebemben hordtam; egyszerre csak \u00e9szrevettem, hogy nem \u00e9rzem a t\u00e1rca szor\u00edt\u00e1s\u00e1t. T\u00f6bb mint \u00f6tsz\u00e1z font volt benne, akkoriban \u00f3ri\u00e1si \u00f6sszeg, K. Zolt\u00e1n bar\u00e1tom aj\u00e1nd\u00e9ka, aki ismerte helyzet\u00fcnket. A p\u00e9nz nemcsak sz\u00e1llod\u00e1ra \u00e9s \u00e9tkez\u00e9sre kellett, hanem orvosra \u00e9s esetleg temet\u00e9sre is.<\/p>\n<p>A f\u0151utc\u00e1n egy h\u00e1z fal\u00e1nak t\u00e1maszkodtam \u00e9s kivert a verejt\u00e9k. Egyszer \u00e9letemben \u00e9reztem m\u00e9g \u00edgy: mikor Recskre \u00e9rkez\u00e9s\u00fcnkkor meztelenre kellett vetk\u0151zn\u00fcnk \u00e9s az \u00e1rok legsz\u00e9l\u00e9n felsorakoztattak benn\u00fcnket. Akkor h\u00f3nomb\u00f3l \u00fagy cs\u00f6p\u00f6g\u00f6tt az izzads\u00e1g, mint a rosszul elz\u00e1rt v\u00edzcsapb\u00f3l. Bozen f\u0151\u00fatj\u00e1n is. P\u00e1r pillanat m\u00falva k\u00f6z\u00e9pkor\u00fa f\u00e9rfi t\u0171nt fel: a kiszolg\u00e1l\u00f3 az utols\u00f3 boltb\u00f3l, ahol j\u00e1rtam. \u201eA padl\u00f3n fek\u00fcdt, amikor kiment t\u0151l\u00fcnk\u201d \u2013 mondta lihegve \u00e9s \u00e1tny\u00fajtotta p\u00e9nzt\u00e1rc\u00e1mat. Jutalmat akartam n\u00e9ki adni, de visszautas\u00edtotta. \u201eNem j\u00e1r. K\u00f6teless\u00e9gemet teljes\u00edtem\u201d \u2013 magyar\u00e1zta olaszos n\u00e9mets\u00e9ggel.<\/p>\n<p>Ma kev\u00e9sb\u00e9 ijedtem meg. A k\u00f6zelben nem is l\u00e1ttam falat, melynek nekit\u00e1maszkodhattam volna, csak \u00fat menti cserj\u00e9ket. Majdnem biztos, hogy megtal\u00e1lj\u00e1k a t\u00e1rc\u00e1t, \u00e9s visszakapom. Elv\u00e9gre Kanad\u00e1ban vagyok. Ha nem \u2013 sok j\u00f3 bar\u00e1tomnak telefon\u00e1lhatok Victori\u00e1ba, Vancouverbe, Toront\u00f3ba, Ottaw\u00e1ba. A kellemetlens\u00e9g csak engem \u00e9rt; ki lehet b\u00edrni, ha p\u00e9nz n\u00e9lk\u00fcl maradn\u00e9k is. Tov\u00e1bbi gondolkod\u00e1sra nem jutott id\u0151m, mert Mrs. McN. tizen\u00f6t-tizenhat \u00e9ves fia f\u00e9kezte biciklij\u00e9t mellettem \u00e9s sz\u00e9les mosollyal \u00e1tny\u00fajtotta p\u00e9nzt\u00e1rc\u00e1mat. A jutalmat felk\u00edn\u00e1lni sem maradt id\u0151m, mert vill\u00e1mgyorsan elped\u00e1lozott az \u00f6sv\u00e9nyen.<\/p>\n<p>Az ember, \u00e9vei \u00e9s eml\u00e9kei s\u00faly\u00e1val v\u00e1ll\u00e1n m\u00e1r-m\u00e1r meg\u00e1llapodott abban, hogy ez a vil\u00e1g komisz \u00e9s lelketlen. Azt\u00e1n megjelenik valaki elveszett p\u00e9nzemmel \u00e9s boldog, hogy boldogg\u00e1 tehet. \u00c9s ez m\u00e9g semmi azokhoz k\u00e9pest, akik \u00fcld\u00f6z\u00f6tteket b\u00fajtattak, ami\u00e9rt azonnali agyonl\u00f6v\u00e9s j\u00e1rt, vagy politikai okokb\u00f3l hal\u00e1lra \u00edt\u00e9lteket sz\u00f6ktettek a b\u00f6rt\u00f6nb\u0151l, ruh\u00e1ztak fel \u00e9s rejtegettek.<\/p>\n<hr>\n<p>El\u0151zm\u00e9nyek:&nbsp;&nbsp;<a href=\"https:\/\/ujkafe.website\/?p=76678\"><strong>1. r\u00e9sz<\/strong><\/a>\/&nbsp;<strong><a href=\"https:\/\/ujkafe.website\/?p=76694\">2. r\u00e9sz<\/a>&nbsp;\/&nbsp;<a href=\"https:\/\/ujkafe.website\/?p=76764\">3. r\u00e9sz<\/a>&nbsp;\/<a href=\"https:\/\/ujkafe.website\/?p=76798\">&nbsp;4. r\u00e9sz<\/a>&nbsp;\/<a href=\"https:\/\/ujkafe.website\/?p=76831\">&nbsp;5. r\u00e9sz<\/a>&nbsp;\/<a href=\"https:\/\/ujkafe.website\/?p=76861\">&nbsp;6. r\u00e9sz<\/a>&nbsp;\/&nbsp;<a href=\"https:\/\/ujkafe.website\/?p=76888\">7. r\u00e9sz<\/a>&nbsp;\/<a href=\"https:\/\/ujkafe.website\/?p=76912\">&nbsp;8. r\u00e9sz<\/a>&nbsp;\/&nbsp;<a href=\"https:\/\/ujkafe.website\/?p=76939\">9. r\u00e9sz&nbsp;<\/a>\/&nbsp;<a href=\"https:\/\/ujkafe.website\/?p=76968\">10. r\u00e9sz&nbsp;<\/a>\/&nbsp;<a href=\"https:\/\/ujkafe.website\/?p=77011\">11. r\u00e9sz<\/a>&nbsp;\/&nbsp;<a href=\"https:\/\/ujkafe.website\/?p=77041\">12. r\u00e9sz<\/a>&nbsp;\/<a href=\"https:\/\/ujkafe.website\/?p=77100\">&nbsp;13. r\u00e9sz<\/a>&nbsp;\/&nbsp;<a href=\"https:\/\/ujkafe.website\/?p=77158\">14. r\u00e9sz<\/a>&nbsp;\/<a href=\"https:\/\/ujkafe.website\/?p=77240\">&nbsp;15. r\u00e9sz<\/a>&nbsp;\/<a href=\"https:\/\/ujkafe.website\/?p=77286\">&nbsp;16. r\u00e9sz<\/a>&nbsp;\/&nbsp;<a href=\"https:\/\/ujkafe.website\/?p=77335\">17. r\u00e9sz&nbsp;<\/a>\/&nbsp;<a href=\"https:\/\/ujkafe.website\/?p=77469\">18. r\u00e9sz<\/a>&nbsp;\/ <a href=\"https:\/\/ujkafe.website\/?p=77532\">19. r\u00e9sz<\/a> \/<\/strong><\/p>\n","protected":false},"excerpt":{"rendered":"<p>1987. j\u00fanius 12. (I) Ma reggel megtettem a negyven perces s\u00e9t\u00e1t a z\u00f6lds\u00e9g\u00fczletbe, \u00e9s hazafel\u00e9 menet a kit\u0171n\u0151 kanadai csokol\u00e1d\u00e9t harapd\u00e1ltam, mely minden j\u00f3 \u00edze mellett \u00fagy fogadja a fogak nyom\u00e1s\u00e1t, minta ez\u00fcstpap\u00edr volna. Ott, \u00fatk\u00f6zben \u00e9rt a d\u00e9ja vu \u00e9lm\u00e9nye. Hirtelen \u00e9szrevettem, hogy hi\u00e1nyzik a p\u00e9nzt\u00e1rc\u00e1m, a k\u00f6vetkez\u0151 hetekre sz\u00f3l\u00f3, minden p\u00e9nzemmel egy\u00fctt.<\/p>\n","protected":false},"author":3,"featured_media":0,"comment_status":"open","ping_status":"open","sticky":false,"template":"","format":"standard","meta":{"_monsterinsights_skip_tracking":false,"_monsterinsights_sitenote_active":false,"_monsterinsights_sitenote_note":"","_monsterinsights_sitenote_category":0,"ngg_post_thumbnail":0,"footnotes":""},"categories":[120],"tags":[],"class_list":["post-77606","post","type-post","status-publish","format-standard","hentry","category-essze"],"_links":{"self":[{"href":"https:\/\/ujkafe.website\/index.php?rest_route=\/wp\/v2\/posts\/77606","targetHints":{"allow":["GET"]}}],"collection":[{"href":"https:\/\/ujkafe.website\/index.php?rest_route=\/wp\/v2\/posts"}],"about":[{"href":"https:\/\/ujkafe.website\/index.php?rest_route=\/wp\/v2\/types\/post"}],"author":[{"embeddable":true,"href":"https:\/\/ujkafe.website\/index.php?rest_route=\/wp\/v2\/users\/3"}],"replies":[{"embeddable":true,"href":"https:\/\/ujkafe.website\/index.php?rest_route=%2Fwp%2Fv2%2Fcomments&post=77606"}],"version-history":[{"count":0,"href":"https:\/\/ujkafe.website\/index.php?rest_route=\/wp\/v2\/posts\/77606\/revisions"}],"wp:attachment":[{"href":"https:\/\/ujkafe.website\/index.php?rest_route=%2Fwp%2Fv2%2Fmedia&parent=77606"}],"wp:term":[{"taxonomy":"category","embeddable":true,"href":"https:\/\/ujkafe.website\/index.php?rest_route=%2Fwp%2Fv2%2Fcategories&post=77606"},{"taxonomy":"post_tag","embeddable":true,"href":"https:\/\/ujkafe.website\/index.php?rest_route=%2Fwp%2Fv2%2Ftags&post=77606"}],"curies":[{"name":"wp","href":"https:\/\/api.w.org\/{rel}","templated":true}]}}