
{"id":77838,"date":"2018-09-07T02:51:59","date_gmt":"2018-09-07T02:51:59","guid":{"rendered":"https:\/\/ujkafe.website\/?p=77838"},"modified":"2018-09-06T14:09:51","modified_gmt":"2018-09-06T14:09:51","slug":"faludy-gyorgy-es-az-esoerdo-23","status":"publish","type":"post","link":"https:\/\/ujkafe.website\/?p=77838","title":{"rendered":"Faludy Gy\u00f6rgy \u00e9s az es\u0151erd\u0151 (23)"},"content":{"rendered":"<h2><strong>1987. j\u00fanius 15.<\/strong><\/h2>\n<p>Mintegy m\u00e9rf\u00f6ldnyire kunyh\u00f3mt\u00f3l kicsiny, m\u00e9zeskal\u00e1csszer\u0171 mesebeli h\u00e1z \u00e1ll. Fiatal p\u00e1r lakik benne, aranyhaj\u00fa kisl\u00e1nyukkal. A h\u00e1zat maguk \u00e9p\u00edtett\u00e9k \u00f3ri\u00e1si, mohos t\u00f6lgyfa alj\u00e1ban. A h\u00e1z d\u00e9li oldal\u00e1n sz\u00e9pen \u00e1polt vir\u00e1g\u00e1gy, ink\u00e1bb vir\u00e1gmez\u0151, nagy kert, kis somfa. A fiatalokat hippiknek is nevezhetn\u00e9m, de hozz\u00e1 kell tennem, hogy a hippik \u00fajabb, jav\u00edtott \u00e9s kifinomult v\u00e1ltozat\u00e1t k\u00e9pviselik.<!--more--> Cser\u00e9be egy szimpl\u00e1bb \u00e9s nyugodtabb \u00e9let\u00e9rt, b\u00facs\u00fat mondtak a k\u00f6z\u00e9poszt\u00e1ly \u00e9letform\u00e1j\u00e1nak, ig\u00e9nyeinek \u00e9s aspir\u00e1ci\u00f3inak. A fiatalember lovon j\u00e1r a boltba meg a t\u00e1voli v\u00e1rosk\u00e1ba. Maga kap\u00e1lja \u00e9s \u00f6nt\u00f6zi kertj\u00e9t \u00e9s nagy, sz\u00e9p sz\u00f6v\u0151sz\u00e9ket fabrik\u00e1lt. Amikor n\u00e1luk j\u00e1rtam, a h\u00e1zuk el\u0151tti asztaln\u00e1l \u00fclt\u00fcnk \u00e9s kamillate\u00e1t ittunk. T\u00e1rsalg\u00e1s k\u00f6zben meg\u00e1llap\u00edtottam, hogy mindh\u00e1rman sz\u00f6v\u0151sz\u00e9ken k\u00e9sz\u00fclt ruh\u00e1kban j\u00e1rnak. Magasabb szellemi ig\u00e9nyeket, \u00fagy vettem \u00e9szre, nem fejlesztettek ki; de minek is fejlesztettek volna?<\/p>\n<p>J\u00f3 \u00e9s sz\u00e9p, hogy itt Kanad\u00e1ban mindenki azt csin\u00e1lhat \u00e9let\u00e9vel, amit akar, \u00e9s ehhez jelent\u0151s p\u00e9nz\u00f6sszegre sincs sz\u00fcks\u00e9ge. Amikor azonban a vegyeskeresked\u00e9s tulajdonos\u00e1nak, Mrs. McN.-nek megeml\u00edtettem a m\u00e9zeskal\u00e1csos h\u00e1z lak\u00f3it, enyhe rosszall\u00e1ssal nyilatkozott r\u00f3luk. Kor\u00e1ntsem \u00e9lesen; olyasmi itt nem szok\u00e1sos. Egy fiatal f\u00e9rfi, aki v\u00e1s\u00e1rl\u00e1s\u00e1t \u00e9ppen \u00e1tvette \u00e9s akit m\u00e9g nem l\u00e1ttam, az ajt\u00f3b\u00f3l m\u00e9g visszafordult: \u201eFurcsa emberek! A val\u00f3s\u00e1g el\u0151l homokba dugj\u00e1k a fej\u00fcket!\u201d<\/p>\n<p>Az illet\u0151, aki a megjegyz\u00e9st tette, ejt\u0151erny\u0151s overallt viselt sz\u00e1z sz\u00e1zal\u00e9k akrilb\u00f3l. Aligha k\u00e9tes, hogy inge, als\u00f3nem\u0171je \u00e9s zoknija nylonb\u00f3l, vagy ann\u00e1l is j\u00f3val modernebb anyagb\u00f3l k\u00e9sz\u00fclt. Test\u00e9n egyetlen milligrammot sem hordott olyan mat\u00e9ri\u00e1b\u00f3l, melyet Term\u00e9szet any\u00e1nk a mag\u00e1\u00e9nak vallhatott volna. Kint belefek\u00fcdt hossz\u00fa versenykocsij\u00e1ba \u00e9s elviharzott. Hatalmas benzinfelh\u0151t hagyott maga m\u00f6g\u00f6tt. Kis darabk\u00e1j\u00e1t annak a benzinfelh\u0151nek, mely lassan, de biztosan puszt\u00edtja el a f\u00f6ldet, a vizeket \u00e9s az erd\u0151t k\u00f6r\u00f6ttem.<\/p>\n<p>Ahogy a f\u00fcstfelh\u0151 ut\u00e1n b\u00e1multam, feltettem magamnak a retorikus k\u00e9rd\u00e9st: vajjon kevesebb k\u00f6ze van-e az eleven l\u00f3nak a val\u00f3s\u00e1ghoz, mint a f\u00e9mb\u0151l, \u00fcvegb\u0151l \u00e9s vinilb\u0151l \u00f6sszeeszk\u00e1b\u00e1lt aut\u00f3nak? \u00c9s vajjon jelen t\u00e1rsadalmunk, mely konzervben, b\u00fatorban, ruh\u00e1ban, \u00e9p\u00edtkez\u00e9sben, k\u00f6zleked\u00e9sben, szinte mindenben t\u00f6bbre tartja a mesters\u00e9geset az elevenn\u00e9l, k\u00f6zelebb ker\u00fclt-e a val\u00f3s\u00e1ghoz, mint a r\u00e9giek, akik elborzadtak mindent\u0151l, ami nem \u00e9l\u0151?<\/p>\n<hr>\n<p>El\u0151zm\u00e9nyek:&nbsp;&nbsp;<a href=\"https:\/\/ujkafe.website\/?p=76678\"><strong>1. r\u00e9sz<\/strong><\/a>\/&nbsp;<strong><a href=\"https:\/\/ujkafe.website\/?p=76694\">2. r\u00e9sz<\/a>&nbsp;\/&nbsp;<a href=\"https:\/\/ujkafe.website\/?p=76764\">3. r\u00e9sz<\/a>&nbsp;\/<a href=\"https:\/\/ujkafe.website\/?p=76798\">&nbsp;4. r\u00e9sz<\/a>&nbsp;\/<a href=\"https:\/\/ujkafe.website\/?p=76831\">&nbsp;5. r\u00e9sz<\/a>&nbsp;\/<a href=\"https:\/\/ujkafe.website\/?p=76861\">&nbsp;6. r\u00e9sz<\/a>&nbsp;\/&nbsp;<a href=\"https:\/\/ujkafe.website\/?p=76888\">7. r\u00e9sz<\/a>&nbsp;\/<a href=\"https:\/\/ujkafe.website\/?p=76912\">&nbsp;8. r\u00e9sz<\/a>&nbsp;\/&nbsp;<a href=\"https:\/\/ujkafe.website\/?p=76939\">9. r\u00e9sz&nbsp;<\/a>\/&nbsp;<a href=\"https:\/\/ujkafe.website\/?p=76968\">10. r\u00e9sz&nbsp;<\/a>\/&nbsp;<a href=\"https:\/\/ujkafe.website\/?p=77011\">11. r\u00e9sz<\/a>&nbsp;\/&nbsp;<a href=\"https:\/\/ujkafe.website\/?p=77041\">12. r\u00e9sz<\/a>&nbsp;\/<a href=\"https:\/\/ujkafe.website\/?p=77100\">&nbsp;13. r\u00e9sz<\/a>&nbsp;\/&nbsp;<a href=\"https:\/\/ujkafe.website\/?p=77158\">14. r\u00e9sz<\/a>&nbsp;\/<a href=\"https:\/\/ujkafe.website\/?p=77240\">&nbsp;15. r\u00e9sz<\/a>&nbsp;\/<a href=\"https:\/\/ujkafe.website\/?p=77286\">&nbsp;16. r\u00e9sz<\/a>&nbsp;\/&nbsp;<a href=\"https:\/\/ujkafe.website\/?p=77335\">17. r\u00e9sz&nbsp;<\/a>\/&nbsp;<a href=\"https:\/\/ujkafe.website\/?p=77469\">18. r\u00e9sz<\/a>&nbsp;\/&nbsp;<a href=\"https:\/\/ujkafe.website\/?p=77532\">19. r\u00e9sz<\/a>&nbsp;\/<a href=\"https:\/\/ujkafe.website\/?p=77606\">&nbsp;20. r\u00e9sz&nbsp;<\/a>\/<a href=\"https:\/\/ujkafe.website\/?p=77672\">&nbsp;21. r\u00e9sz<\/a>&nbsp;\/ 22. r\u00e9sz \/&nbsp;<\/strong><\/p>\n","protected":false},"excerpt":{"rendered":"<p>1987. j\u00fanius 15. Mintegy m\u00e9rf\u00f6ldnyire kunyh\u00f3mt\u00f3l kicsiny, m\u00e9zeskal\u00e1csszer\u0171 mesebeli h\u00e1z \u00e1ll. Fiatal p\u00e1r lakik benne, aranyhaj\u00fa kisl\u00e1nyukkal. A h\u00e1zat maguk \u00e9p\u00edtett\u00e9k \u00f3ri\u00e1si, mohos t\u00f6lgyfa alj\u00e1ban. A h\u00e1z d\u00e9li oldal\u00e1n sz\u00e9pen \u00e1polt vir\u00e1g\u00e1gy, ink\u00e1bb vir\u00e1gmez\u0151, nagy kert, kis somfa. A fiatalokat hippiknek is nevezhetn\u00e9m, de hozz\u00e1 kell tennem, hogy a hippik \u00fajabb, jav\u00edtott \u00e9s kifinomult v\u00e1ltozat\u00e1t [&hellip;]<\/p>\n","protected":false},"author":3,"featured_media":0,"comment_status":"open","ping_status":"open","sticky":false,"template":"","format":"standard","meta":{"_monsterinsights_skip_tracking":false,"_monsterinsights_sitenote_active":false,"_monsterinsights_sitenote_note":"","_monsterinsights_sitenote_category":0,"ngg_post_thumbnail":0,"footnotes":""},"categories":[120],"tags":[],"class_list":["post-77838","post","type-post","status-publish","format-standard","hentry","category-essze"],"_links":{"self":[{"href":"https:\/\/ujkafe.website\/index.php?rest_route=\/wp\/v2\/posts\/77838","targetHints":{"allow":["GET"]}}],"collection":[{"href":"https:\/\/ujkafe.website\/index.php?rest_route=\/wp\/v2\/posts"}],"about":[{"href":"https:\/\/ujkafe.website\/index.php?rest_route=\/wp\/v2\/types\/post"}],"author":[{"embeddable":true,"href":"https:\/\/ujkafe.website\/index.php?rest_route=\/wp\/v2\/users\/3"}],"replies":[{"embeddable":true,"href":"https:\/\/ujkafe.website\/index.php?rest_route=%2Fwp%2Fv2%2Fcomments&post=77838"}],"version-history":[{"count":0,"href":"https:\/\/ujkafe.website\/index.php?rest_route=\/wp\/v2\/posts\/77838\/revisions"}],"wp:attachment":[{"href":"https:\/\/ujkafe.website\/index.php?rest_route=%2Fwp%2Fv2%2Fmedia&parent=77838"}],"wp:term":[{"taxonomy":"category","embeddable":true,"href":"https:\/\/ujkafe.website\/index.php?rest_route=%2Fwp%2Fv2%2Fcategories&post=77838"},{"taxonomy":"post_tag","embeddable":true,"href":"https:\/\/ujkafe.website\/index.php?rest_route=%2Fwp%2Fv2%2Ftags&post=77838"}],"curies":[{"name":"wp","href":"https:\/\/api.w.org\/{rel}","templated":true}]}}