
{"id":77915,"date":"2018-09-09T02:56:56","date_gmt":"2018-09-09T02:56:56","guid":{"rendered":"https:\/\/ujkafe.website\/?p=77915"},"modified":"2018-09-08T14:13:22","modified_gmt":"2018-09-08T14:13:22","slug":"faludy-gyorgy-es-az-esoerdo-24","status":"publish","type":"post","link":"https:\/\/ujkafe.website\/?p=77915","title":{"rendered":"Faludy Gy\u00f6rgy \u00e9s az es\u0151erd\u0151 (24)"},"content":{"rendered":"<h2><strong>1987. j\u00fanius 19. (I)<\/strong><\/h2>\n<p>Vancouvert h\u00edvtam fel a vegyeskeresked\u00e9s el\u0151tti telefonf\u00fclk\u00e9b\u0151l ma d\u00e9lel\u0151tt \u00e9s hangokat, cseng\u00e9st, recseg\u00e9s-ropog\u00e1st hallottam a kagyl\u00f3ban. Eg\u00e9sz \u00e9letemen \u00e1t, valah\u00e1nyszor csak telefont haszn\u00e1ltam, azon j\u00e1rt a fejem: lehallgatj\u00e1k-e ezt a besz\u00e9lget\u00e9semet, vagy sem? Egy \u00e9jszaka, 1956 augusztus\u00e1ban P\u00e1l\u00f3czi-Horv\u00e1th Gy\u00f6rgy bar\u00e1tom h\u00edvott fel: \u201eJ\u00f3 meg rossz h\u00edrem van sz\u00e1modra, Gyurka.<!--more--> Most \u00e9rtes\u00fcltem, hogy a ruszkik kir\u00fagt\u00e1k R\u00e1kosit. Ez a j\u00f3 h\u00edr. A rossz h\u00edr, hogy Ger\u0151 Ern\u0151t, Barcelona m\u00e9sz\u00e1ros\u00e1t \u00fcltett\u00e9k R\u00e1kosi hely\u00e9re.\u201d Ezut\u00e1n hosszabb politikai besz\u00e9lget\u00e9sbe kezdt\u00fcnk \u00e9s \u00e9ppen R\u00e1kosi anyj\u00e1t szidalmaztuk, mikor n\u0151i hang v\u00e1gott szavunkba hideg udvariass\u00e1ggal: \u201eSz\u00edveskedjenek lassabban besz\u00e9lni. Nem gy\u0151z\u00f6m \u00edrni.\u201d A titkosrend\u0151rs\u00e9g a legritk\u00e1bb esetben hozta jelenl\u00e9t\u00e9t az ember tudom\u00e1s\u00e1ra, \u00e9s most, ahogy ezt meg\u00edrom, k\u00e9ts\u00e9geim t\u00e1madnak, nem csal-e eml\u00e9kezetem? M\u00e1r \u00e9ppen ki akartam h\u00fazni ezt a passzust, mikor eszembe jutott, hogy a besz\u00e9lget\u00e9st \u00e9s a gyors\u00edr\u00f3n\u0151 sir\u00e1m\u00e1t P\u00e1l\u00f3czi-Horv\u00e1th Gy\u00f6rgy bar\u00e1tom is feljegyezte angol nyelven megjelent eml\u00e9kirataiban. Volt ebben valami \u00f6rvendetes, s\u0151t nevetnival\u00f3, hogy ellens\u00e9geink m\u00e9g gyors\u00edr\u00e1sban k\u00f6vetik besz\u00e9lget\u00e9s\u00fcnket, vagyis technik\u00e1jukkal a XIX. sz\u00e1zad legv\u00e9g\u00e9n tartanak.<\/p>\n<hr>\n<p>El\u0151zm\u00e9nyek:&nbsp;&nbsp;<a href=\"https:\/\/ujkafe.website\/?p=76678\"><strong>1. r\u00e9sz<\/strong><\/a>\/&nbsp;<strong><a href=\"https:\/\/ujkafe.website\/?p=76694\">2. r\u00e9sz<\/a>&nbsp;\/&nbsp;<a href=\"https:\/\/ujkafe.website\/?p=76764\">3. r\u00e9sz<\/a>&nbsp;\/<a href=\"https:\/\/ujkafe.website\/?p=76798\">&nbsp;4. r\u00e9sz<\/a>&nbsp;\/<a href=\"https:\/\/ujkafe.website\/?p=76831\">&nbsp;5. r\u00e9sz<\/a>&nbsp;\/<a href=\"https:\/\/ujkafe.website\/?p=76861\">&nbsp;6. r\u00e9sz<\/a>&nbsp;\/&nbsp;<a href=\"https:\/\/ujkafe.website\/?p=76888\">7. r\u00e9sz<\/a>&nbsp;\/<a href=\"https:\/\/ujkafe.website\/?p=76912\">&nbsp;8. r\u00e9sz<\/a>&nbsp;\/&nbsp;<a href=\"https:\/\/ujkafe.website\/?p=76939\">9. r\u00e9sz&nbsp;<\/a>\/&nbsp;<a href=\"https:\/\/ujkafe.website\/?p=76968\">10. r\u00e9sz&nbsp;<\/a>\/&nbsp;<a href=\"https:\/\/ujkafe.website\/?p=77011\">11. r\u00e9sz<\/a>&nbsp;\/&nbsp;<a href=\"https:\/\/ujkafe.website\/?p=77041\">12. r\u00e9sz<\/a>&nbsp;\/<a href=\"https:\/\/ujkafe.website\/?p=77100\">&nbsp;13. r\u00e9sz<\/a>&nbsp;\/&nbsp;<a href=\"https:\/\/ujkafe.website\/?p=77158\">14. r\u00e9sz<\/a>&nbsp;\/<a href=\"https:\/\/ujkafe.website\/?p=77240\">&nbsp;15. r\u00e9sz<\/a>&nbsp;\/<a href=\"https:\/\/ujkafe.website\/?p=77286\">&nbsp;16. r\u00e9sz<\/a>&nbsp;\/&nbsp;<a href=\"https:\/\/ujkafe.website\/?p=77335\">17. r\u00e9sz&nbsp;<\/a>\/&nbsp;<a href=\"https:\/\/ujkafe.website\/?p=77469\">18. r\u00e9sz<\/a>&nbsp;\/&nbsp;<a href=\"https:\/\/ujkafe.website\/?p=77532\">19. r\u00e9sz<\/a>&nbsp;\/<a href=\"https:\/\/ujkafe.website\/?p=77606\">&nbsp;20. r\u00e9sz&nbsp;<\/a>\/<a href=\"https:\/\/ujkafe.website\/?p=77672\">&nbsp;21. r\u00e9sz<\/a>&nbsp;\/ <a href=\"https:\/\/ujkafe.website\/?p=77753\">22. r\u00e9sz<\/a> \/ <a href=\"https:\/\/ujkafe.website\/?p=77838\">23. r\u00e9sz<\/a> \/<\/strong><\/p>\n","protected":false},"excerpt":{"rendered":"<p>1987. j\u00fanius 19. (I) Vancouvert h\u00edvtam fel a vegyeskeresked\u00e9s el\u0151tti telefonf\u00fclk\u00e9b\u0151l ma d\u00e9lel\u0151tt \u00e9s hangokat, cseng\u00e9st, recseg\u00e9s-ropog\u00e1st hallottam a kagyl\u00f3ban. Eg\u00e9sz \u00e9letemen \u00e1t, valah\u00e1nyszor csak telefont haszn\u00e1ltam, azon j\u00e1rt a fejem: lehallgatj\u00e1k-e ezt a besz\u00e9lget\u00e9semet, vagy sem? Egy \u00e9jszaka, 1956 augusztus\u00e1ban P\u00e1l\u00f3czi-Horv\u00e1th Gy\u00f6rgy bar\u00e1tom h\u00edvott fel: \u201eJ\u00f3 meg rossz h\u00edrem van sz\u00e1modra, Gyurka.<\/p>\n","protected":false},"author":3,"featured_media":0,"comment_status":"open","ping_status":"open","sticky":false,"template":"","format":"standard","meta":{"_monsterinsights_skip_tracking":false,"_monsterinsights_sitenote_active":false,"_monsterinsights_sitenote_note":"","_monsterinsights_sitenote_category":0,"ngg_post_thumbnail":0,"footnotes":""},"categories":[120],"tags":[],"class_list":["post-77915","post","type-post","status-publish","format-standard","hentry","category-essze"],"_links":{"self":[{"href":"https:\/\/ujkafe.website\/index.php?rest_route=\/wp\/v2\/posts\/77915","targetHints":{"allow":["GET"]}}],"collection":[{"href":"https:\/\/ujkafe.website\/index.php?rest_route=\/wp\/v2\/posts"}],"about":[{"href":"https:\/\/ujkafe.website\/index.php?rest_route=\/wp\/v2\/types\/post"}],"author":[{"embeddable":true,"href":"https:\/\/ujkafe.website\/index.php?rest_route=\/wp\/v2\/users\/3"}],"replies":[{"embeddable":true,"href":"https:\/\/ujkafe.website\/index.php?rest_route=%2Fwp%2Fv2%2Fcomments&post=77915"}],"version-history":[{"count":0,"href":"https:\/\/ujkafe.website\/index.php?rest_route=\/wp\/v2\/posts\/77915\/revisions"}],"wp:attachment":[{"href":"https:\/\/ujkafe.website\/index.php?rest_route=%2Fwp%2Fv2%2Fmedia&parent=77915"}],"wp:term":[{"taxonomy":"category","embeddable":true,"href":"https:\/\/ujkafe.website\/index.php?rest_route=%2Fwp%2Fv2%2Fcategories&post=77915"},{"taxonomy":"post_tag","embeddable":true,"href":"https:\/\/ujkafe.website\/index.php?rest_route=%2Fwp%2Fv2%2Ftags&post=77915"}],"curies":[{"name":"wp","href":"https:\/\/api.w.org\/{rel}","templated":true}]}}