
{"id":77980,"date":"2018-09-11T02:58:34","date_gmt":"2018-09-11T02:58:34","guid":{"rendered":"https:\/\/ujkafe.website\/?p=77980"},"modified":"2018-09-10T14:13:47","modified_gmt":"2018-09-10T14:13:47","slug":"faludy-gyorgy-es-az-esoerdo-25","status":"publish","type":"post","link":"https:\/\/ujkafe.website\/?p=77980","title":{"rendered":"Faludy Gy\u00f6rgy \u00e9s az es\u0151erd\u0151 (25)"},"content":{"rendered":"<h2><strong>1987. j\u00fanius 19. (II)<\/strong><\/h2>\n<p>Great Moments in Photo Journalism (A h\u00edrlapi f\u00e9nyk\u00e9pez\u00e9s nagy pillanatai) \u2013 ez a k\u00f6nyv kellemetlen\u00fcl hivalg\u00f3 c\u00edme. Az Egyes\u00fclt \u00c1llamokban jelent meg \u00e9s f\u00e9nyk\u00e9peket k\u00f6z\u00f6l az ut\u00f3bbi \u00e9vtizedek legh\u00edresebb csat\u00e1ir\u00f3l, gyilkoss\u00e1gair\u00f3l, forradalmair\u00f3l. Most l\u00e1ttam el\u0151sz\u00f6r a magyar forradalomr\u00f3l k\u00e9sz\u00fclt nyugati f\u00e9nyk\u00e9peket. Reszkettem a haragt\u00f3l \u00e9s sz\u00e9gyent\u0151l.<!--more--> Ezeket a f\u00e9nyk\u00e9peket k\u00f6z\u00f6lt\u00e9k Nyugaton, an\u00e9lk\u00fcl, hogy az arcokat retus\u00e1lt\u00e1k vagy a szemeket fekete maszkkal fedt\u00e9k volna. Baromi tudatlans\u00e1gb\u00f3l? Besti\u00e1lis k\u00f6z\u00f6nyb\u0151l? Egyre megy. A f\u00e9nyk\u00e9p\u00e9sz-riporter csak ahhoz ragaszkodott, hogy felv\u00e9teleit j\u00f3 p\u00e9nz\u00e9rt eladja a Life-nak vagy a Paris Match-nak. A k\u00e9pekr\u0151l azt\u00e1n az \u00e1v\u00f3sok r\u00e1ismertek az emberekre \u00e9s t\u00f6bbet k\u00f6z\u00fcl\u00fck felakasztottak.<\/p>\n<p>Ugyanez a k\u00f6nyv f\u00e9nyk\u00e9pet k\u00f6z\u00f6l egy ijedt arc\u00fa, de nagyon der\u00e9k keletn\u00e9met hat\u00e1r\u0151rr\u0151l, aki felemeli a k\u00e9t orsz\u00e1gr\u00e9szt elv\u00e1laszt\u00f3 sz\u00f6gesdr\u00f3t egy m\u00e9ternyi darabj\u00e1t, \u00e9s a r\u00e9sen \u00e1t kisgyermek b\u00fajik ki Nyugatra. \u00dagy tudom, ez a f\u00e9nyk\u00e9p volt az egyetlen bizony\u00edt\u00e9k a hat\u00e1r\u0151r ellen, amikor hal\u00e1lra \u00edt\u00e9lt\u00e9k. Lehet, hogy \u00e9letfogytiglanra kegyelmeztek n\u00e9ki; akkor m\u00e9g most is r\u00e1cs m\u00f6g\u00f6tt \u00fcl. A f\u00e9nyk\u00e9p\u00e9sz k\u00e9ts\u00e9gtelen\u00fcl ismerte b\u0171ne s\u00faly\u00e1t \u00e9s nagys\u00e1g\u00e1t, mert nev\u00e9t nem k\u00f6z\u00f6ltette a f\u00e9nyk\u00e9p alatt. Csak a p\u00e9nzt vette fel, a dics\u0151s\u00e9gre nem tartott sz\u00e1mot.<\/p>\n<hr>\n<p>El\u0151zm\u00e9nyek:&nbsp;&nbsp;<a href=\"https:\/\/ujkafe.website\/?p=76678\"><strong>1. r\u00e9sz<\/strong><\/a>\/&nbsp;<strong><a href=\"https:\/\/ujkafe.website\/?p=76694\">2. r\u00e9sz<\/a>&nbsp;\/&nbsp;<a href=\"https:\/\/ujkafe.website\/?p=76764\">3. r\u00e9sz<\/a>&nbsp;\/<a href=\"https:\/\/ujkafe.website\/?p=76798\">&nbsp;4. r\u00e9sz<\/a>&nbsp;\/<a href=\"https:\/\/ujkafe.website\/?p=76831\">&nbsp;5. r\u00e9sz<\/a>&nbsp;\/<a href=\"https:\/\/ujkafe.website\/?p=76861\">&nbsp;6. r\u00e9sz<\/a>&nbsp;\/&nbsp;<a href=\"https:\/\/ujkafe.website\/?p=76888\">7. r\u00e9sz<\/a>&nbsp;\/<a href=\"https:\/\/ujkafe.website\/?p=76912\">&nbsp;8. r\u00e9sz<\/a>&nbsp;\/&nbsp;<a href=\"https:\/\/ujkafe.website\/?p=76939\">9. r\u00e9sz&nbsp;<\/a>\/&nbsp;<a href=\"https:\/\/ujkafe.website\/?p=76968\">10. r\u00e9sz&nbsp;<\/a>\/&nbsp;<a href=\"https:\/\/ujkafe.website\/?p=77011\">11. r\u00e9sz<\/a>&nbsp;\/&nbsp;<a href=\"https:\/\/ujkafe.website\/?p=77041\">12. r\u00e9sz<\/a>&nbsp;\/<a href=\"https:\/\/ujkafe.website\/?p=77100\">&nbsp;13. r\u00e9sz<\/a>&nbsp;\/&nbsp;<a href=\"https:\/\/ujkafe.website\/?p=77158\">14. r\u00e9sz<\/a>&nbsp;\/<a href=\"https:\/\/ujkafe.website\/?p=77240\">&nbsp;15. r\u00e9sz<\/a>&nbsp;\/<a href=\"https:\/\/ujkafe.website\/?p=77286\">&nbsp;16. r\u00e9sz<\/a>&nbsp;\/&nbsp;<a href=\"https:\/\/ujkafe.website\/?p=77335\">17. r\u00e9sz&nbsp;<\/a>\/&nbsp;<a href=\"https:\/\/ujkafe.website\/?p=77469\">18. r\u00e9sz<\/a>&nbsp;\/&nbsp;<a href=\"https:\/\/ujkafe.website\/?p=77532\">19. r\u00e9sz<\/a>&nbsp;\/<a href=\"https:\/\/ujkafe.website\/?p=77606\">&nbsp;20. r\u00e9sz&nbsp;<\/a>\/<a href=\"https:\/\/ujkafe.website\/?p=77672\">&nbsp;21. r\u00e9sz<\/a>&nbsp;\/&nbsp;<a href=\"https:\/\/ujkafe.website\/?p=77753\">22. r\u00e9sz<\/a>&nbsp;\/&nbsp;<a href=\"https:\/\/ujkafe.website\/?p=77838\">23. r\u00e9sz<\/a>&nbsp;\/ <a href=\"https:\/\/ujkafe.website\/?p=77915\">24. r\u00e9sz <\/a>\/&nbsp;<\/strong><\/p>\n","protected":false},"excerpt":{"rendered":"<p>1987. j\u00fanius 19. (II) Great Moments in Photo Journalism (A h\u00edrlapi f\u00e9nyk\u00e9pez\u00e9s nagy pillanatai) \u2013 ez a k\u00f6nyv kellemetlen\u00fcl hivalg\u00f3 c\u00edme. Az Egyes\u00fclt \u00c1llamokban jelent meg \u00e9s f\u00e9nyk\u00e9peket k\u00f6z\u00f6l az ut\u00f3bbi \u00e9vtizedek legh\u00edresebb csat\u00e1ir\u00f3l, gyilkoss\u00e1gair\u00f3l, forradalmair\u00f3l. Most l\u00e1ttam el\u0151sz\u00f6r a magyar forradalomr\u00f3l k\u00e9sz\u00fclt nyugati f\u00e9nyk\u00e9peket. Reszkettem a haragt\u00f3l \u00e9s sz\u00e9gyent\u0151l.<\/p>\n","protected":false},"author":3,"featured_media":0,"comment_status":"open","ping_status":"open","sticky":false,"template":"","format":"standard","meta":{"_monsterinsights_skip_tracking":false,"_monsterinsights_sitenote_active":false,"_monsterinsights_sitenote_note":"","_monsterinsights_sitenote_category":0,"ngg_post_thumbnail":0,"footnotes":""},"categories":[120],"tags":[],"class_list":["post-77980","post","type-post","status-publish","format-standard","hentry","category-essze"],"_links":{"self":[{"href":"https:\/\/ujkafe.website\/index.php?rest_route=\/wp\/v2\/posts\/77980","targetHints":{"allow":["GET"]}}],"collection":[{"href":"https:\/\/ujkafe.website\/index.php?rest_route=\/wp\/v2\/posts"}],"about":[{"href":"https:\/\/ujkafe.website\/index.php?rest_route=\/wp\/v2\/types\/post"}],"author":[{"embeddable":true,"href":"https:\/\/ujkafe.website\/index.php?rest_route=\/wp\/v2\/users\/3"}],"replies":[{"embeddable":true,"href":"https:\/\/ujkafe.website\/index.php?rest_route=%2Fwp%2Fv2%2Fcomments&post=77980"}],"version-history":[{"count":0,"href":"https:\/\/ujkafe.website\/index.php?rest_route=\/wp\/v2\/posts\/77980\/revisions"}],"wp:attachment":[{"href":"https:\/\/ujkafe.website\/index.php?rest_route=%2Fwp%2Fv2%2Fmedia&parent=77980"}],"wp:term":[{"taxonomy":"category","embeddable":true,"href":"https:\/\/ujkafe.website\/index.php?rest_route=%2Fwp%2Fv2%2Fcategories&post=77980"},{"taxonomy":"post_tag","embeddable":true,"href":"https:\/\/ujkafe.website\/index.php?rest_route=%2Fwp%2Fv2%2Ftags&post=77980"}],"curies":[{"name":"wp","href":"https:\/\/api.w.org\/{rel}","templated":true}]}}