
{"id":78256,"date":"2018-09-21T02:53:47","date_gmt":"2018-09-21T02:53:47","guid":{"rendered":"https:\/\/ujkafe.website\/?p=78256"},"modified":"2018-09-20T10:52:48","modified_gmt":"2018-09-20T10:52:48","slug":"faludy-gyorgy-es-az-esoerdo-28","status":"publish","type":"post","link":"https:\/\/ujkafe.website\/?p=78256","title":{"rendered":"Faludy Gy\u00f6rgy \u00e9s az es\u0151erd\u0151 (28)"},"content":{"rendered":"<h2><strong>1987. j\u00fanius 22.<\/strong><\/h2>\n<p>M\u00e9g mindig f\u00e1j a fejem. Folytatom a jegyzetek m\u00e1sol\u00e1s\u00e1t:<\/p>\n<p>*<\/p>\n<p>Mi\u00e9rt szeretem a madarakat? Mert az ember mellett az egyetlen \u00e9l\u0151l\u00e9nyek, melyek j\u00f3kedv\u00fckben f\u00fcty\u00fclnek \u00e9s \u00e9nekelnek.<\/p>\n<p>*<\/p>\n<p>Sz\u00e1mos angol n\u0151vel \u00e9s f\u00e9rfival ismerkedtem meg, akik otthagyt\u00e1k haz\u00e1jukat, mert nem b\u00edrt\u00e1k a brit el\u0151\u00edt\u00e9leteket. Letelepedtek k\u00fclf\u00f6ld\u00f6n \u00e9s az ottani \u201ebennsz\u00fcl\u00f6ttek\u201d ellen ugyanazokat az el\u0151\u00edt\u00e9leteket hangoztatj\u00e1k, melyek miatt Angli\u00e1b\u00f3l elmenek\u00fcltek.<!--more--><\/p>\n<p>*<\/p>\n<p>Budapest, 1946. Sz\u00e9p Ern\u0151t mentem megl\u00e1togatni. A kis hotelben lakott a Margit-szigeten. Alkony ut\u00e1n \u00e9rtem ki. A sz\u00e1ll\u00f3 port\u00e1sa \u2013 vagy tulajdonosa? \u2013 \u00e9rdekl\u0151d\u00e9semre azt mondta, hogy a k\u00f6lt\u0151 a bokrok k\u00f6zt van. Azt\u00e1n elmagyar\u00e1zta. A k\u00f6zeli padokon, a bokros el\u0151tt, est\u00e9nk\u00e9nt szerelmesp\u00e1rok \u00fcltek \u00e9s a rig\u00f3k (vagy csalog\u00e1nyok?) f\u00fctty\u00e9t hallgatt\u00e1k. Az ostrom \u00e1gy\u00faz\u00e1sa elkergette a rig\u00f3kat. A szerelmesp\u00e1rok most \u00fajra kij\u00e1rnak \u00e9s a madarak \u00e9nek\u00e9t hallgatj\u00e1k. Nem tudj\u00e1k, hogy az \u00f6reg k\u00f6lt\u0151 beguggol a bokrok k\u00f6z\u00e9 \u00e9s \u0151 f\u00fcty\u00fcl n\u00e9kik.<\/p>\n<p>*<\/p>\n<p>Londonban, K. Zolt\u00e1n bar\u00e1tom h\u00e1z\u00e1ban egy este egy\u00fctt \u00fclt\u00fcnk a tbiliszi egyetem n\u00e9h\u00e1ny intelligens tan\u00e1r\u00e1val. Nem titkolt\u00e1k, mennyire gy\u0171l\u00f6lik a kommunizmust. Az egyik jelenl\u00e9v\u0151 Szt\u00e1lin r\u00e9mtetteir\u0151l kezdett besz\u00e9lni, mire a legfiatalabb gr\u00faz professzor f\u00e9lbeszak\u00edtotta: \u201eNe b\u00e1ntsa Szt\u00e1lint! Annyi oroszt \u00f6lt meg!\u201d<\/p>\n<p>Id\u00e1ig s\u00fcllyedt\u00fcnk.<\/p>\n<p>*<\/p>\n<p>Amerikai \u00fajs\u00e1g\u00edr\u00f3val tal\u00e1lkozom (1970) a Columbia egyetemen. A Szovjetuni\u00f3b\u00f3l tud\u00f3s\u00edtott a m\u00e1sodik vil\u00e1gh\u00e1bor\u00fa alatt. Szt\u00e1lingr\u00e1d fel\u00e9 utazott kocsin, orosz tiszt k\u00eds\u00e9ret\u00e9ben a Volga balpartj\u00e1n, n\u00e9h\u00e1ny \u00f3r\u00e1val azut\u00e1n, hogy a n\u00e9metek megadt\u00e1k magukat. Az \u00fat menti dombon orosz kisfi\u00fak sz\u00e1nk\u00e1ztak. Az amerikai meg\u00e1ll\u00edtotta a kocsit, hogy csokol\u00e1d\u00e9t adjon a gyerekeknek a csikorg\u00f3 hidegben. Akkor l\u00e1tta, hogy a fi\u00fak n\u00e9met katon\u00e1k csontt\u00e1 fagyott holttesteit haszn\u00e1lj\u00e1k sz\u00e1nk\u00f3nak.<\/p>\n<p>*<\/p>\n<p>Szolzsenyicin t\u00e9ved, amikor a koncentr\u00e1ci\u00f3s t\u00e1borokat szovjet tal\u00e1lm\u00e1nynak min\u0151s\u00edti. Koncentr\u00e1ci\u00f3s t\u00e1bort az angolok \u00e1ll\u00edtottak fel el\u0151sz\u00f6r a b\u00far h\u00e1bor\u00faban.<\/p>\n<p>*<\/p>\n<p>Az Auschwitzba ker\u00fclt lengyelek ujjongtak, amikor megtudt\u00e1k, hogy az odaker\u00fclt zsid\u00f3kat elg\u00e1zos\u00edtj\u00e1k.<\/p>\n<p>*<\/p>\n<p>Mi\u00e9rt t\u0171nnek olyan szomor\u00fanak a kiss\u00e9 el\u0151red\u0151lten alv\u00f3 madarak?<\/p>\n<p>&nbsp;<\/p>\n<hr>\n<p>El\u0151zm\u00e9nyek:&nbsp;&nbsp;<a href=\"https:\/\/ujkafe.website\/?p=76678\"><strong>1. r\u00e9sz<\/strong><\/a>\/&nbsp;<strong><a href=\"https:\/\/ujkafe.website\/?p=76694\">2. r\u00e9sz<\/a>&nbsp;\/&nbsp;<a href=\"https:\/\/ujkafe.website\/?p=76764\">3. r\u00e9sz<\/a>&nbsp;\/<a href=\"https:\/\/ujkafe.website\/?p=76798\">&nbsp;4. r\u00e9sz<\/a>&nbsp;\/<a href=\"https:\/\/ujkafe.website\/?p=76831\">&nbsp;5. r\u00e9sz<\/a>&nbsp;\/<a href=\"https:\/\/ujkafe.website\/?p=76861\">&nbsp;6. r\u00e9sz<\/a>&nbsp;\/&nbsp;<a href=\"https:\/\/ujkafe.website\/?p=76888\">7. r\u00e9sz<\/a>&nbsp;\/<a href=\"https:\/\/ujkafe.website\/?p=76912\">&nbsp;8. r\u00e9sz<\/a>&nbsp;\/&nbsp;<a href=\"https:\/\/ujkafe.website\/?p=76939\">9. r\u00e9sz&nbsp;<\/a>\/&nbsp;<a href=\"https:\/\/ujkafe.website\/?p=76968\">10. r\u00e9sz&nbsp;<\/a>\/&nbsp;<a href=\"https:\/\/ujkafe.website\/?p=77011\">11. r\u00e9sz<\/a>&nbsp;\/&nbsp;<a href=\"https:\/\/ujkafe.website\/?p=77041\">12. r\u00e9sz<\/a>&nbsp;\/<a href=\"https:\/\/ujkafe.website\/?p=77100\">&nbsp;13. r\u00e9sz<\/a>&nbsp;\/&nbsp;<a href=\"https:\/\/ujkafe.website\/?p=77158\">14. r\u00e9sz<\/a>&nbsp;\/<a href=\"https:\/\/ujkafe.website\/?p=77240\">&nbsp;15. r\u00e9sz<\/a>&nbsp;\/<a href=\"https:\/\/ujkafe.website\/?p=77286\">&nbsp;16. r\u00e9sz<\/a>&nbsp;\/&nbsp;<a href=\"https:\/\/ujkafe.website\/?p=77335\">17. r\u00e9sz&nbsp;<\/a>\/&nbsp;<a href=\"https:\/\/ujkafe.website\/?p=77469\">18. r\u00e9sz<\/a>&nbsp;\/&nbsp;<a href=\"https:\/\/ujkafe.website\/?p=77532\">19. r\u00e9sz<\/a>&nbsp;\/<a href=\"https:\/\/ujkafe.website\/?p=77606\">&nbsp;20. r\u00e9sz&nbsp;<\/a>\/<a href=\"https:\/\/ujkafe.website\/?p=77672\">&nbsp;21. r\u00e9sz<\/a>&nbsp;\/&nbsp;<a href=\"https:\/\/ujkafe.website\/?p=77753\">22. r\u00e9sz<\/a>&nbsp;\/&nbsp;<a href=\"https:\/\/ujkafe.website\/?p=77838\">23. r\u00e9sz<\/a>&nbsp;\/&nbsp;<a href=\"https:\/\/ujkafe.website\/?p=77915\">24. r\u00e9sz&nbsp;<\/a>\/&nbsp;<a href=\"https:\/\/ujkafe.website\/?p=77980\">25. r\u00e9sz&nbsp;<\/a>\/&nbsp;<a href=\"https:\/\/ujkafe.website\/?p=78059\">26. r\u00e9sz<\/a>&nbsp;\/<a href=\"https:\/\/ujkafe.website\/?p=78136\"> 27. r\u00e9sz<\/a> \/<\/strong><\/p>\n","protected":false},"excerpt":{"rendered":"<p>1987. j\u00fanius 22. M\u00e9g mindig f\u00e1j a fejem. Folytatom a jegyzetek m\u00e1sol\u00e1s\u00e1t: * Mi\u00e9rt szeretem a madarakat? Mert az ember mellett az egyetlen \u00e9l\u0151l\u00e9nyek, melyek j\u00f3kedv\u00fckben f\u00fcty\u00fclnek \u00e9s \u00e9nekelnek. * Sz\u00e1mos angol n\u0151vel \u00e9s f\u00e9rfival ismerkedtem meg, akik otthagyt\u00e1k haz\u00e1jukat, mert nem b\u00edrt\u00e1k a brit el\u0151\u00edt\u00e9leteket. Letelepedtek k\u00fclf\u00f6ld\u00f6n \u00e9s az ottani \u201ebennsz\u00fcl\u00f6ttek\u201d ellen ugyanazokat az [&hellip;]<\/p>\n","protected":false},"author":3,"featured_media":0,"comment_status":"open","ping_status":"open","sticky":false,"template":"","format":"standard","meta":{"_monsterinsights_skip_tracking":false,"_monsterinsights_sitenote_active":false,"_monsterinsights_sitenote_note":"","_monsterinsights_sitenote_category":0,"ngg_post_thumbnail":0,"footnotes":""},"categories":[120],"tags":[],"class_list":["post-78256","post","type-post","status-publish","format-standard","hentry","category-essze"],"_links":{"self":[{"href":"https:\/\/ujkafe.website\/index.php?rest_route=\/wp\/v2\/posts\/78256","targetHints":{"allow":["GET"]}}],"collection":[{"href":"https:\/\/ujkafe.website\/index.php?rest_route=\/wp\/v2\/posts"}],"about":[{"href":"https:\/\/ujkafe.website\/index.php?rest_route=\/wp\/v2\/types\/post"}],"author":[{"embeddable":true,"href":"https:\/\/ujkafe.website\/index.php?rest_route=\/wp\/v2\/users\/3"}],"replies":[{"embeddable":true,"href":"https:\/\/ujkafe.website\/index.php?rest_route=%2Fwp%2Fv2%2Fcomments&post=78256"}],"version-history":[{"count":0,"href":"https:\/\/ujkafe.website\/index.php?rest_route=\/wp\/v2\/posts\/78256\/revisions"}],"wp:attachment":[{"href":"https:\/\/ujkafe.website\/index.php?rest_route=%2Fwp%2Fv2%2Fmedia&parent=78256"}],"wp:term":[{"taxonomy":"category","embeddable":true,"href":"https:\/\/ujkafe.website\/index.php?rest_route=%2Fwp%2Fv2%2Fcategories&post=78256"},{"taxonomy":"post_tag","embeddable":true,"href":"https:\/\/ujkafe.website\/index.php?rest_route=%2Fwp%2Fv2%2Ftags&post=78256"}],"curies":[{"name":"wp","href":"https:\/\/api.w.org\/{rel}","templated":true}]}}