
{"id":78430,"date":"2018-09-26T02:59:18","date_gmt":"2018-09-26T02:59:18","guid":{"rendered":"https:\/\/ujkafe.website\/?p=78430"},"modified":"2018-09-25T14:59:36","modified_gmt":"2018-09-25T14:59:36","slug":"faludy-gyorgy-es-az-esoerdo-30","status":"publish","type":"post","link":"https:\/\/ujkafe.website\/?p=78430","title":{"rendered":"Faludy Gy\u00f6rgy \u00e9s az es\u0151erd\u0151 (30)"},"content":{"rendered":"<h2><strong>1987. j\u00fanius 24. (II)<\/strong><\/h2>\n<p>M\u00fcnchenben j\u00e1rtam l\u00e1togat\u00f3ban, ahol a recski, volt politikai rabok \u00f6sszej\u00f6vetelt rendeztek. B. Z. bar\u00e1tom \u00e9s egykori recski rabt\u00e1rsam h\u00e1z\u00e1ban laktam, mintegy negyven kilom\u00e9terre a bajor f\u0151v\u00e1rost\u00f3l. Egyik este B. Z. bevitt M\u00fcnchenbe, ahol egy m\u00e1sik volt rabt\u00e1rsunk, E. S. v\u00e1rt r\u00e1nk vacsor\u00e1val. A vacsoraasztaln\u00e1l \u00fclt\u00fcnk; velem szemk\u00f6zt a nagyajt\u00f3 nyitva \u00e1llt a szalon fel\u00e9. R\u00e1l\u00e1ttam a turulmad\u00e1rra, mely a k\u00f6nyvt\u00e1r tetej\u00e9n t\u00e1rta kiterjesztett kar hossz\u00fas\u00e1g\u00fa porcel\u00e1nsz\u00e1rnyait.<!--more--><\/p>\n<p>Nem \u00e1ll\u00edtom, hogy tetszett n\u00e9kem. Ami tetszett, vagy ink\u00e1bb meghatott, h\u00e1zigazd\u00e1nk lelk\u00fclete volt. Otthoni megal\u00e1ztat\u00e1sok sorozata \u00e9s harminc \u00e9v emigr\u00e1ci\u00f3 ut\u00e1n is ennyire ragaszkodik a magyars\u00e1g egyik jelk\u00e9p\u00e9hez, a turulmad\u00e1rhoz, hogy elhozatta Magyarorsz\u00e1gr\u00f3l ezt a nagy porcel\u00e1nt\u00e1rgyat; mert hiszen Bajororsz\u00e1gban aligha szerezhette be. Ez\u00e9rt t\u00f6rt\u00e9nt, hogy vacsora alatt t\u00f6bbsz\u00f6r felejtettem szememet a turulmad\u00e1ron. Nem vettem \u00e9szre, hogy a h\u00e1zigazda figyelemmel k\u00f6veti pillant\u00e1somat.<\/p>\n<p>Amikor lement\u00fcnk B. Z. kocsij\u00e1hoz, a turulmad\u00e1r l\u00e1that\u00f3 gonddal fel volt k\u00f6tve a kocsi tetej\u00e9re, minthogy a csomagtart\u00f3ba, vagy a kocsiba terjedelme miatt nem f\u00e9rt be. Miut\u00e1n leoldoz\u00e1sr\u00f3l \u00e9s visszaad\u00e1sr\u00f3l sz\u00f3 sem lehetett, megk\u00f6sz\u00f6ntem \u00e9s elindultunk.<\/p>\n<p>&#8230;M\u00e1snap k\u00e9s\u0151n \u00e9bredtem. H\u00e1zigazd\u00e1m \u00e9s feles\u00e9ge bent voltak M\u00fcnchenben, ahol Zolt\u00e1n gar\u00e1zs\u00e1t vezette, az asszony pedig a Lufthans\u00e1n\u00e1l dolgozott. A turulmad\u00e1r szob\u00e1m el\u0151tt v\u00e1rt a l\u00e9pcs\u0151felj\u00e1r\u00f3n. Mintha sz\u00e1rny\u00e1t csattogtatta volna, amikor kil\u00e9ptem az ajt\u00f3n.<\/p>\n<p>El\u0151sz\u00f6r megpr\u00f3b\u00e1ltam maxim\u00e1lis nagys\u00e1g\u00fa \u00fatib\u0151r\u00f6nd\u00f6mben elhelyezni; de m\u00e9g \u00e1tl\u00f3s helyzetben is legal\u00e1bb tizen\u00f6t centire \u00e1lltak ki sz\u00e1rnyai mindk\u00e9t oldalon. Elhelyez\u00e9s\u00e9re k\u00fcl\u00f6n kartondobozra lett volna sz\u00fcks\u00e9gem. Ez\u00e9rt M\u00fcnchenbe kellett volna bemenni, amire nem volt m\u00f3dom, \u00e9s rep\u00fcl\u0151g\u00e9pem m\u00e1snap reggel indult. De ha kartondoboz akadt volna, szab\u00e1lytalan nagys\u00e1ga miatt fizetnem kellett volna \u00e9rte \u00e9s ehhez nem \u00e1llt elegend\u0151 p\u00e9nz rendelkez\u00e9semre.<\/p>\n<p>Ha k\u00e9zben viszem a turulmadarat, a stewardessek el\u0151sz\u00f6r M\u00fcnchenben, m\u00e1sodszor Frankfurtban akad\u00e1lyozz\u00e1k meg, hogy felsz\u00e1lljak a g\u00e9pre. De ha net\u00e1n m\u00e9gis felengednek, \u00fagy a mad\u00e1r az utasok feje f\u00f6l\u00f6tt elhelyezett rekeszekbe nem f\u00e9r. \u00d6lemben kell tartanom, ami csak \u00fagy lehets\u00e9ges, hogy k\u00f6z\u00e9ps\u0151 \u00fcl\u00e9st kapok \u00e9s a turul sz\u00e1rnya mindk\u00e9t szomsz\u00e9dom combja f\u00f6l\u00e9 terpeszkedik, \u00fagyhogy mozdulni se tudnak. Mindez teh\u00e1t sz\u00f3ba sem j\u00f6het.<\/p>\n<p>Mikor Zolt\u00e1n \u00e9s feles\u00e9ge vacsor\u00e1ra haza\u00e9rtek, el\u0151adtam a helyzetet. Azt mondtam: m\u00e1r kin\u00e9ztem a turul hely\u00e9t k\u00f6nyvt\u00e1ruk legtetej\u00e9n. Megk\u00e9rtem \u0151ket: helyezz\u00e9k el ott, mindaddig, m\u00edg kedvez\u0151bb k\u00f6r\u00fclm\u00e9nyek k\u00f6z\u00e9 ker\u00fcl\u00f6k \u00e9s legk\u00f6zelebbi l\u00e1togat\u00e1som alkalm\u00e1b\u00f3l magammal vihetem Kanad\u00e1ba. Zolt\u00e1n azt v\u00e1laszolta: a nagy madarat val\u00f3ban nem tudn\u00e1k m\u00e1sutt elhelyezni, mint k\u00f6nyvt\u00e1ruk tetej\u00e9n. De E. S\u00e1ndor\u00e9k gyakran j\u00e1rnak hozz\u00e1juk l\u00e1togat\u00f3ba. A mad\u00e1r l\u00e1tt\u00e1n azt gondolj\u00e1k majd, hogy kedves aj\u00e1nd\u00e9kukat egyszer\u0171en tov\u00e1bbadtam \u00e9s m\u00e9lys\u00e9gesen megb\u00e1nt\u00f3dnak.<\/p>\n<p>\u00d6sszen\u00e9zt\u00fcnk. M\u00e1snap reggeli indul\u00e1som k\u00f6vetkezt\u00e9ben nem maradt sok lehet\u0151s\u00e9g\u00fcnk. Zolt\u00e1nnal kimentem a kertbe. \u00c1s\u00f3t ragadtunk \u00e9s fel\u00e1stuk a f\u00e9lig m\u00e1r fagyott, novemberi f\u00f6ldet. Oda rejtett\u00fck a turulmadarat.<\/p>\n<hr>\n<p>El\u0151zm\u00e9nyek:&nbsp;&nbsp;<a href=\"https:\/\/ujkafe.website\/?p=76678\"><strong>1. r\u00e9sz<\/strong><\/a>\/&nbsp;<strong><a href=\"https:\/\/ujkafe.website\/?p=76694\">2. r\u00e9sz<\/a>&nbsp;\/&nbsp;<a href=\"https:\/\/ujkafe.website\/?p=76764\">3. r\u00e9sz<\/a>&nbsp;\/<a href=\"https:\/\/ujkafe.website\/?p=76798\">&nbsp;4. r\u00e9sz<\/a>&nbsp;\/<a href=\"https:\/\/ujkafe.website\/?p=76831\">&nbsp;5. r\u00e9sz<\/a>&nbsp;\/<a href=\"https:\/\/ujkafe.website\/?p=76861\">&nbsp;6. r\u00e9sz<\/a>&nbsp;\/&nbsp;<a href=\"https:\/\/ujkafe.website\/?p=76888\">7. r\u00e9sz<\/a>&nbsp;\/<a href=\"https:\/\/ujkafe.website\/?p=76912\">&nbsp;8. r\u00e9sz<\/a>&nbsp;\/&nbsp;<a href=\"https:\/\/ujkafe.website\/?p=76939\">9. r\u00e9sz&nbsp;<\/a>\/&nbsp;<a href=\"https:\/\/ujkafe.website\/?p=76968\">10. r\u00e9sz&nbsp;<\/a>\/&nbsp;<a href=\"https:\/\/ujkafe.website\/?p=77011\">11. r\u00e9sz<\/a>&nbsp;\/&nbsp;<a href=\"https:\/\/ujkafe.website\/?p=77041\">12. r\u00e9sz<\/a>&nbsp;\/<a href=\"https:\/\/ujkafe.website\/?p=77100\">&nbsp;13. r\u00e9sz<\/a>&nbsp;\/&nbsp;<a href=\"https:\/\/ujkafe.website\/?p=77158\">14. r\u00e9sz<\/a>&nbsp;\/<a href=\"https:\/\/ujkafe.website\/?p=77240\">&nbsp;15. r\u00e9sz<\/a>&nbsp;\/<a href=\"https:\/\/ujkafe.website\/?p=77286\">&nbsp;16. r\u00e9sz<\/a>&nbsp;\/&nbsp;<a href=\"https:\/\/ujkafe.website\/?p=77335\">17. r\u00e9sz&nbsp;<\/a>\/&nbsp;<a href=\"https:\/\/ujkafe.website\/?p=77469\">18. r\u00e9sz<\/a>&nbsp;\/&nbsp;<a href=\"https:\/\/ujkafe.website\/?p=77532\">19. r\u00e9sz<\/a>&nbsp;\/<a href=\"https:\/\/ujkafe.website\/?p=77606\">&nbsp;20. r\u00e9sz&nbsp;<\/a>\/<a href=\"https:\/\/ujkafe.website\/?p=77672\">&nbsp;21. r\u00e9sz<\/a>&nbsp;\/&nbsp;<a href=\"https:\/\/ujkafe.website\/?p=77753\">22. r\u00e9sz<\/a>&nbsp;\/&nbsp;<a href=\"https:\/\/ujkafe.website\/?p=77838\">23. r\u00e9sz<\/a>&nbsp;\/&nbsp;<a href=\"https:\/\/ujkafe.website\/?p=77915\">24. r\u00e9sz&nbsp;<\/a>\/&nbsp;<a href=\"https:\/\/ujkafe.website\/?p=77980\">25. r\u00e9sz&nbsp;<\/a>\/&nbsp;<a href=\"https:\/\/ujkafe.website\/?p=78059\">26. r\u00e9sz<\/a>&nbsp;\/<a href=\"https:\/\/ujkafe.website\/?p=78136\">&nbsp;27. r\u00e9sz<\/a>&nbsp;\/&nbsp;<a href=\"https:\/\/ujkafe.website\/?p=78256\">28. r\u00e9sz<\/a>&nbsp;\/ <a href=\"https:\/\/ujkafe.website\/?p=78383\">29. r\u00e9sz<\/a> \/<\/strong><\/p>\n","protected":false},"excerpt":{"rendered":"<p>1987. j\u00fanius 24. (II) M\u00fcnchenben j\u00e1rtam l\u00e1togat\u00f3ban, ahol a recski, volt politikai rabok \u00f6sszej\u00f6vetelt rendeztek. B. Z. bar\u00e1tom \u00e9s egykori recski rabt\u00e1rsam h\u00e1z\u00e1ban laktam, mintegy negyven kilom\u00e9terre a bajor f\u0151v\u00e1rost\u00f3l. Egyik este B. Z. bevitt M\u00fcnchenbe, ahol egy m\u00e1sik volt rabt\u00e1rsunk, E. S. v\u00e1rt r\u00e1nk vacsor\u00e1val. A vacsoraasztaln\u00e1l \u00fclt\u00fcnk; velem szemk\u00f6zt a nagyajt\u00f3 nyitva \u00e1llt [&hellip;]<\/p>\n","protected":false},"author":3,"featured_media":0,"comment_status":"open","ping_status":"open","sticky":false,"template":"","format":"standard","meta":{"_monsterinsights_skip_tracking":false,"_monsterinsights_sitenote_active":false,"_monsterinsights_sitenote_note":"","_monsterinsights_sitenote_category":0,"ngg_post_thumbnail":0,"footnotes":""},"categories":[120],"tags":[],"class_list":["post-78430","post","type-post","status-publish","format-standard","hentry","category-essze"],"_links":{"self":[{"href":"https:\/\/ujkafe.website\/index.php?rest_route=\/wp\/v2\/posts\/78430","targetHints":{"allow":["GET"]}}],"collection":[{"href":"https:\/\/ujkafe.website\/index.php?rest_route=\/wp\/v2\/posts"}],"about":[{"href":"https:\/\/ujkafe.website\/index.php?rest_route=\/wp\/v2\/types\/post"}],"author":[{"embeddable":true,"href":"https:\/\/ujkafe.website\/index.php?rest_route=\/wp\/v2\/users\/3"}],"replies":[{"embeddable":true,"href":"https:\/\/ujkafe.website\/index.php?rest_route=%2Fwp%2Fv2%2Fcomments&post=78430"}],"version-history":[{"count":0,"href":"https:\/\/ujkafe.website\/index.php?rest_route=\/wp\/v2\/posts\/78430\/revisions"}],"wp:attachment":[{"href":"https:\/\/ujkafe.website\/index.php?rest_route=%2Fwp%2Fv2%2Fmedia&parent=78430"}],"wp:term":[{"taxonomy":"category","embeddable":true,"href":"https:\/\/ujkafe.website\/index.php?rest_route=%2Fwp%2Fv2%2Fcategories&post=78430"},{"taxonomy":"post_tag","embeddable":true,"href":"https:\/\/ujkafe.website\/index.php?rest_route=%2Fwp%2Fv2%2Ftags&post=78430"}],"curies":[{"name":"wp","href":"https:\/\/api.w.org\/{rel}","templated":true}]}}