
{"id":78476,"date":"2018-09-28T02:56:55","date_gmt":"2018-09-28T02:56:55","guid":{"rendered":"https:\/\/ujkafe.website\/?p=78476"},"modified":"2018-09-27T13:10:01","modified_gmt":"2018-09-27T13:10:01","slug":"faludy-gyorgy-es-az-esoerdo-31","status":"publish","type":"post","link":"https:\/\/ujkafe.website\/?p=78476","title":{"rendered":"Faludy Gy\u00f6rgy \u00e9s az es\u0151erd\u0151 (31)"},"content":{"rendered":"<h2><strong>1987. j\u00fanius 26.<\/strong><\/h2>\n<p>Budapestr\u0151l lev\u00e9l \u00e9rkezett valakit\u0151l, akit N. N.-nek k\u00edv\u00e1nok nevezni. Mintegy negyven esztend\u0151s, nem nagyon ismert irodalm\u00e1r. Levele sz\u00edv\u00e9lyes, b\u00e1r k\u00f6zben-k\u00f6zben azt keresi: mivel tudna megv\u00e1dolni engem? N\u00e9h\u00e1ny \u00e9vvel ezel\u0151tt Chicag\u00f3ban tal\u00e1lkoztunk \u00e9s hosszan besz\u00e9lgett\u00fcnk. Az\u00f3ta f\u00e9l\u00e9venk\u00e9nt \u00f6t-hat oldalas, s\u0171r\u0171n g\u00e9pelt levelekben fordul hozz\u00e1m. Nagyon szeretne gy\u0171l\u00f6lni, de tisztess\u00e9ges ember \u00e9s nem k\u00e9pes r\u00e1.<!--more--><\/p>\n<p>Diszharm\u00f3ni\u00e1nk, egyebek k\u00f6zt, N. N. nacionalizmus\u00e1ban gy\u00f6keredzik. Az ellent\u00e9tnek nem az az oka, hogy N. N. mindent im\u00e1d, ami magyar, ami jellegzetesen magyar, ami csak magyar \u00e9s ami a magyar hat\u00e1rt\u00f3l \u00f6t m\u00e9terre m\u00e1r nem \u00e9rthet\u0151. Az ellent\u00e9tnek az az oka, hogy N. N. mindent megvet, mindent\u0151l viszolyog, ami nem magyar. Ugyanekkor, \u00e9rthet\u0151en \u00e9s sz\u00fcks\u00e9gszer\u0171en, antiszemita is. Nem vad antiszemita. \u00c9rtelmes zsid\u00f3kkal sz\u00edvesen bar\u00e1tkozik. \u00c9n sosem tudtam, ki a zsid\u00f3 \u00e9s ki nem az, bar\u00e1taim \u00e9s ismer\u0151seim k\u00f6zt. N. N. sz\u00e1mon tartja, figyeli \u00e9s folyton m\u00e9rlegeli, ki a zsid\u00f3 \u00e9s mit csin\u00e1l. Szolzsenyicinhez hasonl\u00edt, aki kihagyta a Gul\u00e1gb\u00f3l Szt\u00e1lin zsid\u00f3 \u00e1ldozatainak nev\u00e9t. Tal\u00e1n az\u00e9rt, mert az \u00e1ldozatokat m\u00e1r nem tekintette zsid\u00f3nak. Vagy az\u00e9rt, mert a zsid\u00f3t nem tekintette \u00e1ldozatnak.<\/p>\n<p>N. N. \u00e9rti \u00e9s m\u00e9gsem k\u00e9pes elfogadni \u00e1ll\u00e1spontomat Eur\u00f3pa \u00e9s a magyars\u00e1g dolg\u00e1ban. Tudom\u00e1sul vette, hogy magyar vagyok, sz\u00edvvel-l\u00e9lekkel, mi\u00f3ta eszemet tudom, \u00e9bren \u00e9s \u00e1lmomban, \u00f6r\u00f6mben \u00e9s bajban; de \u00e9n nem arra \u00e9p\u00edtettem munk\u00e1mat, ami speci\u00e1lisan, partikul\u00e1ris\u00e1n \u00e9s provinci\u00e1lis\u00e1n magyar. Hanem arra, ami eur\u00f3pai \u00e9s ez\u00e1ltal magyar. Nyelv\u00fcnk nagy r\u00e9sz\u00e9t, a k\u00e9zm\u00edveseket \u00e9s a f\u00f6ldm\u0171vel\u00e9st, a k\u00f6z\u00e9pkori \u00e1llam rendj\u00e9t, a renesz\u00e1nszot \u00e9s a humanizmust, a protestantizmust \u00e9s az ellenreform\u00e1ci\u00f3t, a felvil\u00e1gosod\u00e1st \u00e9s a francia forradalom eszm\u00e9it, m\u0171v\u00e9szet\u00fcnk st\u00edlusait \u00e9s irodalmunk form\u00e1it mind a Nyugatt\u00f3l kaptuk. Azt is, amit a demokr\u00e1ci\u00e1b\u00f3l megk\u00f3stolhattunk. Az oroszoknak, ha baj van, nincs mire visszaesni\u00f6k. Mi, ha baj van, mindig megt\u00e1maszkodhatunk az eur\u00f3pai civiliz\u00e1ci\u00f3n. A tur\u00e1ni vagy \u00e1zsiai \u00f6r\u00f6ks\u00e9g, a cig\u00e1nyzene, a n\u00e9pm\u0171v\u00e9szet \u00e9s a s\u00edrva vigad\u00f3 magyarkod\u00e1s nem el\u00e9g, hogy megvess\u00fck l\u00e1bunkat rajta, ha inogni kezd\u00fcnk.<\/p>\n<hr>\n<p>El\u0151zm\u00e9nyek:&nbsp;&nbsp;<a href=\"https:\/\/ujkafe.website\/?p=76678\"><strong>1. r\u00e9sz<\/strong><\/a>\/&nbsp;<strong><a href=\"https:\/\/ujkafe.website\/?p=76694\">2. r\u00e9sz<\/a>&nbsp;\/&nbsp;<a href=\"https:\/\/ujkafe.website\/?p=76764\">3. r\u00e9sz<\/a>&nbsp;\/<a href=\"https:\/\/ujkafe.website\/?p=76798\">&nbsp;4. r\u00e9sz<\/a>&nbsp;\/<a href=\"https:\/\/ujkafe.website\/?p=76831\">&nbsp;5. r\u00e9sz<\/a>&nbsp;\/<a href=\"https:\/\/ujkafe.website\/?p=76861\">&nbsp;6. r\u00e9sz<\/a>&nbsp;\/&nbsp;<a href=\"https:\/\/ujkafe.website\/?p=76888\">7. r\u00e9sz<\/a>&nbsp;\/<a href=\"https:\/\/ujkafe.website\/?p=76912\">&nbsp;8. r\u00e9sz<\/a>&nbsp;\/&nbsp;<a href=\"https:\/\/ujkafe.website\/?p=76939\">9. r\u00e9sz&nbsp;<\/a>\/&nbsp;<a href=\"https:\/\/ujkafe.website\/?p=76968\">10. r\u00e9sz&nbsp;<\/a>\/&nbsp;<a href=\"https:\/\/ujkafe.website\/?p=77011\">11. r\u00e9sz<\/a>&nbsp;\/&nbsp;<a href=\"https:\/\/ujkafe.website\/?p=77041\">12. r\u00e9sz<\/a>&nbsp;\/<a href=\"https:\/\/ujkafe.website\/?p=77100\">&nbsp;13. r\u00e9sz<\/a>&nbsp;\/&nbsp;<a href=\"https:\/\/ujkafe.website\/?p=77158\">14. r\u00e9sz<\/a>&nbsp;\/<a href=\"https:\/\/ujkafe.website\/?p=77240\">&nbsp;15. r\u00e9sz<\/a>&nbsp;\/<a href=\"https:\/\/ujkafe.website\/?p=77286\">&nbsp;16. r\u00e9sz<\/a>&nbsp;\/&nbsp;<a href=\"https:\/\/ujkafe.website\/?p=77335\">17. r\u00e9sz&nbsp;<\/a>\/&nbsp;<a href=\"https:\/\/ujkafe.website\/?p=77469\">18. r\u00e9sz<\/a>&nbsp;\/&nbsp;<a href=\"https:\/\/ujkafe.website\/?p=77532\">19. r\u00e9sz<\/a>&nbsp;\/<a href=\"https:\/\/ujkafe.website\/?p=77606\">&nbsp;20. r\u00e9sz&nbsp;<\/a>\/<a href=\"https:\/\/ujkafe.website\/?p=77672\">&nbsp;21. r\u00e9sz<\/a>&nbsp;\/&nbsp;<a href=\"https:\/\/ujkafe.website\/?p=77753\">22. r\u00e9sz<\/a>&nbsp;\/&nbsp;<a href=\"https:\/\/ujkafe.website\/?p=77838\">23. r\u00e9sz<\/a>&nbsp;\/&nbsp;<a href=\"https:\/\/ujkafe.website\/?p=77915\">24. r\u00e9sz&nbsp;<\/a>\/&nbsp;<a href=\"https:\/\/ujkafe.website\/?p=77980\">25. r\u00e9sz&nbsp;<\/a>\/&nbsp;<a href=\"https:\/\/ujkafe.website\/?p=78059\">26. r\u00e9sz<\/a>&nbsp;\/<a href=\"https:\/\/ujkafe.website\/?p=78136\">&nbsp;27. r\u00e9sz<\/a>&nbsp;\/&nbsp;<a href=\"https:\/\/ujkafe.website\/?p=78256\">28. r\u00e9sz<\/a>&nbsp;\/&nbsp;<a href=\"https:\/\/ujkafe.website\/?p=78383\">29. r\u00e9sz<\/a>&nbsp;\/ <a href=\"https:\/\/ujkafe.website\/?p=78430\">30. r\u00e9sz<\/a> \/<\/strong><\/p>\n","protected":false},"excerpt":{"rendered":"<p>1987. j\u00fanius 26. Budapestr\u0151l lev\u00e9l \u00e9rkezett valakit\u0151l, akit N. N.-nek k\u00edv\u00e1nok nevezni. Mintegy negyven esztend\u0151s, nem nagyon ismert irodalm\u00e1r. Levele sz\u00edv\u00e9lyes, b\u00e1r k\u00f6zben-k\u00f6zben azt keresi: mivel tudna megv\u00e1dolni engem? N\u00e9h\u00e1ny \u00e9vvel ezel\u0151tt Chicag\u00f3ban tal\u00e1lkoztunk \u00e9s hosszan besz\u00e9lgett\u00fcnk. Az\u00f3ta f\u00e9l\u00e9venk\u00e9nt \u00f6t-hat oldalas, s\u0171r\u0171n g\u00e9pelt levelekben fordul hozz\u00e1m. Nagyon szeretne gy\u0171l\u00f6lni, de tisztess\u00e9ges ember \u00e9s nem k\u00e9pes [&hellip;]<\/p>\n","protected":false},"author":3,"featured_media":0,"comment_status":"open","ping_status":"open","sticky":false,"template":"","format":"standard","meta":{"_monsterinsights_skip_tracking":false,"_monsterinsights_sitenote_active":false,"_monsterinsights_sitenote_note":"","_monsterinsights_sitenote_category":0,"ngg_post_thumbnail":0,"footnotes":""},"categories":[120],"tags":[],"class_list":["post-78476","post","type-post","status-publish","format-standard","hentry","category-essze"],"_links":{"self":[{"href":"https:\/\/ujkafe.website\/index.php?rest_route=\/wp\/v2\/posts\/78476","targetHints":{"allow":["GET"]}}],"collection":[{"href":"https:\/\/ujkafe.website\/index.php?rest_route=\/wp\/v2\/posts"}],"about":[{"href":"https:\/\/ujkafe.website\/index.php?rest_route=\/wp\/v2\/types\/post"}],"author":[{"embeddable":true,"href":"https:\/\/ujkafe.website\/index.php?rest_route=\/wp\/v2\/users\/3"}],"replies":[{"embeddable":true,"href":"https:\/\/ujkafe.website\/index.php?rest_route=%2Fwp%2Fv2%2Fcomments&post=78476"}],"version-history":[{"count":0,"href":"https:\/\/ujkafe.website\/index.php?rest_route=\/wp\/v2\/posts\/78476\/revisions"}],"wp:attachment":[{"href":"https:\/\/ujkafe.website\/index.php?rest_route=%2Fwp%2Fv2%2Fmedia&parent=78476"}],"wp:term":[{"taxonomy":"category","embeddable":true,"href":"https:\/\/ujkafe.website\/index.php?rest_route=%2Fwp%2Fv2%2Fcategories&post=78476"},{"taxonomy":"post_tag","embeddable":true,"href":"https:\/\/ujkafe.website\/index.php?rest_route=%2Fwp%2Fv2%2Ftags&post=78476"}],"curies":[{"name":"wp","href":"https:\/\/api.w.org\/{rel}","templated":true}]}}