
{"id":78600,"date":"2018-10-02T02:54:02","date_gmt":"2018-10-02T02:54:02","guid":{"rendered":"https:\/\/ujkafe.website\/?p=78600"},"modified":"2018-10-01T13:40:05","modified_gmt":"2018-10-01T13:40:05","slug":"faludy-gyorgy-es-az-esoerdo-32","status":"publish","type":"post","link":"https:\/\/ujkafe.website\/?p=78600","title":{"rendered":"Faludy Gy\u00f6rgy \u00e9s az es\u0151erd\u0151 (32)"},"content":{"rendered":"<h2><strong>1987. j\u00fanius 28.<\/strong><\/h2>\n<p>Az egyik kanadai TV-\u00e1llom\u00e1s, mint ahogy a helyi \u00fajs\u00e1g m\u00e1r egy hete bejelentette, nyolc napon \u00e1t k\u00f6zvetlen\u00fcl sug\u00e1rozza a moszkvai TV m\u0171sor\u00e1t. Ezt a k\u00f6zvet\u00edt\u00e9st a legk\u00fcl\u00f6nb\u00f6z\u0151bb v\u00e9lem\u00e9nyek fogadt\u00e1k. Az egyik, kelet-eur\u00f3pai sz\u00e1rmaz\u00e1s\u00fa k\u00e9pvisel\u0151 s\u00falyos aggodalm\u00e1t fejezte ki. Szerinte a kanadai hallgat\u00f3s\u00e1g teljesen v\u00e9dtelen a kommunista propagand\u00e1val szemben, ami\u00e9rt \u2013 hetven \u00e9v ut\u00e1n! \u2013 valamit k\u00e9ne tenni felvil\u00e1gos\u00edt\u00e1s\u00e1ra.<!--more--> Az itt vend\u00e9gesked\u0151 angol rendez\u0151 szerint a szovjet telev\u00edzi\u00f3, ha j\u00f3, nagyon j\u00f3, \u00e9s ha rossz, \u00e9ppen olyan csapnival\u00f3, mint az \u00e9szak-amerikai ad\u00f3k t\u00falnyom\u00f3 t\u00f6bbs\u00e9ge. Ugyanekkor szinte mindny\u00e1jan megegyeznek abban, hogy az \u00e1llamilag ir\u00e1ny\u00edtott telev\u00edzi\u00f3 sz\u00fcks\u00e9gszer\u0171en hitv\u00e1ny, m\u00edg a kommerci\u00e1lis telev\u00edzi\u00f3 felt\u00e9tlen\u00fcl jobb, mert \u201eszabad\u201d.<\/p>\n<p>Nem vagyok bar\u00e1tja a m\u0171v\u00e9szet, a sajt\u00f3, r\u00e1di\u00f3 vagy telev\u00edzi\u00f3 \u00e1llami ellen\u0151rz\u00e9s\u00e9nek. Keserves tapasztalatokkal rendelkezem, mi t\u00f6rt\u00e9nik, ha az \u00e1llam (vagy egy p\u00e1rt; ak\u00e1rmelyik p\u00e1rt!) r\u00e1teh\u00e9nkedik az irodalomra. De a fenti \u00e9rvet a kommerci\u00e1lis telev\u00edzi\u00f3 el\u0151nyeir\u0151l semmisnek tekintem. A m\u00e9dia politikai c\u00e9llal val\u00f3 g\u00fazsbak\u00f6t\u00e9se zsarnoks\u00e1g, \u00e9s al\u00e1vet\u00e9se a haszon \u00e9s nyeres\u00e9g elv\u00e9nek ugyanennek a zsarnoks\u00e1gnak m\u00e1sik v\u00e1ltozata. A \u201eszabad\u201d piac nem sz\u00fcks\u00e9gszer\u0171en a szabads\u00e1g piaca.Nyugaton nagyobb t\u00e9r \u00e1ll a szabads\u00e1g rendelkez\u00e9s\u00e9re, de ez a k\u00fcl\u00f6nbs\u00e9g kvantitat\u00edv \u00e9s nem kvalitat\u00edv. K\u00e9ts\u00e9gtelen\u00fcl a szabad piac zsarnoks\u00e1g\u00e1t r\u00e9szes\u00edtem el\u0151nyben, de csak az\u00e9rt, mert ez a zsarnoks\u00e1g megsz\u0171nik a szabad piac kij\u00e1rat\u00e1n\u00e1l \u00e9s nem jut be szob\u00e1m k\u00fcsz\u00f6b\u00e9n. De ostobas\u00e1g azt hinni, hogy a szovjet TV sz\u00fcks\u00e9gszer\u0171en rosszabb a Nyugat\u00e9n\u00e1l. El\u00e9g, ha a moszkvai TV opera-, balett-, sz\u00ednh\u00e1zi \u00e9s irodalmi programj\u00e1t megn\u00e9zz\u00fck. Bolondnak kell lenni ahhoz, hogy az ember azt \u00e1ll\u00edtsa: a nyugati nagy korpor\u00e1ci\u00f3k vezet\u0151it jobban \u00e9rdekli a TV m\u0171v\u00e9szi sz\u00ednvonala, mint a hozz\u00e1juk hasonl\u00f3, \u00f6r\u00f6mtelen k\u00e9p\u0171 szellemi torzsz\u00fcl\u00f6tteket, akik november hetedik\u00e9n Lenin s\u00edrj\u00e1n sorakoznak fel.<\/p>\n<hr>\n<p>El\u0151zm\u00e9nyek:&nbsp;&nbsp;<a href=\"https:\/\/ujkafe.website\/?p=76678\"><strong>1. r\u00e9sz<\/strong><\/a>\/&nbsp;<strong><a href=\"https:\/\/ujkafe.website\/?p=76694\">2. r\u00e9sz<\/a>&nbsp;\/&nbsp;<a href=\"https:\/\/ujkafe.website\/?p=76764\">3. r\u00e9sz<\/a>&nbsp;\/<a href=\"https:\/\/ujkafe.website\/?p=76798\">&nbsp;4. r\u00e9sz<\/a>&nbsp;\/<a href=\"https:\/\/ujkafe.website\/?p=76831\">&nbsp;5. r\u00e9sz<\/a>&nbsp;\/<a href=\"https:\/\/ujkafe.website\/?p=76861\">&nbsp;6. r\u00e9sz<\/a>&nbsp;\/&nbsp;<a href=\"https:\/\/ujkafe.website\/?p=76888\">7. r\u00e9sz<\/a>&nbsp;\/<a href=\"https:\/\/ujkafe.website\/?p=76912\">&nbsp;8. r\u00e9sz<\/a>&nbsp;\/&nbsp;<a href=\"https:\/\/ujkafe.website\/?p=76939\">9. r\u00e9sz&nbsp;<\/a>\/&nbsp;<a href=\"https:\/\/ujkafe.website\/?p=76968\">10. r\u00e9sz&nbsp;<\/a>\/&nbsp;<a href=\"https:\/\/ujkafe.website\/?p=77011\">11. r\u00e9sz<\/a>&nbsp;\/&nbsp;<a href=\"https:\/\/ujkafe.website\/?p=77041\">12. r\u00e9sz<\/a>&nbsp;\/<a href=\"https:\/\/ujkafe.website\/?p=77100\">&nbsp;13. r\u00e9sz<\/a>&nbsp;\/&nbsp;<a href=\"https:\/\/ujkafe.website\/?p=77158\">14. r\u00e9sz<\/a>&nbsp;\/<a href=\"https:\/\/ujkafe.website\/?p=77240\">&nbsp;15. r\u00e9sz<\/a>&nbsp;\/<a href=\"https:\/\/ujkafe.website\/?p=77286\">&nbsp;16. r\u00e9sz<\/a>&nbsp;\/&nbsp;<a href=\"https:\/\/ujkafe.website\/?p=77335\">17. r\u00e9sz&nbsp;<\/a>\/&nbsp;<a href=\"https:\/\/ujkafe.website\/?p=77469\">18. r\u00e9sz<\/a>&nbsp;\/&nbsp;<a href=\"https:\/\/ujkafe.website\/?p=77532\">19. r\u00e9sz<\/a>&nbsp;\/<a href=\"https:\/\/ujkafe.website\/?p=77606\">&nbsp;20. r\u00e9sz&nbsp;<\/a>\/<a href=\"https:\/\/ujkafe.website\/?p=77672\">&nbsp;21. r\u00e9sz<\/a>&nbsp;\/&nbsp;<a href=\"https:\/\/ujkafe.website\/?p=77753\">22. r\u00e9sz<\/a>&nbsp;\/&nbsp;<a href=\"https:\/\/ujkafe.website\/?p=77838\">23. r\u00e9sz<\/a>&nbsp;\/&nbsp;<a href=\"https:\/\/ujkafe.website\/?p=77915\">24. r\u00e9sz&nbsp;<\/a>\/&nbsp;<a href=\"https:\/\/ujkafe.website\/?p=77980\">25. r\u00e9sz&nbsp;<\/a>\/&nbsp;<a href=\"https:\/\/ujkafe.website\/?p=78059\">26. r\u00e9sz<\/a>&nbsp;\/<a href=\"https:\/\/ujkafe.website\/?p=78136\">&nbsp;27. r\u00e9sz<\/a>&nbsp;\/&nbsp;<a href=\"https:\/\/ujkafe.website\/?p=78256\">28. r\u00e9sz<\/a>&nbsp;\/&nbsp;<a href=\"https:\/\/ujkafe.website\/?p=78383\">29. r\u00e9sz<\/a>&nbsp;\/&nbsp;<a href=\"https:\/\/ujkafe.website\/?p=78430\">30. r\u00e9sz<\/a>&nbsp;\/ <a href=\"https:\/\/ujkafe.website\/?p=78476\">31. r\u00e9sz<\/a> \/&nbsp;<\/strong><\/p>\n","protected":false},"excerpt":{"rendered":"<p>1987. j\u00fanius 28. Az egyik kanadai TV-\u00e1llom\u00e1s, mint ahogy a helyi \u00fajs\u00e1g m\u00e1r egy hete bejelentette, nyolc napon \u00e1t k\u00f6zvetlen\u00fcl sug\u00e1rozza a moszkvai TV m\u0171sor\u00e1t. Ezt a k\u00f6zvet\u00edt\u00e9st a legk\u00fcl\u00f6nb\u00f6z\u0151bb v\u00e9lem\u00e9nyek fogadt\u00e1k. Az egyik, kelet-eur\u00f3pai sz\u00e1rmaz\u00e1s\u00fa k\u00e9pvisel\u0151 s\u00falyos aggodalm\u00e1t fejezte ki. Szerinte a kanadai hallgat\u00f3s\u00e1g teljesen v\u00e9dtelen a kommunista propagand\u00e1val szemben, ami\u00e9rt \u2013 hetven \u00e9v [&hellip;]<\/p>\n","protected":false},"author":3,"featured_media":0,"comment_status":"open","ping_status":"open","sticky":false,"template":"","format":"standard","meta":{"_monsterinsights_skip_tracking":false,"_monsterinsights_sitenote_active":false,"_monsterinsights_sitenote_note":"","_monsterinsights_sitenote_category":0,"ngg_post_thumbnail":0,"footnotes":""},"categories":[120],"tags":[],"class_list":["post-78600","post","type-post","status-publish","format-standard","hentry","category-essze"],"_links":{"self":[{"href":"https:\/\/ujkafe.website\/index.php?rest_route=\/wp\/v2\/posts\/78600","targetHints":{"allow":["GET"]}}],"collection":[{"href":"https:\/\/ujkafe.website\/index.php?rest_route=\/wp\/v2\/posts"}],"about":[{"href":"https:\/\/ujkafe.website\/index.php?rest_route=\/wp\/v2\/types\/post"}],"author":[{"embeddable":true,"href":"https:\/\/ujkafe.website\/index.php?rest_route=\/wp\/v2\/users\/3"}],"replies":[{"embeddable":true,"href":"https:\/\/ujkafe.website\/index.php?rest_route=%2Fwp%2Fv2%2Fcomments&post=78600"}],"version-history":[{"count":0,"href":"https:\/\/ujkafe.website\/index.php?rest_route=\/wp\/v2\/posts\/78600\/revisions"}],"wp:attachment":[{"href":"https:\/\/ujkafe.website\/index.php?rest_route=%2Fwp%2Fv2%2Fmedia&parent=78600"}],"wp:term":[{"taxonomy":"category","embeddable":true,"href":"https:\/\/ujkafe.website\/index.php?rest_route=%2Fwp%2Fv2%2Fcategories&post=78600"},{"taxonomy":"post_tag","embeddable":true,"href":"https:\/\/ujkafe.website\/index.php?rest_route=%2Fwp%2Fv2%2Ftags&post=78600"}],"curies":[{"name":"wp","href":"https:\/\/api.w.org\/{rel}","templated":true}]}}