
{"id":78784,"date":"2018-10-08T02:57:19","date_gmt":"2018-10-08T02:57:19","guid":{"rendered":"https:\/\/ujkafe.website\/?p=78784"},"modified":"2018-10-07T14:37:12","modified_gmt":"2018-10-07T14:37:12","slug":"faludy-gyorgy-es-az-esoerdo-33","status":"publish","type":"post","link":"https:\/\/ujkafe.website\/?p=78784","title":{"rendered":"Faludy Gy\u00f6rgy \u00e9s az es\u0151erd\u0151 (33)"},"content":{"rendered":"<h2><strong>1987.j\u00fanius 29. (I)<\/strong><\/h2>\n<p>Belelapoztam Stephen Runciman A History of the Crusades (A keresztes h\u00e1bor\u00fak t\u00f6rt\u00e9nete) c\u00edm\u0171 m\u0171v\u00e9be. Ez itt egy k\u00f6tetes kivonat; otthon Toront\u00f3ban megvan mind a h\u00e1rom k\u00f6tet \u00e9s el\u00e9g j\u00f3l ismerem. M\u00e9gis erre a r\u00f6vid\u00edtett kiad\u00e1sra volt sz\u00fcks\u00e9gem, hogy r\u00e1j\u00f6jjek: mennyire elt\u00e1volodott v\u00e9lem\u00e9nyem a keresztes h\u00e1bor\u00fak dolg\u00e1ban (\u00e9s sok m\u00e1s t\u00f6rt\u00e9nelmi esem\u00e9nyben) att\u00f3l, amit az iskol\u00e1ban tanultam \u00e9s lassan, \u00e9szrev\u00e9tlen\u00fcl ejtettem el hatvan \u00e9v alatt\u2026<!--more--><\/p>\n<p>A tan\u00e1r ragyog\u00f3 k\u00e9peket festett el\u00e9nk, melyek megragadt\u00e1k k\u00e9pzelet\u00fcnket. A keresztes lovagok ez\u00fcstsz\u00edn\u0171 v\u00e9rtekben t\u00e9rdeltek a templomban \u00e9s amikor a p\u00fcsp\u00f6k a sz\u00f3sz\u00e9kr\u0151l meghirdette el\u0151tt\u00fck, hogy \u0151k foglalj\u00e1k vissza Krisztus s\u00edrj\u00e1t, remeg\u00e9s futott v\u00e9gig rajtuk, mint a ny\u00e1rfa levelein. Elindultak a Szentf\u00f6ldre, sz\u00e1razon \u00e9s v\u00edzen, nagy neh\u00e9zs\u00e9geket gy\u0151ztek le \u00e9s 1099 nyar\u00e1n, harangz\u00fag\u00e1s k\u00f6zepette, zsolozsm\u00e1kat \u00e9nekelve \u00e9s im\u00e1dkozva, elfoglalt\u00e1k Jeruzs\u00e1lemet\u2026<\/p>\n<p>Nem \u00edgy t\u00f6rt\u00e9nt. Zsolozsma-\u00e9nekl\u00e9sre \u00e9s im\u00e1dkoz\u00e1sra nem volt id\u0151, mert a keresztesek utols\u00f3 sz\u00e1lig lem\u00e9sz\u00e1rolt\u00e1k Jeruzs\u00e1lem 40.000 f\u0151nyi lakoss\u00e1g\u00e1t \u00e9s a zsid\u00f3kra r\u00e1gy\u00fajtott\u00e1k a zsinag\u00f3g\u00e1t. Harangok pedig nem sz\u00f3ltak. A zsid\u00f3ver\u00e9st m\u00e1r odahaza, N\u00e9met- \u00e9s Franciaorsz\u00e1gban elkezdt\u00e9k, mondv\u00e1n: \u201eha a zsid\u00f3k nem \u00f6lik meg J\u00e9zust, most nem k\u00e9ne a Szentf\u00f6ldre menni harcolni\u201d. Ez nem annyira a lovagok, Geoffroy de Bouillon \u00e9s Tankr\u00e9d v\u00e9lem\u00e9nye volt, kiknek minden idej\u00e9t elfoglalt\u00e1k az egym\u00e1s elleni intrik\u00e1k, melyik\u00fckb\u0151l legyen Jeruzs\u00e1lem kir\u00e1lya, hanem a szeg\u00e9ny j\u00e1mborok\u00e9. Ezek az\u00e9rt csatlakoztak a keresztes hadakhoz, mert a p\u00e1pa teljes b\u0171nbocs\u00e1natot hirdetett a r\u00e9sztvev\u0151k sz\u00e1m\u00e1ra. Azonk\u00edv\u00fcl volt egy r\u00e9teg, a desper\u00e1d\u00f3: a cs\u00fcrhe, mely nem harcolni, hanem rabolni j\u00f6tt\u2026<\/p>\n<p>k\u00e9s\u0151bb k\u00f6vetkezett a gyermekek keresztes hadj\u00e1rata. III. Ince p\u00e1pa minden hatalm\u00e1val tiltakozott ellene; de ha a p\u00e1pa j\u00f3t akar, sz\u00e1nd\u00e9ka nemegyszer meghi\u00fasul elvetem\u00fclten ostoba al\u00e1rendeltjei miatt. A francia vid\u00e9ki als\u00f3paps\u00e1g azt \u00e1ll\u00edtotta, hogy \u201eKrisztus s\u00edrj\u00e1t csak \u00e1rtatlan gyermekek h\u00f3d\u00edthatj\u00e1k vissza a pog\u00e1nyokt\u00f3l\u201d. Az egyik nagymenet Blois-b\u00f3l indult, sok ezer mez\u00edtl\u00e1bas gyermekkel. Genu\u00e1ban kivezett\u00e9k \u0151ket a m\u00f3l\u00f3ra, de nem volt el\u00e9g haj\u00f3 sz\u00e1ll\u00edt\u00e1sukhoz. \u201eIsten majd \u00e1tvezeti a gyermekeket sz\u00e1raz l\u00e1bbal a tengeren\u201d \u2013 mondt\u00e1k a papok, mire a gyerekek kezet fogtak \u00e9s felemelt f\u00e9ll\u00e1bbal belel\u00e9ptek a tengerbe. K\u00f6z\u00e9pkori emberek nem tudtak \u00faszni, m\u00e9g haj\u00f3sok sem. A papok visszatartott\u00e1k az olaszokat, hogy a fuldokl\u00f3k seg\u00edts\u00e9g\u00e9re siessenek. Nekik is volt magyar\u00e1zatuk mindenre, mint a kommunist\u00e1knak: \u201eA gyermekeket az\u00e9rt hagyta Krisztus els\u00fcllyedni, mert gonoszs\u00e1g lakik benn\u00fck.\u201d A sereg marad\u00e9k\u00e1t a g\u00e1ly\u00e1k Palesztin\u00e1ba vitt\u00e9k, \u00e9s aki nem pusztult el \u00fatk\u00f6zben, az az arabok elleni harcban esett el\u2026<\/p>\n<p>&nbsp;<\/p>\n<hr>\n<p>El\u0151zm\u00e9nyek:&nbsp;&nbsp;<a href=\"https:\/\/ujkafe.website\/?p=76678\"><strong>1. r\u00e9sz<\/strong><\/a>\/&nbsp;<strong><a href=\"https:\/\/ujkafe.website\/?p=76694\">2. r\u00e9sz<\/a>&nbsp;\/&nbsp;<a href=\"https:\/\/ujkafe.website\/?p=76764\">3. r\u00e9sz<\/a>&nbsp;\/<a href=\"https:\/\/ujkafe.website\/?p=76798\">&nbsp;4. r\u00e9sz<\/a>&nbsp;\/<a href=\"https:\/\/ujkafe.website\/?p=76831\">&nbsp;5. r\u00e9sz<\/a>&nbsp;\/<a href=\"https:\/\/ujkafe.website\/?p=76861\">&nbsp;6. r\u00e9sz<\/a>&nbsp;\/&nbsp;<a href=\"https:\/\/ujkafe.website\/?p=76888\">7. r\u00e9sz<\/a>&nbsp;\/<a href=\"https:\/\/ujkafe.website\/?p=76912\">&nbsp;8. r\u00e9sz<\/a>&nbsp;\/&nbsp;<a href=\"https:\/\/ujkafe.website\/?p=76939\">9. r\u00e9sz&nbsp;<\/a>\/&nbsp;<a href=\"https:\/\/ujkafe.website\/?p=76968\">10. r\u00e9sz&nbsp;<\/a>\/&nbsp;<a href=\"https:\/\/ujkafe.website\/?p=77011\">11. r\u00e9sz<\/a>&nbsp;\/&nbsp;<a href=\"https:\/\/ujkafe.website\/?p=77041\">12. r\u00e9sz<\/a>&nbsp;\/<a href=\"https:\/\/ujkafe.website\/?p=77100\">&nbsp;13. r\u00e9sz<\/a>&nbsp;\/&nbsp;<a href=\"https:\/\/ujkafe.website\/?p=77158\">14. r\u00e9sz<\/a>&nbsp;\/<a href=\"https:\/\/ujkafe.website\/?p=77240\">&nbsp;15. r\u00e9sz<\/a>&nbsp;\/<a href=\"https:\/\/ujkafe.website\/?p=77286\">&nbsp;16. r\u00e9sz<\/a>&nbsp;\/&nbsp;<a href=\"https:\/\/ujkafe.website\/?p=77335\">17. r\u00e9sz&nbsp;<\/a>\/&nbsp;<a href=\"https:\/\/ujkafe.website\/?p=77469\">18. r\u00e9sz<\/a>&nbsp;\/&nbsp;<a href=\"https:\/\/ujkafe.website\/?p=77532\">19. r\u00e9sz<\/a>&nbsp;\/<a href=\"https:\/\/ujkafe.website\/?p=77606\">&nbsp;20. r\u00e9sz&nbsp;<\/a>\/<a href=\"https:\/\/ujkafe.website\/?p=77672\">&nbsp;21. r\u00e9sz<\/a>&nbsp;\/&nbsp;<a href=\"https:\/\/ujkafe.website\/?p=77753\">22. r\u00e9sz<\/a>&nbsp;\/&nbsp;<a href=\"https:\/\/ujkafe.website\/?p=77838\">23. r\u00e9sz<\/a>&nbsp;\/&nbsp;<a href=\"https:\/\/ujkafe.website\/?p=77915\">24. r\u00e9sz&nbsp;<\/a>\/&nbsp;<a href=\"https:\/\/ujkafe.website\/?p=77980\">25. r\u00e9sz&nbsp;<\/a>\/&nbsp;<a href=\"https:\/\/ujkafe.website\/?p=78059\">26. r\u00e9sz<\/a>&nbsp;\/<a href=\"https:\/\/ujkafe.website\/?p=78136\">&nbsp;27. r\u00e9sz<\/a>&nbsp;\/&nbsp;<a href=\"https:\/\/ujkafe.website\/?p=78256\">28. r\u00e9sz<\/a>&nbsp;\/&nbsp;<a href=\"https:\/\/ujkafe.website\/?p=78383\">29. r\u00e9sz<\/a>&nbsp;\/&nbsp;<a href=\"https:\/\/ujkafe.website\/?p=78430\">30. r\u00e9sz<\/a>&nbsp;\/&nbsp;<a href=\"https:\/\/ujkafe.website\/?p=78476\">31. r\u00e9sz<\/a>&nbsp;\/<a href=\"https:\/\/ujkafe.website\/?p=78600\"> 32. r\u00e9sz<\/a> \/<\/strong><\/p>\n","protected":false},"excerpt":{"rendered":"<p>1987.j\u00fanius 29. (I) Belelapoztam Stephen Runciman A History of the Crusades (A keresztes h\u00e1bor\u00fak t\u00f6rt\u00e9nete) c\u00edm\u0171 m\u0171v\u00e9be. Ez itt egy k\u00f6tetes kivonat; otthon Toront\u00f3ban megvan mind a h\u00e1rom k\u00f6tet \u00e9s el\u00e9g j\u00f3l ismerem. M\u00e9gis erre a r\u00f6vid\u00edtett kiad\u00e1sra volt sz\u00fcks\u00e9gem, hogy r\u00e1j\u00f6jjek: mennyire elt\u00e1volodott v\u00e9lem\u00e9nyem a keresztes h\u00e1bor\u00fak dolg\u00e1ban (\u00e9s sok m\u00e1s t\u00f6rt\u00e9nelmi esem\u00e9nyben) att\u00f3l, [&hellip;]<\/p>\n","protected":false},"author":3,"featured_media":0,"comment_status":"open","ping_status":"open","sticky":false,"template":"","format":"standard","meta":{"_monsterinsights_skip_tracking":false,"_monsterinsights_sitenote_active":false,"_monsterinsights_sitenote_note":"","_monsterinsights_sitenote_category":0,"ngg_post_thumbnail":0,"footnotes":""},"categories":[120],"tags":[],"class_list":["post-78784","post","type-post","status-publish","format-standard","hentry","category-essze"],"_links":{"self":[{"href":"https:\/\/ujkafe.website\/index.php?rest_route=\/wp\/v2\/posts\/78784","targetHints":{"allow":["GET"]}}],"collection":[{"href":"https:\/\/ujkafe.website\/index.php?rest_route=\/wp\/v2\/posts"}],"about":[{"href":"https:\/\/ujkafe.website\/index.php?rest_route=\/wp\/v2\/types\/post"}],"author":[{"embeddable":true,"href":"https:\/\/ujkafe.website\/index.php?rest_route=\/wp\/v2\/users\/3"}],"replies":[{"embeddable":true,"href":"https:\/\/ujkafe.website\/index.php?rest_route=%2Fwp%2Fv2%2Fcomments&post=78784"}],"version-history":[{"count":0,"href":"https:\/\/ujkafe.website\/index.php?rest_route=\/wp\/v2\/posts\/78784\/revisions"}],"wp:attachment":[{"href":"https:\/\/ujkafe.website\/index.php?rest_route=%2Fwp%2Fv2%2Fmedia&parent=78784"}],"wp:term":[{"taxonomy":"category","embeddable":true,"href":"https:\/\/ujkafe.website\/index.php?rest_route=%2Fwp%2Fv2%2Fcategories&post=78784"},{"taxonomy":"post_tag","embeddable":true,"href":"https:\/\/ujkafe.website\/index.php?rest_route=%2Fwp%2Fv2%2Ftags&post=78784"}],"curies":[{"name":"wp","href":"https:\/\/api.w.org\/{rel}","templated":true}]}}