
{"id":80356,"date":"2018-11-27T02:57:44","date_gmt":"2018-11-27T02:57:44","guid":{"rendered":"https:\/\/ujkafe.website\/?p=80356"},"modified":"2018-11-27T04:44:26","modified_gmt":"2018-11-27T04:44:26","slug":"a-szovegiro-masodik-elete","status":"publish","type":"post","link":"https:\/\/ujkafe.website\/?p=80356","title":{"rendered":"A sz\u00f6veg\u00edr\u00f3 m\u00e1sodik \u00e9lete"},"content":{"rendered":"<p><em>N\u00e9hai Kinde Annam\u00e1ria, aki a kezdetekt\u0151l fogva a K\u00e1f\u00e9 szerz\u0151i t\u00f6rzsg\u00e1rd\u00e1j\u00e1hoz tartozott, ma kezdi \u201eki\u00e9rdemelni\u201d azt az \u00e9rt\u00e9kel\u00e9st \u00e9s elismer\u00e9st, ami k\u00f6lt\u0151i teljes\u00edtm\u00e9nye folyt\u00e1n kij\u00e1r a sz\u00e1m\u00e1ra. Sar\u00e1ny Istv\u00e1n Garabonci\u00e1sok c\u00edm\u0171, frissen megjelent k\u00f6nyv\u00e9ben, amely \u2013 b\u00e1rhogy is tekintj\u00fck, a rom\u00e1niai magyar k\u00f6nny\u0171zene t\u00f6rt\u00e9net\u00e9nek alaposan dokument\u00e1lt \u201ereg\u00e9nye\u201d \u2013 a f\u00fcggel\u00e9kben megismerkedhet\u00fcnk a k\u00f6nny\u0171zenei alkot\u00e1sokhoz sz\u00f6veget \u00edr\u00f3 k\u00f6lt\u0151 \u201egarabonci\u00e1s\u201d sz\u00f6vegeivel, amelyek szerves r\u00e9szei az egy\u00fcttes m\u0171v\u00e9szi tev\u00e9kenys\u00e9g\u00e9nek. Id\u00e9z\u00e9s\u00fck Kinde Annam\u00e1ria m\u00e1sodik \u00e9let\u00e9t jelenti&#8230;<\/em><!--more--><\/p>\n<p><strong>Boros Zolt\u00e1n a Kinde-f\u00e9le dalsz\u00f6vegekr\u0151l:&nbsp;<\/strong>\u201eKinde Annam\u00e1ri\u00e1nak siker\u00fclt az egy\u00fcttes zen\u00e9j\u00e9nek, st\u00edlus\u00e1nak, megjelen\u00e9s\u00e9nek megfelel\u0151 sz\u00f6vegeket \u00edrnia, ezek: dalsz\u00f6vegek. \u00c9rt\u00e9k\u00fck abban \u00e1ll, hogy komoly vagy ironikus mondanival\u00f3t k\u00f6nnyen \u00e9rthet\u0151, befogadhat\u00f3 form\u00e1ban fogalmaznak meg, illeszkedve a country-rock egy\u00fcttes st\u00edlus\u00e1hoz. Az egy\u00fcttes szerz\u0151je, Csutak Istv\u00e1n a k\u00e9sz sz\u00f6vegekre kompon\u00e1lhatott a saj\u00e1t zenei elk\u00e9pzel\u00e9sei alapj\u00e1n. M\u00e1s egy\u00fcttesekn\u00e9l az is el\u0151fordul, hogy a zene \u00e9s a sz\u00f6veg egyar\u00e1nt k\u00f6z\u00f6s produkci\u00f3. Annamari, amikor a Garabonci\u00e1snak \u00edrt, tudatosan \u00fagy alak\u00edtotta a sz\u00f6vegeit, hogy k\u00f6nnyen \u00e9nekelhet\u0151k legyenek, teh\u00e1t feszesebb ritmik\u00e1val, a sz\u00f6veghangs\u00falyok logikus elrendez\u00e9s\u00e9vel, min\u00e9l szimmetrikusabb form\u00e1ban. A saj\u00e1t \u00e9letkor\u00e1nak \u00e9s bar\u00e1ti k\u00f6rnyezet\u00e9nek a sz\u00f3kincs\u00e9t haszn\u00e1lta, az \u00e9l\u0151besz\u00e9d st\u00edlus\u00e1t. Ezek dalsz\u00f6vegek teh\u00e1t, amiket egy k\u00f6lt\u0151i talentummal meg\u00e1ldott m\u0171velt ember \u00edrt kit\u0171n\u0151, a m\u0171fajt tiszteletben tart\u00f3 forma\u00e9rz\u00e9kkel \u00e9s sz\u00f3kinccsel. (\u2026) Kinde teh\u00e1t egy olyan n\u00e9pszer\u0171 zenei vil\u00e1gban \u00e9s gener\u00e1ci\u00f3s attit\u0171dben tal\u00e1lta meg a m\u0171fajhoz ill\u0151 hangot, amelyben akkor, a hetvenes \u00e9vek k\u00f6zepe t\u00e1j\u00e1n sikeres, a k\u00f6nny\u00fbzen\u00e9nek az ig\u00e9nyesebb, a mondanival\u00f3t, az \u00fczenetet kiemelked\u0151en fontosnak tart\u00f3 st\u00edlusaiban, a rockzen\u00e9ben \u00e9s a folkban m\u00e1r n\u00e9h\u00e1ny kiv\u00e1l\u00f3 dalsz\u00f6veg\u00edr\u00f3 m\u0171k\u00f6d\u00f6tt.\u201d<\/p>\n<h2><strong>Kinde Annam\u00e1ria \u201egarabonci\u00e1s\u201d dalsz\u00f6vegeib\u0151l*<\/strong><\/h2>\n<p><em><strong>A bar\u00e1ts\u00e1g<\/strong><\/em><\/p>\n<p>a b\u00e1tors\u00e1g m\u00e9g mindig t\u00fal kev\u00e9s<br \/>\ngondolom \u00e9n<br \/>\nde ha van, h\u00e1t c\u00e9lba jutni nem neh\u00e9z<br \/>\nezt l\u00e1tom \u00e9n<br \/>\n\u00e9s mert elmondhatom neked, hogy mir\u0151l mit is gondolok<br \/>\na bar\u00e1ts\u00e1gunk nagyon j\u00f3 dolog<\/p>\n<p>m\u00e9g fontosabb az eg\u00e9sz, mint a r\u00e9sz<br \/>\ngondolom \u00e9n<br \/>\nde a meg\u00e9rt\u00e9s m\u00e1r t\u00falz\u00e1sokba v\u00e9sz<br \/>\nezt l\u00e1tom \u00e9n<br \/>\n\u00e9s, ha elmondhatom neked, mir\u0151l mit is gondolok<br \/>\nnyugtass meg, hogy bolond nem vagyok<\/p>\n<p>a tisztelet is lehet n\u00e9ha f\u00e9k<br \/>\ngondolom \u00e9n<br \/>\n\u00e9s essz\u00fck n\u00e9ha n\u00e9m\u00e1n a kef\u00e9t<br \/>\nezt l\u00e1tom \u00e9n<br \/>\n\u00e9s mert nem csak azt mondom neked<br \/>\namit szeretn\u00e9l hallani<br \/>\nbar\u00e1ts\u00e1gunk t\u00f6r\u00e9keny valami<\/p>\n<hr>\n<p><em><strong>M\u00e1gly\u00e1ra sz\u00fclettem<\/strong><\/em><\/p>\n<p>m\u00e1gly\u00e1ra sz\u00fclettem<br \/>\nlobog\u00f3 sipk\u00e1nak<br \/>\nrakj\u00e1k m\u00e1r valakik, \u00e9rzem<br \/>\na m\u00e1gly\u00e1kat<\/p>\n<p>viharnak sz\u00fclettem<br \/>\nfad\u00f6nt\u00f6get\u0151nek<br \/>\nmez\u0151re sz\u00fclettem<br \/>\nostoroz\u00f3 sz\u00e9lnek<\/p>\n<p>\u00e9s ha nem sz\u00e1llsz mellettem,<br \/>\nl\u00e1tsz majd lehullani<\/p>\n<p>sz\u00f3l\u00edtasz az utc\u00e1n \u00e9s \u00e9n m\u00e1r nem leszek<br \/>\nkev\u00e9s id\u0151t m\u00e9rtek nekem, l\u00e1tod, ez\u00e9rt sietek<\/p>\n<hr>\n<p>&nbsp;<\/p>\n<p><em><strong>B\u00facs\u00fa<\/strong><\/em><\/p>\n<p>mikor \u00fatnak indulok<br \/>\narcodat l\u00e1tom<br \/>\nSz\u00edvemet mint az \u00e1tok<br \/>\nfogja az \u00e1lom<\/p>\n<p>l\u00e9pn\u00e9k, de a v\u00e1llamon<br \/>\nkezedet \u00e9rzem<br \/>\nsz\u00edvedig r\u00f6p\u00edt \u00e1lmom<br \/>\nhi\u00e1ba k\u00e9rem<\/p>\n<p>hagyjon elindulni m\u00e1r<br \/>\naz \u00faton menni<br \/>\nhozz\u00e1d visszat\u00e9rek<br \/>\nmajd megpihenni<\/p>\n<p>\u00e9nekk\u00e9 b\u0171v\u00f6lted<br \/>\nsz\u00edvemben a csendet<br \/>\ntenyeredb\u0151l arcom<br \/>\nlehullni sose engedd<\/p>\n<hr>\n<p><em><strong>Z\u00fag\u00f3 es\u0151 sz\u00e1lai k\u00f6zt<\/strong><\/em><\/p>\n<p>Veri vihar az ablakunk<br \/>\nvill\u00e1mlik Kolozsv\u00e1r felett.<br \/>\nZ\u00fag\u00f3 es\u0151 sz\u00e1lai k\u00f6zt<br \/>\nvirrasztok magamban veled.<\/p>\n<p>Ak\u00e1r a dombokr\u00f3l a term\u0151<br \/>\ntalaj, m\u00e1llik az \u00e9rtelem.<br \/>\nVirrasztok magamban veled,<br \/>\nm\u00edg d\u00f6r\u00f6g odafenn a menny.<\/p>\n<p>Meg\u00e9rkeznek a vonatok,<br \/>\nelv\u00e1lik tejt\u0151l az ecet.<br \/>\nElvill\u00e1mlik az \u00e9let\u00fcnk,<br \/>\nvirrasztok magamban veled.<\/p>\n<p>L\u00e1tni feh\u00e9ren-feket\u00e9n<br \/>\nmilyen is ez az \u00e9jszaka.<br \/>\nZ\u00fag\u00f3 es\u0151 sz\u00e1lai k\u00f6zt<br \/>\nsohasem tal\u00e1lunk haza.<\/p>\n<hr>\n<p><em>* Az egy\u00fcttesvezet\u0151 Csutak Istv\u00e1n meg\u0151rz\u00f6tt sz\u00f6vegek alapj\u00e1n<\/em><\/p>\n<p><strong>Forr\u00e1s: Sar\u00e1ny Istv\u00e1n: Garabonci\u00e1sok. Kriterion, 2018<\/strong><\/p>\n","protected":false},"excerpt":{"rendered":"<p>N\u00e9hai Kinde Annam\u00e1ria, aki a kezdetekt\u0151l fogva a K\u00e1f\u00e9 szerz\u0151i t\u00f6rzsg\u00e1rd\u00e1j\u00e1hoz tartozott, ma kezdi \u201eki\u00e9rdemelni\u201d azt az \u00e9rt\u00e9kel\u00e9st \u00e9s elismer\u00e9st, ami k\u00f6lt\u0151i teljes\u00edtm\u00e9nye folyt\u00e1n kij\u00e1r a sz\u00e1m\u00e1ra. Sar\u00e1ny Istv\u00e1n Garabonci\u00e1sok c\u00edm\u0171, frissen megjelent k\u00f6nyv\u00e9ben, amely \u2013 b\u00e1rhogy is tekintj\u00fck, a rom\u00e1niai magyar k\u00f6nny\u0171zene t\u00f6rt\u00e9net\u00e9nek alaposan dokument\u00e1lt \u201ereg\u00e9nye\u201d \u2013 a f\u00fcggel\u00e9kben megismerkedhet\u00fcnk a k\u00f6nny\u0171zenei alkot\u00e1sokhoz sz\u00f6veget [&hellip;]<\/p>\n","protected":false},"author":3,"featured_media":0,"comment_status":"open","ping_status":"open","sticky":false,"template":"","format":"standard","meta":{"_monsterinsights_skip_tracking":false,"_monsterinsights_sitenote_active":false,"_monsterinsights_sitenote_note":"","_monsterinsights_sitenote_category":0,"ngg_post_thumbnail":0,"footnotes":""},"categories":[16,28,4],"tags":[],"class_list":["post-80356","post","type-post","status-publish","format-standard","hentry","category-bongeszde","category-dal","category-vers"],"_links":{"self":[{"href":"https:\/\/ujkafe.website\/index.php?rest_route=\/wp\/v2\/posts\/80356","targetHints":{"allow":["GET"]}}],"collection":[{"href":"https:\/\/ujkafe.website\/index.php?rest_route=\/wp\/v2\/posts"}],"about":[{"href":"https:\/\/ujkafe.website\/index.php?rest_route=\/wp\/v2\/types\/post"}],"author":[{"embeddable":true,"href":"https:\/\/ujkafe.website\/index.php?rest_route=\/wp\/v2\/users\/3"}],"replies":[{"embeddable":true,"href":"https:\/\/ujkafe.website\/index.php?rest_route=%2Fwp%2Fv2%2Fcomments&post=80356"}],"version-history":[{"count":0,"href":"https:\/\/ujkafe.website\/index.php?rest_route=\/wp\/v2\/posts\/80356\/revisions"}],"wp:attachment":[{"href":"https:\/\/ujkafe.website\/index.php?rest_route=%2Fwp%2Fv2%2Fmedia&parent=80356"}],"wp:term":[{"taxonomy":"category","embeddable":true,"href":"https:\/\/ujkafe.website\/index.php?rest_route=%2Fwp%2Fv2%2Fcategories&post=80356"},{"taxonomy":"post_tag","embeddable":true,"href":"https:\/\/ujkafe.website\/index.php?rest_route=%2Fwp%2Fv2%2Ftags&post=80356"}],"curies":[{"name":"wp","href":"https:\/\/api.w.org\/{rel}","templated":true}]}}