
{"id":80358,"date":"2018-11-27T02:59:35","date_gmt":"2018-11-27T02:59:35","guid":{"rendered":"https:\/\/ujkafe.website\/?p=80358"},"modified":"2018-11-26T09:18:29","modified_gmt":"2018-11-26T09:18:29","slug":"uj-kafe-fonix","status":"publish","type":"post","link":"https:\/\/ujkafe.website\/?p=80358","title":{"rendered":"\u00daJ K\u00c1F\u00c9 F\u0150NIX"},"content":{"rendered":"<div id=\"attachment_80359\" style=\"width: 410px\" class=\"wp-caption alignnone\"><a href=\"https:\/\/ujkafe.website\/wp-content\/uploads\/2018\/11\/kafe-logo-valabil2.jpg\"><img loading=\"lazy\" decoding=\"async\" aria-describedby=\"caption-attachment-80359\" class=\"wp-image-80359\" src=\"https:\/\/ujkafe.website\/wp-content\/uploads\/2018\/11\/kafe-logo-valabil2.jpg\" alt=\"\" width=\"400\" height=\"404\" srcset=\"https:\/\/ujkafe.website\/wp-content\/uploads\/2018\/11\/kafe-logo-valabil2.jpg 472w, https:\/\/ujkafe.website\/wp-content\/uploads\/2018\/11\/kafe-logo-valabil2-297x300.jpg 297w\" sizes=\"auto, (max-width: 400px) 100vw, 400px\" \/><\/a><p id=\"caption-attachment-80359\" class=\"wp-caption-text\"><em>A K\u00e1f\u00e9 F\u0151nix \u00faj log\u00f3ja, Pusztai P\u00e9ter \u00e9s Irina munk\u00e1ja<\/em><\/p><\/div>\n<p><em><strong>\u00c9s \u00fajra felt\u00e1madt&#8230;<\/strong><\/em><\/p>\n<p><em>A K\u00e1f\u00e9 F\u0151nix n\u00e9ven ismert irodalmi \u00e9s fot\u00f3m\u0171v\u00e9szeti online port\u00e1lnak vesz\u00e9lyben volt a l\u00e9te 2018 enyh\u00e9n cs\u00edp\u0151s okt\u00f3ber\u00e9ben, de \u00f6r\u00f6mmel adhatjuk k\u00f6zre a h\u00edrt november v\u00e9g\u00e9n: nem sz\u0171n\u00fcnk meg \u2013 folytatjuk.<\/em><\/p>\n<p><em>Mindenek el\u0151tt erd\u00e9lyi (k\u00f6t\u0151d\u00e9s\u0171) k\u00f6lt\u0151k-pr\u00f3za\u00edr\u00f3k, k\u00e9pz\u0151- \u00e9s fot\u00f3m\u0171v\u00e9szek alkot\u00e1sainak k\u00f6zl\u00e9s\u00e9t, azt rem\u00e9lj\u00fck, hogy a vil\u00e1gon sz\u00e9tsz\u00f3rtan \u00e9l\u0151 olvas\u00f3ink \u2013 Stockholmt\u00f3l Sydney-ig, Cs\u00edkszerd\u00e1t\u00f3l New Yorkig \u2013 r\u00e1nk tal\u00e1lnak a port\u00e1l \u00faj c\u00edm\u00e9n:<\/em><\/p>\n<h2 style=\"text-align: center;\"><a href=\"https:\/\/ujkafe.website\">https:\/\/ujkafe.website<\/a>\/<\/h2>\n<p><!--more--><\/p>\n<p>Online foly\u00f3iratunk ism\u00e9telt felt\u00e1mad\u00e1sainak t\u00f6rt\u00e9nete van.<br \/>\nKezd\u0151d\u00f6tt m\u00e9g az internetez\u00e9s h\u0151skor\u00e1ban Caf\u00e9 Brass\u00f3-Stockholm c\u00edmen a GeoCities szerver\u00e9n \u2013 Jani Istv\u00e1nnal egy\u00fctt. Majd Internetcsin\u00e1l\u00f3k sorozat\u00e1t Aradi J\u00f3zsef \u00e1tvette Transylvania.org nevezet\u0171 birodalm\u00e1ba. \u00dajabb k\u00f6lt\u00f6z\u00e9s: Horv\u00e1th Sz. Istv\u00e1n \u201dinternetguru\u201d Transycan-j\u00e1ra, Caf\u00e9 Stockholm-Toront\u00f3 c\u00edmmel. Innen a Caf\u00e9 Stockholm k\u00e9s\u0151bb f\u00fcggetlenedett, valamint \u201cmagyaros\u00edtott\u201d is: K\u00e1f\u00e9ra. Cseke G\u00e1bor ezid\u0151t\u00e1jt l\u00e9pett be szerkeszt\u0151nek, vele b\u0151v\u00fclt a tartalom: \u0151 hozta be a fot\u00f3kat a lapba, \u00e9s neki k\u00f6sz\u00f6nhet\u0151k a kult\u00fart\u00f6rt\u00e9neti \u00edr\u00e1sok.<br \/>\n(A \u201cPh\u0151nixmad\u00e1r-sztorit\u201d am\u00fagy meg\u00edrtam a kolozsv\u00e1ri t\u00e1rsadalomtudom\u00e1nyi foly\u00f3irat, a Korunk k\u00e9r\u00e9s\u00e9re, a sz\u00f6veg megtal\u00e1lhat\u00f3 port\u00e1lunk Magunkr\u00f3l men\u00fcpontja alatt.)<br \/>\nAmikor \u2013 internet-technikai okokb\u00f3l \u2013 ott is kitelt az id\u0151nk, a Hungarian Human Rights Foundation biztos\u00edtott \u00faj otthont, k\u00fcl\u00f6n h\u00e1la ez\u00e9rt H\u00e1mos L\u00e1szl\u00f3 akkori HHRF-vezet\u0151nek s a HHRF kollekt\u00edv\u00e1j\u00e1nak. Az \u00e1tk\u00f6lt\u00f6z\u00e9st szatm\u00e1ri munkat\u00e1rsunknak, az az\u00f3ta az \u00e9l\u0151k sor\u00e1b\u00f3l elt\u00e1vozott Debreczeni \u00c9v\u00e1nak k\u00f6sz\u00f6nhetj\u00fck, ekkor vett\u00fck fel az \u0151 javaslat\u00e1ra a K\u00e1f\u00e9 F\u0151nix nevet.<br \/>\nId\u00e9n okt\u00f3berben \u00e9rt benn\u00fcnket a h\u00edr, hogy a HHRF szerver\u00e9r\u0151l is t\u00e1voznunk kell. Akci\u00f3ba l\u00e9pett \u201cwebgondvisel\u0151nk\u201d, Aradi J\u00f3zsef, tov\u00e1bb\u00e1 \u201cwebgondnokunk\u201d\/webmester\u00fcnk Horv\u00e1th Sz. Istv\u00e1n, azaz Moshu, s \u00e1ldozatos munk\u00e1j\u00e1nak k\u00f6sz\u00f6nhet\u0151en \u00fajra m\u0171k\u00f6dik a K\u00e1f\u00e9, m\u00e1s szerveren, de j\u00f3val biztosabban. A lapot szerkesztik Cseke G\u00e1bor \u00e9s Gergely Tam\u00e1s.<br \/>\nK\u00fcl\u00f6n k\u00f6sz\u00f6net azoknak, akik mellett\u00fcnk \u00e1lltak az \u00e1tmeneti neh\u00e9z id\u0151szakban, ugr\u00e1sra k\u00e9szen v\u00e1rva arra, hogy sz\u00fcks\u00e9g eset\u00e9n seg\u00edtsenek.<br \/>\nFolytatjuk teh\u00e1t, f\u0151k\u00e9nt erd\u00e9lyi (k\u00f6t\u0151d\u00e9s\u0171) k\u00f6lt\u0151k-pr\u00f3za\u00edr\u00f3k \u00e9s k\u00e9pz\u0151- \u00e9s fot\u00f3m\u0171v\u00e9szek alkot\u00e1sainak k\u00f6zl\u00e9s\u00e9t, azt rem\u00e9lj\u00fck, hogy a vil\u00e1gon sz\u00e9tsz\u00f3rtan \u00e9l\u0151 olvas\u00f3ink \u2013 Stockholmt\u00f3l Sydney-ig, Cs\u00edkszerd\u00e1t\u00f3l New Yorkig \u2013 r\u00e1nk tal\u00e1lnak a port\u00e1l \u00faj c\u00edm\u00e9n:<\/p>\n<h2 style=\"text-align: center;\"><a href=\"https:\/\/ujkafe.website\/\"><em><strong>https:\/\/ujkafe.website\/<\/strong><\/em><\/a><\/h2>\n<p style=\"text-align: right;\"><em><strong>Gergely Tam\u00e1s, Stockholm, 2018. november v\u00e9ge<\/strong><\/em><\/p>\n","protected":false},"excerpt":{"rendered":"<p>\u00c9s \u00fajra felt\u00e1madt&#8230; A K\u00e1f\u00e9 F\u0151nix n\u00e9ven ismert irodalmi \u00e9s fot\u00f3m\u0171v\u00e9szeti online port\u00e1lnak vesz\u00e9lyben volt a l\u00e9te 2018 enyh\u00e9n cs\u00edp\u0151s okt\u00f3ber\u00e9ben, de \u00f6r\u00f6mmel adhatjuk k\u00f6zre a h\u00edrt november v\u00e9g\u00e9n: nem sz\u0171n\u00fcnk meg \u2013 folytatjuk. Mindenek el\u0151tt erd\u00e9lyi (k\u00f6t\u0151d\u00e9s\u0171) k\u00f6lt\u0151k-pr\u00f3za\u00edr\u00f3k, k\u00e9pz\u0151- \u00e9s fot\u00f3m\u0171v\u00e9szek alkot\u00e1sainak k\u00f6zl\u00e9s\u00e9t, azt rem\u00e9lj\u00fck, hogy a vil\u00e1gon sz\u00e9tsz\u00f3rtan \u00e9l\u0151 olvas\u00f3ink \u2013 Stockholmt\u00f3l Sydney-ig, [&hellip;]<\/p>\n","protected":false},"author":3,"featured_media":0,"comment_status":"open","ping_status":"open","sticky":false,"template":"","format":"standard","meta":{"_monsterinsights_skip_tracking":false,"_monsterinsights_sitenote_active":false,"_monsterinsights_sitenote_note":"","_monsterinsights_sitenote_category":0,"ngg_post_thumbnail":0,"footnotes":""},"categories":[135],"tags":[],"class_list":["post-80358","post","type-post","status-publish","format-standard","hentry","category-reklam"],"_links":{"self":[{"href":"https:\/\/ujkafe.website\/index.php?rest_route=\/wp\/v2\/posts\/80358","targetHints":{"allow":["GET"]}}],"collection":[{"href":"https:\/\/ujkafe.website\/index.php?rest_route=\/wp\/v2\/posts"}],"about":[{"href":"https:\/\/ujkafe.website\/index.php?rest_route=\/wp\/v2\/types\/post"}],"author":[{"embeddable":true,"href":"https:\/\/ujkafe.website\/index.php?rest_route=\/wp\/v2\/users\/3"}],"replies":[{"embeddable":true,"href":"https:\/\/ujkafe.website\/index.php?rest_route=%2Fwp%2Fv2%2Fcomments&post=80358"}],"version-history":[{"count":0,"href":"https:\/\/ujkafe.website\/index.php?rest_route=\/wp\/v2\/posts\/80358\/revisions"}],"wp:attachment":[{"href":"https:\/\/ujkafe.website\/index.php?rest_route=%2Fwp%2Fv2%2Fmedia&parent=80358"}],"wp:term":[{"taxonomy":"category","embeddable":true,"href":"https:\/\/ujkafe.website\/index.php?rest_route=%2Fwp%2Fv2%2Fcategories&post=80358"},{"taxonomy":"post_tag","embeddable":true,"href":"https:\/\/ujkafe.website\/index.php?rest_route=%2Fwp%2Fv2%2Ftags&post=80358"}],"curies":[{"name":"wp","href":"https:\/\/api.w.org\/{rel}","templated":true}]}}