
{"id":81760,"date":"2019-02-17T02:50:49","date_gmt":"2019-02-17T02:50:49","guid":{"rendered":"https:\/\/ujkafe.website\/?p=81760"},"modified":"2023-08-06T15:59:45","modified_gmt":"2023-08-06T15:59:45","slug":"internet-kavezo-tizenegyedik-adag","status":"publish","type":"post","link":"https:\/\/ujkafe.website\/?p=81760","title":{"rendered":"Internet-k\u00e1v\u00e9z\u00f3 B\u00c1R\u00c1NYI Ildik\u00f3, ZSEHR\u00c1NSZKY Istv\u00e1n, HADNAGY J\u00f3zsef"},"content":{"rendered":"<p><em>Folytatjuk k\u00e1v\u00e9z\u00e1s-k\u00e1v\u00e9h\u00e1z-ank\u00e9tunkat. K\u00e9rd\u00e9seink ez\u00fattal is ezek voltak:<\/em><br \/>\n<em>El\u0151deink k\u00e1v\u00e9h\u00e1zba j\u00e1rtak \u2013 ittak, besz\u00e9lgettek, \u00edrtak. K\u00f6z\u00f6ss\u00e9ghez tartoztak. Hova j\u00e1rsz te, melyik \u201ek\u00e1v\u00e9h\u00e1zba\u201d? Hol vagy igaz\u00e1n otthon? \u00c1tvette volna az Internet vagyis a K\u00e1f\u00e9 \u00e9s m\u00e1s online tal\u00e1lkoz\u00f3hely a k\u00e1v\u00e9h\u00e1z szerep\u00e9t?<\/em><br \/>\n<em>Schiller rothadt alm\u00e1val, Ady borral seg\u00edtette meg az ihlet\u00e9t. M\u00e9liusz k\u00e1v\u00e9zott. H\u00e1ny cukorral iszod te a k\u00e1v\u00e9d?<\/em><!--more--><\/p>\n<p><em><strong>B\u00e1r\u00e1nyi Ildik\u00f3<\/strong> a Budapest melletti Gy\u00e1lon \u00e9l, legink\u00e1bb tal\u00e1n civil aktivista. V\u00e9rbeli K\u00e1f\u00e9-bar\u00e1t: amikor a K\u00e1f\u00e9 f\u00e9l \u00e9vvel ezel\u0151tt majdnem hamvaiba holt, seg\u00edts\u00e9get aj\u00e1nlott fel a megment\u00e9s\u00e9re.<\/em><\/p>\n<p>Ha m\u00e1r k\u00e9rdezted, tartozom egy vallom\u00e1ssal: \u00e9n k\u00e1v\u00e9f\u00fcgg\u0151 vagyok!<br \/>\nGyerekkori \u00e9lm\u00e9nyem, hogy a temesv\u00e1ri Republicii utcai lak\u00e1sunkban mindig nagy volt a forgalom, \u00e1lland\u00f3an \u201efelugrott\u201d valaki, hogy bek\u00f6sz\u00f6nj\u00f6n, recept\u00e9rt, j\u00f3tan\u00e1cs\u00e9rt, enni, mes\u00e9lni \u00e9s persze: k\u00e1v\u00e9zni! Szerintem sz\u00fcleim lak\u00e1sa lehetett akkoriban a legforgalmasabb k\u00e1v\u00e9h\u00e1z a v\u00e1rosban, de biztos, hogy a legmin\u0151s\u00e9gibb. K\u00fcl\u00f6n\u00f6sen, amikor kezdett kifogyni a boltokb\u00f3l \u00e9s mindenhonnan a babk\u00e1v\u00e9, \u00e9s helyette a k\u00e1v\u00e9h\u00e1zakban m\u00e1r legink\u00e1bb \u201enechezol\u201d-t f\u0151ztek. Ez volt a nyer\u00edt\u0151s k\u00e1v\u00e9, csicseribors\u00f3, zab \u00e9s jobb ha nem is tudjuk, mi egy\u00e9b p\u00f6rk\u00f6l\u00e9s\u00e9vel k\u00e9sz\u00fclt a p\u00f3tk\u00e1v\u00e9, \u00e9s felejthetetlen \u00edze volt&#8230; :) De nem \u00fagy B\u00e1r\u00e1nyi\u00e9kn\u00e1l! N\u00e1lunk rendes k\u00e1v\u00e9t f\u0151zt\u00fcnk, kotyog\u00f3ban, \u00e9s mindenki kapott, aki beugrott. M\u00e1r els\u0151 oszt\u00e1lyos koromt\u00f3l profin kezeltem a kotyog\u00f3t, de nem csak a f\u0151z\u00e9sben jeleskedtem, hanem m\u00e1r akkor ki\u00fctk\u00f6z\u00f6tt a k\u00e1v\u00e9 ir\u00e1nti vonzalmam: mindig kik\u00f6ny\u00f6r\u00f6gtem, hogy anyuk\u00e1m cs\u00e9sz\u00e9j\u00e9be belenyalhassak, csak az \u00edze kedv\u00e9\u00e9rt&#8230;<br \/>\nMagyarorsz\u00e1gon m\u00e1r sokkal jobb min\u0151s\u00e9g\u0171 k\u00e1v\u00e9kat ittunk, az ut\u00f3bbi id\u0151ben pedig ak\u00e1r kiv\u00e1l\u00f3hoz is hozz\u00e1 lehet jutni. Minden napom k\u00e1v\u00e9val kezd\u0151dik, addig nem is \u00e9lek, m\u00edg meg nem ittam \u2013 az els\u0151t. Szerencs\u00e9re, az Internet el\u00e9nk dobta, hogy a k\u00e1v\u00e9nak sz\u00e1mtalan pozit\u00edv \u00e9lettani hat\u00e1sa van: cs\u00f6kkenti a cukorbetegs\u00e9g \u00e9s a b\u0151rr\u00e1k kialakul\u00e1s\u00e1t, v\u00edzhajt\u00f3, serkenti a v\u00e9rkering\u00e9st, \u00e9s \u00edgy tov\u00e1bb. \u00dagyhogy a m\u00e1sodik, harmadik \u00e9s negyedik cs\u00e9sz\u00e9n\u00e9l mindig emlegetj\u00fck is, hogy ezt most a cukorra, ezt a v\u00e9rkering\u00e9sre&#8230;.<br \/>\nA reggeli k\u00e1v\u00e9 otthoni m\u0171faj, de \u00e9n szeretek k\u00e1v\u00e9h\u00e1zba j\u00e1rni, szoktam is. Ott tal\u00e1lkozom ismer\u0151s\u00f6kkel, bar\u00e1tokkal, besz\u00e9lget\u00fcnk, n\u00e9ha m\u00e9g munka is el\u0151ker\u00fcl, kiter\u00edtj\u00fck a laptopokat az asztalra :).<br \/>\nDe gyakran k\u00e1v\u00e9zom az utc\u00e1n \u00e1lldog\u00e1lva is, amikor nincs olyan id\u0151, hogy ki lehessen \u00fclni egy teraszra, mert a k\u00e1v\u00e9 mell\u00e9 kell a cigi. P\u00e1r \u00e9ve m\u00e9g Temesv\u00e1ron tudtunk k\u00e1v\u00e9h\u00e1zban (bent!!) f\u00fcst\u00f6lni, most m\u00e1r csak Szabadk\u00e1n lehet ilyen szents\u00e9gt\u00f6r\u00e9st elk\u00f6vetni.<br \/>\nMagyarorsz\u00e1gra telep\u00fclve, az egyik mindennapi kis luxus volt a cukrozott tejs\u0171r\u00edtm\u00e9ny, amit a k\u00e1v\u00e9ba raktunk. Tubusban volt, mint a fogpaszta, az \u00e1llaga meg&#8230; na arr\u00f3l ink\u00e1bb nem mondok semmit! El\u00e9g gyorsan felhagytunk vele, maradt a cukor \u00e9s a tej, majd a cukor is elmaradt, de a tej maradt.<br \/>\nK\u00e1v\u00e9h\u00e1zban is mindig \u00edgy k\u00e9rem: egy pressz\u00f3t k\u00e9rek egy nagyobb cs\u00e9sz\u00e9ben, kb. ugyanannyi hideg tejjel. Jelentem, a pinc\u00e9reknek usque fele k\u00e9pes ezt a komplik\u00e1lt rendel\u00e9st abszolv\u00e1lni, mert vagy kicsi a cs\u00e9sze, vagy forr\u00f3 a tej, vagy hossz\u00fa k\u00e1v\u00e9t hoz, nem pressz\u00f3t&#8230;<br \/>\nDe nagyobb bajom sose legyen!<\/p>\n<hr>\n<p><em><strong>Zsehr\u00e1nszky Istv\u00e1n<\/strong> sz\u00ednikritikus, m\u0171ford\u00edt\u00f3, jelenleg Bukarestben \u00e9l.<\/em><br \/>\n\u00c9n csak Szentgy\u00f6rgy\u00f6n, kezd\u0151 \u00fajs\u00e1g\u00edr\u00f3 koromban \u201ej\u00e1rtam k\u00e1v\u00e9h\u00e1zba&#8221; \u2013 vagyis a Sug\u00e1sba, Farkas \u00c1rpival, Czeg\u0151 Zolival, Csiki Lacival, Magyari Lajik\u00e1val, \u00c1ros Karcsival, Gajz\u00e1g\u00f3 Marcival, Dark\u00f3 Zsiga seb\u00e9sz f\u0151orvossal stb. M\u00e1shol nem volt ilyen j\u00f3 t\u00e1rsas\u00e1gom, \u00e9s nem j\u00e1rtam \u201ek\u00e1v\u00e9z\u00f3ba&#8221;. Az internet \u2013 sz\u00e1momra legal\u00e1bb is \u2013 munkaeszk\u00f6z, nem pedig k\u00e1v\u00e9z\u00f3.<\/p>\n<p>Cukor n\u00e9lk\u00fcl iszom a k\u00e1v\u00e9t. Marad\u00e9ktalanul \u00e9rezni akarom az \u00edz\u00e9t. Csak a nekezolt cukroztam \u2013 mert ki nem \u00e1llhattam, de egy id\u0151ben nem volt m\u00e1s.<\/p>\n<hr>\n<p><em><strong>Hadnagy J\u00f3zsef<\/strong> k\u00f6lt\u0151 1950-ben sz\u00fcletett Kolozsv\u00e1ron, tizenh\u00e1romgyermekes csal\u00e1d els\u0151sz\u00fcl\u00f6ttjek\u00e9nt. Dics\u0151szentm\u00e1rtonban \u00e9retts\u00e9gizett, a kolozsv\u00e1ri Babes-Bolyai Egyetem k\u00f6zgazdas\u00e1gi kar\u00e1n tanult, ut\u00e1na Cs\u00edkszered\u00e1ban, majd Marosv\u00e1s\u00e1rhelyen volt programoz\u00f3. A diktat\u00fara buk\u00e1sa el\u0151tt, 1989. okt\u00f3ber 11-e \u00e9jszak\u00e1j\u00e1n sz\u00f6k\u00f6tt \u00e1t Magyarorsz\u00e1gra. Debrecenben \u00e9l.<\/em><br \/>\n<em>Versei erd\u00e9lyi \u00e9s anyaorsz\u00e1gi lapokban jelentek meg. \u00c9g\u0151 f\u00e1k (Custos, Marosv\u00e1s\u00e1rhely, 1994), Sz\u00fcrk\u00e9n t\u00fali f\u00e9nyek, (Custos, Marosv\u00e1s\u00e1rhely, 1996), Mint sz\u00e9p mes\u00e9k kal\u00f3za (Impress Kiad\u00f3 Marosv\u00e1s\u00e1rhely, 2000), Hajnalt\u00f3l hajnalig (Juventus Kiad\u00f3 Marosv\u00e1s\u00e1rhely, 2006), &nbsp;Labirintus (R\u00edm K\u00f6nyvkiad\u00f3, 2008, Budapest).&nbsp;<\/em><\/p>\n<p>Marosv\u00e1s\u00e1rhelyen kezdtem el rendszeresen olyan helyekre j\u00e1rni, ahol bar\u00e1ti sz\u00f3ra, besz\u00e9lget\u00e9sre, politiz\u00e1l\u00e1sra, kis pletyk\u00e1lkod\u00e1sra, k\u00e1v\u00e9ra, s\u00f6rre, borra szomjas ismer\u0151s\u00f6kkel, haverokkal tal\u00e1lkozhattam.&nbsp; A Maros vend\u00e9gl\u0151 f\u00f6l\u00f6tti b\u00e1r volt az egyik t\u00f6rzshelyem, de a Continental vend\u00e9gl\u0151 alatti s\u00f6r\u00f6z\u0151ben, a Grand Hotel b\u00e1rj\u00e1ban \u00e9s a Predeal vend\u00e9gl\u0151ben is gyakorta vend\u00e9geskedtem. Ha b\u00e1rki tal\u00e1lkozni k\u00edv\u00e1nt velem, d\u00e9lut\u00e1n n\u00e9gy \u00e9s z\u00e1r\u00f3ra k\u00f6z\u00f6tt, a h\u00e1rom hely valamelyik\u00e9ben nagy val\u00f3sz\u00edn\u0171s\u00e9ggel megtal\u00e1lt. Ha nem ma, holnap, vagy holnaput\u00e1n. GPS n\u00e9lk\u00fcl is pontosan tudtuk az ilyen helyekre j\u00e1r\u00f3k id\u0151- \u00e9s t\u00e9rkoordin\u00e1t\u00e1it.<br \/>\nZsebemhez m\u00e9rten dr\u00e1ga helyek voltak ezek, de akkoriban ez volt a t\u00e1rsas\u00e1g \u00e1ra.&nbsp; \u00c9s ez most is. Egy kancs\u00f3 v\u00edz mellett senki sem hajland\u00f3 \u00f3r\u00e1kig besz\u00e9lgetni. M\u00e9g a Plat\u00f3n vagy Arisztotel\u00e9sz form\u00e1tum\u00fa gondolkod\u00f3k sem. Akkor m\u00e1r ink\u00e1bb a nyekezol, a h\u00fasz sz\u00e1zal\u00e9kban k\u00e1v\u00e9b\u00f3l \u00e9s nyolcvan sz\u00e1zal\u00e9kban csicseribors\u00f3b\u00f3l, zabpehelyb\u0151l \u00e9s m\u00e1s, sz\u00e1momra ismeretlen \u00f6sszetev\u0151kb\u0151l k\u00e9sz\u00fclt l\u00f6tty; term\u00e9szetesen, nem mag\u00e1ra, j\u00f6tt ut\u00e1na menetrendszer\u0171en egy-k\u00e9t poh\u00e1rka p\u00e1linka, azt\u00e1n egy-k\u00e9t-h\u00e1rom kors\u00f3 s\u00f6r \u2013 ezek egy\u00fcttes hat\u00e1sa alatt, mint Csehov kocsisa, ak\u00e1r egy l\u00f3val is k\u00e9pes lettem volna t\u00e1rsalogni, hajnalig.<br \/>\nAkkoriban cukorral ittam k\u00e1v\u00e9t, a val\u00f3dit \u00e9s a nyekezolt is.<br \/>\nEur\u00f3p\u00e1ban, az Egyes\u00fclt \u00c1llamokban sok k\u00e1v\u00e9z\u00f3ban megfordultam, sokf\u00e9le finom k\u00e1v\u00e9t ittam, de a legfinomabbhoz Nagyv\u00e1radon, a Semiramis Cafeban volt szerencs\u00e9m. A legjobb min\u0151s\u00e9g\u0171h\u00f6z pedig a debreceni Frei k\u00e1v\u00e9z\u00f3ban, D\u00e1vid fiam vend\u00e9gek\u00e9nt.<br \/>\nA Maros vend\u00e9gl\u0151ben, tal\u00e1n \u00e9ppen k\u00e1v\u00e9z\u00e1s k\u00f6zben, hangzott el egy mondat, ami az \u00edr\u00e1s fel\u00e9 ford\u00edtotta az ir\u00e1nyt\u0171met. \u201eA m\u00e9rn\u00f6k\u00f6k mind kockafej\u0171ek\u201d, jelentette ki valaki, akinek a nev\u00e9t a m\u00e9rn\u00f6k\u00f6k esetleges bossz\u00faj\u00e1ra val\u00f3 tekintettel nem \u00e1rulom el. Ez m\u00e9lyen elgondolkodtatott fejem form\u00e1j\u00e1r\u00f3l, s b\u00e1r nem voltam m\u00e9rn\u00f6k, csak informatikus, azut\u00e1n valah\u00e1nyszor a t\u00fck\u00f6rbe n\u00e9ztem, egy szab\u00e1lyos kocka n\u00e9zett vissza r\u00e1m a fejem helyett. Ennek a t\u00fck\u00f6rk\u00e9pnek a hat\u00e1sa alatt kezdtem el \u00edrni. Harminchat \u00e9ves voltam. Az id\u0151 k\u00f6lt\u0151knek f\u00f6nntartott kapuj\u00e1t m\u00e1r bez\u00e1rt\u00e1k. \u00c1t kellett sz\u00f6kn\u00f6m a ker\u00edt\u00e9sen.<br \/>\nNapi k\u00e9t-h\u00e1rom, n\u00e9ha n\u00e9gy k\u00e1v\u00e9val kezdem, ma m\u00e1r eg\u00e9sznapos ritu\u00e1l\u00e9. F\u00f6lkelek, elk\u00e9sz\u00edtem a k\u00e1v\u00e9t (egy cs\u00e9sze mikr\u00f3ban meleg\u00edtett tejbe kevert van\u00edli\u00e1s kapucs\u00edn\u00f3 \u00e9s instant k\u00e1v\u00e9), azt\u00e1n kimegyek a t\u00f6mbh\u00e1z el\u00e9, r\u00e1gy\u00fajtok, \u00e9s f\u00f6l-al\u00e1 s\u00e9t\u00e1lgatva sz\u00fcrcs\u00f6lgetem az ink\u00e1bb l\u00f6ttynek, mint k\u00e1v\u00e9nak nevezhet\u0151 levet. A cigaretta parazsa \u00e9s a k\u00e1v\u00e9 meleg\u00edtenek t\u00e9len, a f\u00f6lsz\u00e1ll\u00f3 van\u00edlia \u00e9s cseresznye illat\u00fa f\u00fcstfelh\u0151 teremt f\u00e9szerszer\u0171 tet\u0151t f\u00f6l\u00e9m. Amint a munkahelyemre \u00e9rek, \u201ebegy\u00fajtom\u201d a laptopomat, s am\u00edg melegszik, megint csak \u00fatra kelek, ez\u00fattal le az udvarra, kezemben teli cs\u00e9sze pressz\u00f3k\u00e1v\u00e9, vigy\u00e1zva, nehogy kil\u00f6ttyenjen. N\u00e9ha apr\u00f3 mozdulatt\u00f3l is sz\u00f6k\u0151\u00e1rk\u00e9nt z\u00fadul \u00e1t a porcel\u00e1n perem\u00e9n, kisebb sz\u00fcks\u00e9g\u00e1llapotot id\u00e9zve el\u0151 a f\u00e9nyesre sik\u00e1lt l\u00e9pcs\u0151k\u00f6n; ilyenkor nem gy\u0151z\u00f6k csod\u00e1lkozni a v\u00edz instabilit\u00e1s\u00e1n. Ha v\u00e9geztem, visszaszaladok az irod\u00e1ba, f\u00f6l a m\u00e1sodik emeletre. \u00cdgy kapcsol\u00f3dik egym\u00e1shoz kellemes \u00e9s hasznos. Csak \u00fagy, nem szaladg\u00e1lok sehova; kell egy k\u00f6zvetlen, illetve k\u00f6zeli c\u00e9l. Hatvann\u00e9gy \u00e9ves koromban abbahagytam a focit, rendszeres mozg\u00e1snak ez maradt: a r\u00f6vid fut\u00e1sok k\u00e1v\u00e9z\u00e1s ut\u00e1n vissza az irod\u00e1ba, naponta n\u00e9gyszer-\u00f6tsz\u00f6r.<br \/>\nInspir\u00e1l-e a k\u00e1v\u00e9? Nem hiszem. K\u00e1v\u00e9val vagy k\u00e1v\u00e9 n\u00e9lk\u00fcl \u2013 akkor kapcsolok \u00e1t \u00edr\u00e1sm\u00f3dba, amikor az \u00edr\u00e1skedv \u00e9s az \u00f6nkifejez\u00e9s v\u00e1gya elindul egym\u00e1s fel\u00e9, \u00e9s valahol f\u00e9l\u00faton tal\u00e1lkoznak. A k\u00e1v\u00e9nak ink\u00e1bb az \u00e9lethez van k\u00f6ze: mint metafor\u00e1nak. Sz\u0171k t\u00e9rbe z\u00e1rt, \u00e9s instabil.<\/p>\n<h2><em><strong>Telecs\u00e9sze k\u00e1v\u00e9<\/strong><\/em><\/h2>\n<p>Az \u00e9let telecs\u00e9sze k\u00e1v\u00e9<br \/>\na k\u00e9zben, nem figyelsz, kil\u00f6ttyen,<br \/>\na cukor f\u00f6l, a dal elsz\u00f6kken,<br \/>\ns a pap\u00edr: mint a csokol\u00e1d\u00e9&nbsp;&nbsp;<\/p>\n<p>sz\u00e9tkenve az abroszon, padl\u00f3n,<br \/>\nragacsos: ki kell nyomban dobni,<br \/>\npap\u00edrkos\u00e1rba ill\u0151 holmi;<br \/>\nesetleg elrebegsz egy pardont,<br \/>\ncsak magadnak, mert szerencs\u00e9re<br \/>\na balesetnek nincs tan\u00faja \u2013,<br \/>\ns azt\u00e1n vigy\u00e1zol a cs\u00e9sz\u00e9re,<br \/>\nne reszkessen a m\u00e9lab\u00fara,<br \/>\nlegyen ak\u00e1rmilyen fekete<br \/>\ngondolataidnak menete*\u2026<\/p>\n<p><em>*K\u00f6lcs\u00f6nsor Pet\u0151fit\u0151l&nbsp;<\/em><\/p>\n<hr>\n<p style=\"text-align: right;\"><em><strong>K\u00e9rdez, szerkeszti: Gergely Tam\u00e1s<\/strong><\/em><\/p>\n<p><a href=\"https:\/\/ujkafe.website\/?cat=151\"><strong>Kor\u00e1bbi r\u00e9szek a K\u00e1f\u00e9 honoldal\u00e1n<\/strong><\/a><\/p>\n<div id=\"attachment_81789\" style=\"width: 588px\" class=\"wp-caption alignnone\"><a href=\"https:\/\/ujkafe.website\/wp-content\/uploads\/2019\/02\/Patrizia-Fuselli.jpg\"><img loading=\"lazy\" decoding=\"async\" aria-describedby=\"caption-attachment-81789\" class=\"wp-image-81789 size-full\" src=\"https:\/\/ujkafe.website\/wp-content\/uploads\/2019\/02\/Patrizia-Fuselli.jpg\" alt=\"\" width=\"578\" height=\"820\" srcset=\"https:\/\/ujkafe.website\/wp-content\/uploads\/2019\/02\/Patrizia-Fuselli.jpg 578w, https:\/\/ujkafe.website\/wp-content\/uploads\/2019\/02\/Patrizia-Fuselli-211x300.jpg 211w\" sizes=\"auto, (max-width: 578px) 100vw, 578px\" \/><\/a><p id=\"caption-attachment-81789\" class=\"wp-caption-text\">Patrizia Fuselli \u00f6ssze\u00e1ll\u00edt\u00e1sa<\/p><\/div>\n<p>&nbsp;<\/p>\n","protected":false},"excerpt":{"rendered":"<p>Folytatjuk k\u00e1v\u00e9z\u00e1s-k\u00e1v\u00e9h\u00e1z-ank\u00e9tunkat. K\u00e9rd\u00e9seink ez\u00fattal is ezek voltak: El\u0151deink k\u00e1v\u00e9h\u00e1zba j\u00e1rtak \u2013 ittak, besz\u00e9lgettek, \u00edrtak. K\u00f6z\u00f6ss\u00e9ghez tartoztak. Hova j\u00e1rsz te, melyik \u201ek\u00e1v\u00e9h\u00e1zba\u201d? Hol vagy igaz\u00e1n otthon? \u00c1tvette volna az Internet vagyis a K\u00e1f\u00e9 \u00e9s m\u00e1s online tal\u00e1lkoz\u00f3hely a k\u00e1v\u00e9h\u00e1z szerep\u00e9t? Schiller rothadt alm\u00e1val, Ady borral seg\u00edtette meg az ihlet\u00e9t. M\u00e9liusz k\u00e1v\u00e9zott. H\u00e1ny cukorral iszod te a [&hellip;]<\/p>\n","protected":false},"author":3,"featured_media":0,"comment_status":"open","ping_status":"open","sticky":false,"template":"","format":"standard","meta":{"_monsterinsights_skip_tracking":false,"_monsterinsights_sitenote_active":false,"_monsterinsights_sitenote_note":"","_monsterinsights_sitenote_category":0,"ngg_post_thumbnail":0,"footnotes":""},"categories":[151,9],"tags":[],"class_list":["post-81760","post","type-post","status-publish","format-standard","hentry","category-internet-kavezo","category-korkerdes"],"_links":{"self":[{"href":"https:\/\/ujkafe.website\/index.php?rest_route=\/wp\/v2\/posts\/81760","targetHints":{"allow":["GET"]}}],"collection":[{"href":"https:\/\/ujkafe.website\/index.php?rest_route=\/wp\/v2\/posts"}],"about":[{"href":"https:\/\/ujkafe.website\/index.php?rest_route=\/wp\/v2\/types\/post"}],"author":[{"embeddable":true,"href":"https:\/\/ujkafe.website\/index.php?rest_route=\/wp\/v2\/users\/3"}],"replies":[{"embeddable":true,"href":"https:\/\/ujkafe.website\/index.php?rest_route=%2Fwp%2Fv2%2Fcomments&post=81760"}],"version-history":[{"count":0,"href":"https:\/\/ujkafe.website\/index.php?rest_route=\/wp\/v2\/posts\/81760\/revisions"}],"wp:attachment":[{"href":"https:\/\/ujkafe.website\/index.php?rest_route=%2Fwp%2Fv2%2Fmedia&parent=81760"}],"wp:term":[{"taxonomy":"category","embeddable":true,"href":"https:\/\/ujkafe.website\/index.php?rest_route=%2Fwp%2Fv2%2Fcategories&post=81760"},{"taxonomy":"post_tag","embeddable":true,"href":"https:\/\/ujkafe.website\/index.php?rest_route=%2Fwp%2Fv2%2Ftags&post=81760"}],"curies":[{"name":"wp","href":"https:\/\/api.w.org\/{rel}","templated":true}]}}