
{"id":81923,"date":"2019-02-24T02:54:30","date_gmt":"2019-02-24T02:54:30","guid":{"rendered":"https:\/\/ujkafe.website\/?p=81923"},"modified":"2023-08-06T15:54:09","modified_gmt":"2023-08-06T15:54:09","slug":"internet-kavezo-tizenkettedik-adag","status":"publish","type":"post","link":"https:\/\/ujkafe.website\/?p=81923","title":{"rendered":"Internet-k\u00e1v\u00e9z\u00f3 \u00c1GOSTON Hug\u00f3, HEGED\u00dbS ZSolt, FEH\u00c9R Ill\u00e9s"},"content":{"rendered":"<p><em>K\u00e1v\u00e9z\u00e1sr\u00f3l faggatjuk a K\u00e1f\u00e9 bar\u00e1tait. A k\u00e9t egyszer\u0171 k\u00e9rd\u00e9s, amit kik\u00fcldt\u00fcnk, kik\u00fcld\u00fcnk, \u00edgy hangzik:<\/em><\/p>\n<p><em>1. El\u0151deink k\u00e1v\u00e9h\u00e1zba j\u00e1rtak \u2013 ittak, besz\u00e9lgettek, \u00edrtak. K\u00f6z\u00f6ss\u00e9ghez tartoztak. Hova j\u00e1rsz te, melyik \u201dk\u00e1v\u00e9h\u00e1zba\u201d? Hol vagy igaz\u00e1n otthon? \u00c1tvette volna az Internet vagyis a K\u00e1f\u00e9 \u00e9s m\u00e1s online tal\u00e1lkoz\u00f3hely a k\u00e1v\u00e9h\u00e1z szerep\u00e9t?&nbsp;<\/em><br \/>\n<em>2. Schiller rothadt alm\u00e1val, Ady borral seg\u00edtette meg az ihlet\u00e9t. M\u00e9liusz k\u00e1v\u00e9zott. H\u00e1ny cukorral iszod te a k\u00e1v\u00e9d?<\/em><!--more--><\/p>\n<p><em><strong>\u00c1goston Hug\u00f3<\/strong> a Maszol (\u00daj Magyar Sz\u00f3) alap\u00edt\u00f3 f\u0151szerkeszt\u0151je, majd f\u0151munkat\u00e1rsa, vezet\u0151 publicist\u00e1ja, vez\u00e9rcikk\u00edr\u00f3ja; rovatvezet\u0151je,&nbsp;majd 2017. janu\u00e1r elseje \u00f3ta \u00f6nk\u00e9ntes levelez\u0151je, jelenleg Bukarestben \u00e9l.<\/em><\/p>\n<p><em>\u00c1goston Hug\u00f3 megb\u00edz\u00e1s\u00e1b\u00f3l k\u00f6zli a szerkeszt\u0151:<\/em> A megk\u00e9rdezett kijelentette, hogy nem iszik k\u00e1v\u00e9t, persze tudv\u00e1n, hogy ez fek\u00e9lyes gondolkod\u00e1sra vall. A K\u00e1f\u00e9ban n\u00e9ha megfordul, de k\u00e1v\u00e9h\u00e1zba nem j\u00e1r, ami\u00f3ta szekusok oda h\u00edvt\u00e1k volna tal\u00e1lkoz\u00f3ra; cukr\u00e1szd\u00e1ba m\u00e9g kev\u00e9sb\u00e9, ami\u00f3ta diab\u00e9tesz-gyan\u00fas. (De ki nem gyan\u00fas manaps\u00e1g?)<\/p>\n<p>Alanyunk m\u00e9g csak hetven\u00f6t \u00e9ves (b\u00e1r m\u00e1r hatvannak n\u00e9z ki), \u00e9s bevall\u00e1sa szerint elhat\u00e1rozta, hogy ezut\u00e1n \u2013 az eddigiekt\u0151l elt\u00e9r\u0151en \u2013 nem szereti azokat, akik \u0151t nem szeretik. Ez a paranoia, k\u00f3ros \u00e9rz\u00e9kenys\u00e9g \u00f6nmag\u00e1ban nagyon lesz\u0171k\u00edti klubja tagjainak a sz\u00e1m\u00e1t.&nbsp;<\/p>\n<p>Am\u00fagy jobb k\u00e1v\u00e9kat \u00e9s k\u00e1v\u00e9z\u00f3kat k\u00edv\u00e1n a K\u00e1f\u00e9nak, kiemelten Cseke G\u00e1bornak \u00e9s Gergely Tam\u00e1snak.<\/p>\n<p><em><strong>Heged\u0171s Zsolt<\/strong> harminc \u00e9ve t\u0151sgy\u00f6keres stockholmi, 1992-95 k\u00f6z\u00f6tt az els\u0151 magyar nyelv\u0171 internet f\u00f3rumon (a HIX-en)&nbsp;Zita n\u00e9ni n\u00e9ven k\u00f6z\u00f6lt \u00edr\u00e1sokat. Am\u00fagy r\u00e9g\u00f3ta K\u00e1f\u00e9zik&#8230;<\/em><\/p>\n<p>Az Enril\u00f3t\u00f3l (p\u00f3tk\u00e1v\u00e9) a pressz\u00f3k\u00e1v\u00e9ba m\u00e1rtott mokkacukork\u00e1ig, a (kolozsv\u00e1ri) Mamaia-k\u00e1v\u00e9t\u00f3l a csicseribors\u00f3s sz\u00f6rny\u0171s\u00e9gig, a \u201ehomokos k\u00e1v\u00e9z\u00f3\u201d (homokon f\u0151z\u00f6tt) k\u00f6pk\u00f6d\u0151s t\u00f6r\u00f6kk\u00e1v\u00e9j\u00e1t\u00f3l a McDonalds f\u00e9le sz\u0171r\u0151s k\u00e1v\u00e9ig t\u00f6bb ezer liter k\u00e1v\u00e9 felhajt\u00e1sa terheli a lelkemet.<br \/>\nAz eddig megjelent v\u00e1laszok ut\u00e1n sok meg\u00edrnival\u00f3 nem maradt, ez\u00e9rt ink\u00e1bb P\u00e1l, G\u00e1bor \u00e9s Tam\u00e1s janu\u00e1r 27-i kommentj\u00e9re\/\u00fczenetv\u00e1lt\u00e1s\u00e1ra reag\u00e1lok:<br \/>\nP\u00e1l: J\u00f3 \u00f6tlet ez a k\u00e1v\u00e9z\u00e1si t\u00e9ma. Nem volna \u00e9rdemes esetleg arr\u00f3l is \u00edrni valamikor, kinek mit jelent az internet? Csak k\u00e9rdezem.<br \/>\nA stockholmi Egyetemet a nyolcvanas \u00e9vek v\u00e9g\u00e9n kapcsolt\u00e1k az internetre. A laborat\u00f3rium fekete-feh\u00e9r k\u00e9perny\u0151s VAX termin\u00e1lj\u00e1n kereszt\u00fcl feliratkoztam a k\u00fclf\u00f6ld\u00f6n dolgoz\u00f3 magyar kutat\u00f3k \u201dHIX\u201d [1] levelez\u0151list\u00e1j\u00e1ra, az els\u0151 magyar internetes \u00fajs\u00e1gra. A bek\u00fcld\u00f6tt elektronikus leveleket m\u00e1snap egy program hossz\u00fa f\u00e1jlba t\u00f6m\u00f6r\u00edtve kik\u00fcldte az el\u0151fizet\u0151knek. \u00c1ltal\u00e1ban olcs\u00f3 rep\u00fcl\u0151jegyek, lak\u00e1skeres\u00e9s, receptek, nyelvi \u00e9s elvi t\u00e9m\u00e1k voltak napirenden, melyekb\u0151l gyakran par\u00e1zs vit\u00e1k kerekedtek. Ide k\u00fcldtem be Zita n\u00e9ni n\u00e9ven a velem hasonl\u00f3 sors\u00fa el\u0151fizet\u0151ket \u00e9rint\u0151 \u201ekult\u00farkoccan\u00e1sokr\u00f3l\u201d sz\u00f3l\u00f3 sz\u00f6sszeneteimet. Az \u00edr\u00e1s rekordid\u0151 alatt megjelent, \u00e9s egy napra r\u00e1 a komment\u00e1rok is meg\u00e9rkeztek. (Lehet, hogy ez volt az els\u0151 magyar blog, csak \u00e9ppen nem tudtunk r\u00f3la.)<br \/>\nAz ihletet az \u00e9ppen aktu\u00e1lis probl\u00e9mak\u00f6r adta, melyr\u0151l Zita n\u00e9ninek t\u00f6bb\u00e9-kev\u00e9sb\u00e9 mulats\u00e1gos t\u00f6rt\u00e9netek jutottak az esz\u00e9be. A HIX k\u00f6z\u00f6ss\u00e9ge gy\u0171jt\u00f6tte \u00e9s terjesztette a \u201ezitan\u00e9niket\u201d [2]\u2026 Az alkalom alkot\u00f3t sz\u00fclt.<br \/>\nTam\u00e1s: Hiszen egyik k\u00e9rd\u00e9s\u00fcnk \u00e9ppen erre van kihegyezve: v\u00e1ltozott-e a helyzet? Megfelel-e modern k\u00e1v\u00e9h\u00e1znak az internet? [\u2026]<br \/>\nAz \u201einternet k\u00e1v\u00e9h\u00e1z\u00e1ban\u201d a t\u00f6bb ezer kilom\u00e9terre lev\u0151 szomsz\u00e9d asztal k\u00e9zzel el\u00e9rhet\u0151 t\u00e1vols\u00e1gban van.<br \/>\nG\u00e1bor: Ha err\u0151l a t\u00e9m\u00e1r\u00f3l valakib\u0151l kik\u00edv\u00e1nkozik valamilyen v\u00e9lem\u00e9ny, b\u00e1rmikor ide\u00edrhatja. A K\u00e1f\u00e9 megb\u00edrja \u2013 \u00e9s k\u00f6zben f\u0151 a k\u00e1v\u00e9\u2026<br \/>\nAki j\u00f3 k\u00e1v\u00e9ra szomjazik, annak a Keleti p\u00e1lyaudvar alagsor\u00e1ban lev\u0151 gyorsb\u00fcf\u00e9, m\u0171anyag poh\u00e1rban g\u0151z\u00f6lg\u0151 pressz\u00f3 k\u00e1v\u00e9j\u00e1t aj\u00e1nlom. Cukorral, \u00e9des\u00edt\u0151vel \u2013 vagy an\u00e9lk\u00fcl.<br \/>\n[1] <a href=\"http:\/\/www.bibl.u-szeged.hu\/porta\/szint\/human\/media\/hixbuli.hun\">http:\/\/www.bibl.u-szeged.hu\/porta\/szint\/human\/media\/hixbuli.hun<\/a><br \/>\n[2] <a href=\"http:\/\/mek.oszk.hu\/03000\/03051\/html\/\">http:\/\/mek.oszk.hu\/03000\/03051\/html\/<\/a><\/p>\n<div id=\"attachment_81924\" style=\"width: 515px\" class=\"wp-caption alignnone\"><a href=\"https:\/\/ujkafe.website\/wp-content\/uploads\/2019\/02\/Heged\u00fbs-k\u00e1v\u00e9scs\u00e9sze.jpg\"><img loading=\"lazy\" decoding=\"async\" aria-describedby=\"caption-attachment-81924\" class=\"wp-image-81924\" src=\"https:\/\/ujkafe.website\/wp-content\/uploads\/2019\/02\/Heged\u00fbs-k\u00e1v\u00e9scs\u00e9sze.jpg\" alt=\"\" width=\"505\" height=\"681\" srcset=\"https:\/\/ujkafe.website\/wp-content\/uploads\/2019\/02\/Heged\u00fbs-k\u00e1v\u00e9scs\u00e9sze.jpg 676w, https:\/\/ujkafe.website\/wp-content\/uploads\/2019\/02\/Heged\u00fbs-k\u00e1v\u00e9scs\u00e9sze-222x300.jpg 222w\" sizes=\"auto, (max-width: 505px) 100vw, 505px\" \/><\/a><p id=\"caption-attachment-81924\" class=\"wp-caption-text\">Heged\u0171s Zsolt fot\u00f3ja<\/p><\/div>\n<p><em><strong>Feh\u00e9r Ill\u00e9s<\/strong> orvosi biok\u00e9mikus, a k\u00e9miai tudom\u00e1nyok doktora, m\u0171fordt\u00f3. Szabadk\u00e1n \u00e9lek. Zent\u00e1n n\u0151ttem fel, munk\u00e1ss\u00e1gom m\u00e1sodik fel\u00e9t \u2013 21 \u00e9vet \u2013 ott h\u00faztam le, de ahogy nyugd\u00edjba mentem, Szabadk\u00e1ra k\u00f6lt\u00f6ztem. Asszonypajt\u00e1s a ludas.<\/em><\/p>\n<p>Vissza kell t\u00e9rnem Z\u00e1gr\u00e1bba, egyetemista koromba. Az Ady Endre magyar kult\u00fark\u00f6rben, a magyar egyetemist\u00e1k otthon\u00e1ban, minden este tal\u00e1lkoztunk \u2013 mintegy 30 f\u0151s t\u00f6rzsg\u00e1rda. Asztalitenisz \u00e9s magyarn\u00f3t\u00e1z\u00e1s&#8230; \u00e9s szombatonk\u00e9nt t\u00e1ncest\u00e9k, saj\u00e1t zenekarunk volt&#8230;<br \/>\nK\u00f6vetkezett n\u00e9h\u00e1ny Zent\u00e1n elt\u00f6lt\u00f6tt \u00e9v \u2013 ott egy gyerekkori bar\u00e1tokb\u00f3l kialakult t\u00e1rsas\u00e1g (k\u00f6z\u00e9j\u00fck tartoztam) szombat est\u00e9nk\u00e9nt vagy a Royalban vagy a Kioszkban mulatott. Nem el\u00edr\u00e1s \u2013 mulatott. Abban az id\u0151ben, szombatonk\u00e9nt mindk\u00e9t helyen cig\u00e1nyzenekar sz\u00f3rakoztatta a nagy\u00e9rdem\u0171t. Ak\u00e1r reggelig. A Liba meg az Eg\u00e9r zenekara.<br \/>\n1970-ben ker\u00fcltem Boszni\u00e1ba, ott ragadtam \u2013 h\u00fasz feledhetetlen \u00e9v. Ott hangzott el ap\u00e1mt\u00f3l egy kritikus mondat:<br \/>\n\u2013 Fiam, te nem \u00e9rdemled meg a k\u00e1v\u00e9t.<br \/>\nAp\u00e1m any\u00e1mmal egy\u00fctt nagyon szerette a k\u00e1v\u00e9t. Gyerekkori eml\u00e9k \u2013 eb\u00e9d ut\u00e1n fogyasztott\u00e1k. Nos az alatt a szent t\u00edz perc alatt h\u00fagommal egy\u00fctt f\u00e9lre kellett vonulnunk. Az a k\u00e9t k\u00f6l\u00f6k, akik\u00e9rt lelk\u00fcket is kiadt\u00e1k, nehogy megzavarja a napi gy\u00f6ny\u00f6rt.<br \/>\nValahol Boszni\u00e1ban egy hivatalos \u00f6sszej\u00f6vetelen ap\u00e1m \u00e9s j\u00f3magam egym\u00e1s mellett \u00fclt\u00fcnk. Ott k\u00e9rdez\u00e9s n\u00e9lk\u00fcl az ember el\u00e9 teszik a k\u00e1v\u00e9t \u2013 t\u00f6r\u00f6kk\u00e1v\u00e9t. Fel\u00e9t felhajtottam, a marad\u00e9kba h\u00e1rom kiskan\u00e1l cukrot tettem. Ap\u00e1m megk\u00e9rdezte:<br \/>\n\u2013 Fiam, te mit csin\u00e1lsz?<br \/>\n\u2013 Ihat\u00f3v\u00e1 teszem a k\u00e1v\u00e9t.<br \/>\nEzut\u00e1n hangzott el az a bizonyos mondat.<br \/>\nMindenki tudta\/tudja r\u00f3lam, hogy nem iszom a k\u00e1v\u00e9t. Az \u00e1ntiid\u0151kben, egy bosny\u00e1k bar\u00e1tom m\u00e9gis r\u00e1vett.<br \/>\n\u00daj otthonukban, mint mindig, szeretettel fogadtak. Besz\u00e9lgett\u00fcnk \u00e9s megk\u00edn\u00e1lt k\u00e1v\u00e9val. Szabadkoztam&#8230; de m\u00e9gis&#8230; toj\u00e1ssal m\u00e9g \u00fagysem itt\u00e1l&#8230; Toj\u00e1ssal? Toj\u00e1ssal! Na \u2013 hozzad. Hozta. V\u00e1rtam a toj\u00e1st&#8230; r\u00e1k\u00e9rdeztem&#8230; r\u00f6h\u00f6g\u00f6tt. Ottani m\u00f3di: ha f\u00e9rfi k\u00e9sz\u00edti a k\u00e1v\u00e9t, toj\u00e1ssal k\u00e9sz\u00fcl.<br \/>\nIfj\u00fas\u00e1g, bolonds\u00e1g \u2013 mondj\u00e1k, nem ok n\u00e9lk\u00fcl. A t\u00e1rsas\u00e1gban elt\u00f6lt\u00f6tt \u00e9vekre sz\u00edvesen gondolok, de valahogy visszah\u00faz\u00f3dtam. H\u00e1rom f\u00e9lresiklott h\u00e1zass\u00e1g ut\u00e1n, a negyedikben megtal\u00e1ltam azt, amir\u0151l mindig \u00e1lmodtam \u2013 \u00e9s \u00e9lvezem az otthon meleg\u00e9t. Egyszer-egyszer sz\u00edvesen megy\u00fcnk b\u00e1lba \u2013 de a musk\u00e1tlizene nem az igazi&#8230;<br \/>\nA neten kereszt\u00fcl sok emberrel tartom, az id\u0151k folyam\u00e1n bar\u00e1ts\u00e1gg\u00e1 alakult kapcsolatot, de err\u0151l a m\u00e1sodik k\u00e9rd\u00e9sre adott v\u00e1laszomban.<\/p>\n<p>Biok\u00e9mikusk\u00e9nt, mit sem t\u00f6r\u0151dve Enver \u010colakovi\u0107 (horv\u00e1t k\u00f6lt\u0151, t\u00f6bbsz\u00e1z magyar verset is ford\u00edtott) intelm\u00e9vel: \u201eK\u00f6ltem\u00e9nyt csak k\u00f6lt\u0151 ford\u00edtson\u201d, egyik l\u00e9telemem a ford\u00edt\u00e1s. Ihletem maga a k\u00f6lt\u00e9szet. Gyerekkoromt\u00f3l kezdve, szinte kiv\u00e9tel n\u00e9lk\u00fcl csak verseket olvasok \u2013 \u00e9s ha nagyon tetszik egy-egy vers \u2013 leford\u00edtom. D\u00e9lszl\u00e1v nyelvr\u0151l magyarra, vagy magyarr\u00f3l&#8230; D\u00e9lszl\u00e1v nyelvet eml\u00edtek. Mi\u00e9rt is?<br \/>\nMint magyar sz\u00fcl\u0151k gyermeke, Olaszhonban sz\u00fclettem (akkor Kasztav Olaszorsz\u00e1ghoz tartozott, k\u00e9s\u0151bb Jugoszl\u00e1vi\u00e1hoz, jelen pillanatban Horv\u00e1torsz\u00e1g r\u00e9sze), Zent\u00e1n n\u0151ttem fel, Z\u00e1gr\u00e1bban szereztem diplom\u00e1t, ahol magisztr\u00e1ltam \u00e9s doktor\u00e1ltam is, h\u00fasz \u00e9vet t\u00f6lt\u00f6ttem Boszni\u00e1ban (mindezt Jugoszl\u00e1vi\u00e1ban) a szerb-horv\u00e1t, horv\u00e1t-szerb (kinek hogyan tetszik \u2013 bizony nem mindegy a sorrend!) nyelvet saj\u00e1t\u00edtottam el. Ismerem az ekavski, ikavszki \u00e9s ijekavszki v\u00e1ltozatot. Mivel Z\u00e1gr\u00e1bban tanultam meg a nyelvet \u00e9s Boszni\u00e1ban \u00e9ltem, ahol a szerbek, horv\u00e1tok \u00e9s bosny\u00e1kok egyar\u00e1nt az ijekavski v\u00e1ltozatot haszn\u00e1lj\u00e1k (a jelenben is), a mai napig besz\u00e9dben az ijekavszki v\u00e1ltozatot haszn\u00e1lom, tulajdonk\u00e9ppen az ijekavski jekavski alakj\u00e1t, ford\u00edt\u00e1sban az ekavszki v\u00e1ltozatot. Az olvas\u00f3ra b\u00edzom \u2013 d\u00f6ntse el, milyen nyelvr\u0151l milyen nyelvre ford\u00edtok. Sz\u00e1momra a d\u00e9lszl\u00e1v nyelvek \u2013 szerb, horv\u00e1t, bosny\u00e1k, montenegr\u00f3i \u2013 egyform\u00e1n kedvesek. Olyan ez, mintha a cs\u00e1ng\u00f3k nem magyarul, hanem cs\u00e1ng\u00f3ul besz\u00e9ln\u00e9nek.<br \/>\nA neten szenved\u00e9lyesen kutatok. \u00daj, j\u00f3 vers ut\u00e1n, amellyel ha azonosulni tudok \u2013 m\u00e1ris adott a feladat: leford\u00edtani.<br \/>\nIlyen m\u00f3don sok k\u00f6lt\u0151vel ker\u00fcltem virtu\u00e1lis kapcsolatba \u2013 a K\u00e1f\u00e9-n kereszt\u00fcl is \u2013 \u00e9s \u00f6r\u00f6mmel nyugt\u00e1zom, hogy nemegy kapcsolat bar\u00e1ts\u00e1gg\u00e1 alakult. Bar\u00e1ts\u00e1gg\u00e1!<br \/>\nMa m\u00e1r net n\u00e9lk\u00fcl, mindennapjaimat el sem tudom k\u00e9pzelni. Ez nem jeleneti azt, hogy a szem\u00e9lyes tal\u00e1lkoz\u00e1s var\u00e1zs\u00e1t helyettes\u00edteni tudja. \u00dcnnep minden alkalom, mikor egy neten kereszt\u00fcl megszeretett egy\u00e9nt \u00e9l\u0151ben meg\u00f6lelhetek. Eddig egyszer sem csal\u00f3dtam.<\/p>\n<p><em>(Folytatjuk)<\/em><\/p>\n<p style=\"text-align: right;\"><em><strong>K\u00e9rdez, szerkeszti: Gergely Tam\u00e1s<\/strong><\/em><\/p>\n<hr>\n<p><a href=\"https:\/\/ujkafe.website\/?cat=151\"><strong>A \u201ek\u00e1v\u00e9z\u00f3\u201d eddigi adagjai itt \u00e9rhet\u0151k el<\/strong><\/a><\/p>\n<p>&nbsp;<\/p>\n","protected":false},"excerpt":{"rendered":"<p>K\u00e1v\u00e9z\u00e1sr\u00f3l faggatjuk a K\u00e1f\u00e9 bar\u00e1tait. A k\u00e9t egyszer\u0171 k\u00e9rd\u00e9s, amit kik\u00fcldt\u00fcnk, kik\u00fcld\u00fcnk, \u00edgy hangzik: 1. El\u0151deink k\u00e1v\u00e9h\u00e1zba j\u00e1rtak \u2013 ittak, besz\u00e9lgettek, \u00edrtak. K\u00f6z\u00f6ss\u00e9ghez tartoztak. Hova j\u00e1rsz te, melyik \u201dk\u00e1v\u00e9h\u00e1zba\u201d? Hol vagy igaz\u00e1n otthon? \u00c1tvette volna az Internet vagyis a K\u00e1f\u00e9 \u00e9s m\u00e1s online tal\u00e1lkoz\u00f3hely a k\u00e1v\u00e9h\u00e1z szerep\u00e9t?&nbsp; 2. Schiller rothadt alm\u00e1val, Ady borral seg\u00edtette meg [&hellip;]<\/p>\n","protected":false},"author":3,"featured_media":0,"comment_status":"open","ping_status":"open","sticky":false,"template":"","format":"standard","meta":{"_monsterinsights_skip_tracking":false,"_monsterinsights_sitenote_active":false,"_monsterinsights_sitenote_note":"","_monsterinsights_sitenote_category":0,"ngg_post_thumbnail":0,"footnotes":""},"categories":[151,9],"tags":[],"class_list":["post-81923","post","type-post","status-publish","format-standard","hentry","category-internet-kavezo","category-korkerdes"],"_links":{"self":[{"href":"https:\/\/ujkafe.website\/index.php?rest_route=\/wp\/v2\/posts\/81923","targetHints":{"allow":["GET"]}}],"collection":[{"href":"https:\/\/ujkafe.website\/index.php?rest_route=\/wp\/v2\/posts"}],"about":[{"href":"https:\/\/ujkafe.website\/index.php?rest_route=\/wp\/v2\/types\/post"}],"author":[{"embeddable":true,"href":"https:\/\/ujkafe.website\/index.php?rest_route=\/wp\/v2\/users\/3"}],"replies":[{"embeddable":true,"href":"https:\/\/ujkafe.website\/index.php?rest_route=%2Fwp%2Fv2%2Fcomments&post=81923"}],"version-history":[{"count":0,"href":"https:\/\/ujkafe.website\/index.php?rest_route=\/wp\/v2\/posts\/81923\/revisions"}],"wp:attachment":[{"href":"https:\/\/ujkafe.website\/index.php?rest_route=%2Fwp%2Fv2%2Fmedia&parent=81923"}],"wp:term":[{"taxonomy":"category","embeddable":true,"href":"https:\/\/ujkafe.website\/index.php?rest_route=%2Fwp%2Fv2%2Fcategories&post=81923"},{"taxonomy":"post_tag","embeddable":true,"href":"https:\/\/ujkafe.website\/index.php?rest_route=%2Fwp%2Fv2%2Ftags&post=81923"}],"curies":[{"name":"wp","href":"https:\/\/api.w.org\/{rel}","templated":true}]}}