
{"id":8212,"date":"2011-03-27T10:17:16","date_gmt":"2011-03-27T10:17:16","guid":{"rendered":"https:\/\/ujkafe.website\/?p=8212"},"modified":"2011-03-27T10:17:16","modified_gmt":"2011-03-27T10:17:16","slug":"debreczeni-eva-italiai-emlekek-2","status":"publish","type":"post","link":"https:\/\/ujkafe.website\/?p=8212","title":{"rendered":"Debreczeni \u00c9va: It\u00e1liai eml\u00e9kek (2)"},"content":{"rendered":"<p><a href=\"https:\/\/ujkafe.website\/wp-content\/uploads\/2011\/03\/DSC00446.jpg\"><img loading=\"lazy\" decoding=\"async\" class=\"aligncenter size-full wp-image-8213\" title=\"DSC00446\" src=\"https:\/\/ujkafe.website\/wp-content\/uploads\/2011\/03\/DSC00446.jpg\" alt=\"\" width=\"624\" height=\"468\" srcset=\"https:\/\/ujkafe.website\/wp-content\/uploads\/2011\/03\/DSC00446.jpg 624w, https:\/\/ujkafe.website\/wp-content\/uploads\/2011\/03\/DSC00446-300x225.jpg 300w\" sizes=\"auto, (max-width: 624px) 100vw, 624px\" \/><\/a><\/p>\n<p>A nagy s\u00e1rga iz\u00e9\u2026 Amott, a tenger viz\u00e9n j\u00e1rva a vil\u00e1g\u00edt\u00f3 l\u00e1mp\u00e1k nyom\u00e1n lehet eljutni Velenc\u00e9be, teh\u00e1t ez itt nyilv\u00e1n az Adria, de legal\u00e1bbis valami lag\u00fana. Fent l\u00e1that\u00f3k a felh\u0151k. A rejt\u00e9lyes s\u00e1rga valami rendeltet\u00e9si c\u00e9lja nem der\u00fclt ki sz\u00e1momra, b\u00e1r a k\u00f6zel\u00e9ben aludtunk egy t\u00e1borban, s m\u00e1snap, mik\u00f6zben nagyon f\u00fajt a sz\u00e9l, h\u00e1tulr\u00f3l k\u00f6zel\u00edtett\u00fck meg a lag\u00fana kir\u00e1lyn\u0151j\u00e9t egy kis haj\u00f3val. Hah, j\u00f3 volt!<\/p>\n","protected":false},"excerpt":{"rendered":"<p>A nagy s\u00e1rga iz\u00e9\u2026 Amott, a tenger viz\u00e9n j\u00e1rva a vil\u00e1g\u00edt\u00f3 l\u00e1mp\u00e1k nyom\u00e1n lehet eljutni Velenc\u00e9be, teh\u00e1t ez itt nyilv\u00e1n az Adria, de legal\u00e1bbis valami lag\u00fana. Fent l\u00e1that\u00f3k a felh\u0151k. A rejt\u00e9lyes s\u00e1rga valami rendeltet\u00e9si c\u00e9lja nem der\u00fclt ki sz\u00e1momra, b\u00e1r a k\u00f6zel\u00e9ben aludtunk egy t\u00e1borban, s m\u00e1snap, mik\u00f6zben nagyon f\u00fajt a sz\u00e9l, h\u00e1tulr\u00f3l k\u00f6zel\u00edtett\u00fck [&hellip;]<\/p>\n","protected":false},"author":2,"featured_media":0,"comment_status":"open","ping_status":"open","sticky":false,"template":"","format":"standard","meta":{"_monsterinsights_skip_tracking":false,"_monsterinsights_sitenote_active":false,"_monsterinsights_sitenote_note":"","_monsterinsights_sitenote_category":0,"ngg_post_thumbnail":0,"footnotes":""},"categories":[5],"tags":[],"class_list":["post-8212","post","type-post","status-publish","format-standard","hentry","category-foto"],"_links":{"self":[{"href":"https:\/\/ujkafe.website\/index.php?rest_route=\/wp\/v2\/posts\/8212","targetHints":{"allow":["GET"]}}],"collection":[{"href":"https:\/\/ujkafe.website\/index.php?rest_route=\/wp\/v2\/posts"}],"about":[{"href":"https:\/\/ujkafe.website\/index.php?rest_route=\/wp\/v2\/types\/post"}],"author":[{"embeddable":true,"href":"https:\/\/ujkafe.website\/index.php?rest_route=\/wp\/v2\/users\/2"}],"replies":[{"embeddable":true,"href":"https:\/\/ujkafe.website\/index.php?rest_route=%2Fwp%2Fv2%2Fcomments&post=8212"}],"version-history":[{"count":0,"href":"https:\/\/ujkafe.website\/index.php?rest_route=\/wp\/v2\/posts\/8212\/revisions"}],"wp:attachment":[{"href":"https:\/\/ujkafe.website\/index.php?rest_route=%2Fwp%2Fv2%2Fmedia&parent=8212"}],"wp:term":[{"taxonomy":"category","embeddable":true,"href":"https:\/\/ujkafe.website\/index.php?rest_route=%2Fwp%2Fv2%2Fcategories&post=8212"},{"taxonomy":"post_tag","embeddable":true,"href":"https:\/\/ujkafe.website\/index.php?rest_route=%2Fwp%2Fv2%2Ftags&post=8212"}],"curies":[{"name":"wp","href":"https:\/\/api.w.org\/{rel}","templated":true}]}}