
{"id":8226,"date":"2011-03-28T08:57:46","date_gmt":"2011-03-28T08:57:46","guid":{"rendered":"https:\/\/ujkafe.website\/?p=8226"},"modified":"2011-03-28T08:58:50","modified_gmt":"2011-03-28T08:58:50","slug":"debreczeni-eva-italiai-emlekek-3","status":"publish","type":"post","link":"https:\/\/ujkafe.website\/?p=8226","title":{"rendered":"Debreczeni \u00c9va: It\u00e1liai eml\u00e9kek (3)"},"content":{"rendered":"<p><a href=\"https:\/\/ujkafe.website\/wp-content\/uploads\/2011\/03\/DSC00484.jpg\"><img loading=\"lazy\" decoding=\"async\" class=\"aligncenter size-full wp-image-8227\" title=\"DSC00484\" src=\"https:\/\/ujkafe.website\/wp-content\/uploads\/2011\/03\/DSC00484.jpg\" alt=\"\" width=\"624\" height=\"468\" srcset=\"https:\/\/ujkafe.website\/wp-content\/uploads\/2011\/03\/DSC00484.jpg 624w, https:\/\/ujkafe.website\/wp-content\/uploads\/2011\/03\/DSC00484-300x225.jpg 300w\" sizes=\"auto, (max-width: 624px) 100vw, 624px\" \/><\/a><\/p>\n<p>Gondolat egy gondol\u00e1r\u00f3l\u2026 A legt\u00f6bb gondol\u00e1s k\u00e9p t\u0171rhet\u0151en siker\u00fclt, de h\u00e1t olyat mindenki tud csin\u00e1lni, ilyet viszont, amikor a mellettem tolong\u00f3k megl\u00f6ktek, vagy egyszer\u0171en csak a k\u00e9z mozdulata k\u00f6vette az evez\u0151csap\u00e1st, vagy megbotlottam a nagy rohan\u00e1sban, mivel ez a kir\u00e1ndul\u00e1s amolyan er\u0151ltetett menetben zajlott, folyton rohanni kellett, hogy belef\u00e9rj\u00fcnk az \u00e9ppen megtekintend\u0151 gy\u00f6ny\u00f6r\u0171s\u00e9gek id\u0151keret\u00e9be, h\u00e1t \u00edgy sok f\u00e9lbemaradt gondolattal \u00e9s mozg\u00f3 \u00e1ll\u00f3k\u00e9ppel lett\u00fcnk gazdagabbak Velence lag\u00fan\u00e1s sikolt\u00f3 sik\u00e1toraiban.<\/p>\n","protected":false},"excerpt":{"rendered":"<p>Gondolat egy gondol\u00e1r\u00f3l\u2026 A legt\u00f6bb gondol\u00e1s k\u00e9p t\u0171rhet\u0151en siker\u00fclt, de h\u00e1t olyat mindenki tud csin\u00e1lni, ilyet viszont, amikor a mellettem tolong\u00f3k megl\u00f6ktek, vagy egyszer\u0171en csak a k\u00e9z mozdulata k\u00f6vette az evez\u0151csap\u00e1st, vagy megbotlottam a nagy rohan\u00e1sban, mivel ez a kir\u00e1ndul\u00e1s amolyan er\u0151ltetett menetben zajlott, folyton rohanni kellett, hogy belef\u00e9rj\u00fcnk az \u00e9ppen megtekintend\u0151 gy\u00f6ny\u00f6r\u0171s\u00e9gek id\u0151keret\u00e9be, h\u00e1t [&hellip;]<\/p>\n","protected":false},"author":2,"featured_media":0,"comment_status":"open","ping_status":"open","sticky":false,"template":"","format":"standard","meta":{"_monsterinsights_skip_tracking":false,"_monsterinsights_sitenote_active":false,"_monsterinsights_sitenote_note":"","_monsterinsights_sitenote_category":0,"ngg_post_thumbnail":0,"footnotes":""},"categories":[5],"tags":[],"class_list":["post-8226","post","type-post","status-publish","format-standard","hentry","category-foto"],"_links":{"self":[{"href":"https:\/\/ujkafe.website\/index.php?rest_route=\/wp\/v2\/posts\/8226","targetHints":{"allow":["GET"]}}],"collection":[{"href":"https:\/\/ujkafe.website\/index.php?rest_route=\/wp\/v2\/posts"}],"about":[{"href":"https:\/\/ujkafe.website\/index.php?rest_route=\/wp\/v2\/types\/post"}],"author":[{"embeddable":true,"href":"https:\/\/ujkafe.website\/index.php?rest_route=\/wp\/v2\/users\/2"}],"replies":[{"embeddable":true,"href":"https:\/\/ujkafe.website\/index.php?rest_route=%2Fwp%2Fv2%2Fcomments&post=8226"}],"version-history":[{"count":0,"href":"https:\/\/ujkafe.website\/index.php?rest_route=\/wp\/v2\/posts\/8226\/revisions"}],"wp:attachment":[{"href":"https:\/\/ujkafe.website\/index.php?rest_route=%2Fwp%2Fv2%2Fmedia&parent=8226"}],"wp:term":[{"taxonomy":"category","embeddable":true,"href":"https:\/\/ujkafe.website\/index.php?rest_route=%2Fwp%2Fv2%2Fcategories&post=8226"},{"taxonomy":"post_tag","embeddable":true,"href":"https:\/\/ujkafe.website\/index.php?rest_route=%2Fwp%2Fv2%2Ftags&post=8226"}],"curies":[{"name":"wp","href":"https:\/\/api.w.org\/{rel}","templated":true}]}}