
{"id":82380,"date":"2019-03-22T03:00:30","date_gmt":"2019-03-22T03:00:30","guid":{"rendered":"https:\/\/ujkafe.website\/?p=82380"},"modified":"2019-03-21T08:11:23","modified_gmt":"2019-03-21T08:11:23","slug":"szekedi-ferenc-arcok-szavak-emlekek-29","status":"publish","type":"post","link":"https:\/\/ujkafe.website\/?p=82380","title":{"rendered":"Sz\u00e9kedi Ferenc: Arcok, szavak, eml\u00e9kek (29)"},"content":{"rendered":"<p><em>Az ut\u00f3bbi \u00e9vekben t\u00f6bbsz\u00f6r is \u00e1tv\u00e1logattam a k\u00f6nyveimet, egy utols\u00f3 simogat\u00e1ssal iskol\u00e1knak, k\u00f6nyvt\u00e1raknak, egyetemnek, antikv\u00e1riumnak, rokonoknak, bar\u00e1toknak aj\u00e1nd\u00e9kozva oda mindazokat a k\u00f6teteket, amelyekr\u0151l \u00fagy \u00e9reztem, hogy m\u00e1r aligha fogok \u00fajraolvasni. A dedik\u00e1lt k\u00f6nyvek jelentett\u00e9k a kiv\u00e9telt. A megmarad\u00f3kat.<\/em><\/p>\n<h2><strong>Ferencz Zsuzsanna: Kik \u00e9s Mik \u00fcgyei<\/strong><\/h2>\n<p style=\"padding-left: 120px;\"><em>(Irodalmi Jelen K\u00f6nyvek, Arad, 2006, Felel\u0151s kiad\u00f3: B\u00f6sz\u00f6rm\u00e9nyi Zolt\u00e1n, Szerkeszt\u0151: Bodor P\u00e1l, Bor\u00edt\u00f3: Bege Magdolna)<\/em><\/p>\n<p>1989 ut\u00e1n leggyakrabban a rom\u00e1niai magyar \u00fajs\u00e1g\u00edr\u00f3k \u00e9vi k\u00f6zgy\u0171l\u00e9sein tal\u00e1lkoztunk, hol itt, hol ott az orsz\u00e1gban. De nem kiz\u00e1rt, hogy m\u00e1shol \u00e9s m\u00e1skor is. Eleinte nem nagyon tudtam, hogy \u00e9ppen bukaresti r\u00e1di\u00f3sk\u00e9nt vagy bukaresti t\u00e9v\u00e9sk\u00e9nt \u00fcld\u00f6g\u00e9l mellettem, de arra hat\u00e1rozottan eml\u00e9kszem, hogy amikor utolj\u00e1ra besz\u00e9lgett\u00fcnk, akkor valamif\u00e9le olyan online port\u00e1lr\u00f3l besz\u00e9lt, amely \u00f6sszefogja a magyarokat, hadd csevegjenek egym\u00e1ssal.<!--more--> M\u00e1rmint nem az erd\u00e9lyiek, nem a magyarorsz\u00e1giak, hanem a vil\u00e1g nyugati fel\u00e9ben \u00e9l\u0151k. Ferencz Zsuzsanna (1943-2010) minden bizonnyal szellemesen-sz\u00f3rakoztat\u00f3an tudta vezetgetni \u0151ket a legk\u00fcl\u00f6nb\u00f6z\u0151bb t\u00e9m\u00e1kban, mert sz\u0171kebb \u00e9s t\u00e1gabb k\u00f6rnyezet\u00e9ben, kisebb \u00e9s nagyobb k\u00f6r\u00f6kben mindent \u00e9szrevett a nagypolitik\u00e1t\u00f3l az apr\u00f3 \u00e9letmorzs\u00e1kig. Tudtam, hogy n\u00e9v szerint Jagamas is, egyszer elmondtam neki, hogy a fest\u0151 Nagy Imre (1893-1976) sokat besz\u00e9lt nekem a zenetud\u00f3s Jagamas J\u00e1nosr\u00f3l (1913-1997), aki jog\u00e1zni tan\u00edtotta \u00e9s elk\u00e9pzeltem magamban, hogyan n\u00e9zhettek ki egym\u00e1ssal szemben Kolozsv\u00e1ron, vagy Zs\u00f6g\u00f6dben l\u00f3tusz\u00fcl\u00e9sben: mint a kopasz Picasso a t\u00fck\u00f6rben. A nagyb\u00e1tyja \u2013 mondta \u2013 ha j\u00f3l eml\u00e9kszem. Amikor ideadta a k\u00f6nyv\u00e9t, ezzel a nem mindennapi dedik\u00e1ci\u00f3val, akkor csak beleolvastam \u00e9s f\u00e9lretettem. Most viszont nem tudtam letenni a kezemb\u0151l, v\u00e9gigolvastam mint a k\u00e9tsz\u00e1z t\u00f6rt\u00e9netk\u00e9t, amelyek m\u00e9gis valamif\u00e9le egys\u00e9ges eg\u00e9szbe \u00e1llnak \u00f6ssze. Mindenk\u00e9ppen rom\u00e1niai kor- \u00e9s k\u00f3rrajzz\u00e1, mondjuk 1980 \u00e9s 2010 k\u00f6z\u00f6tt. Bodor P\u00e1l bevezet\u0151j\u00e9ben \u00f6rk\u00e9nyi egyperceseket emleget, de ezek nem azok. Kev\u00e9sb\u00e9 filoz\u00f3fikusak, de j\u00f3val mar\u00f3bbak, a sz\u00f3j\u00e1t\u00e9kok, a ellent\u00e9tp\u00e1rok mindig csattannak, ha pedig p\u00e1rhuzamos sz\u00e1lak \u00f6lelkeznek, akkor az abszurd mindig ott l\u00f3g a v\u00e9g\u00e9n. Olykor cinikus, olykor groteszk a sz\u00f6veg, olykor sisteregnek a sz\u00f3pet\u00e1rd\u00e1k, a k\u00fcls\u0151 \u00e9s bels\u0151 vil\u00e1g megh\u00f6kkent\u0151en felesel egym\u00e1snak, de nem Ionescu, nem is Mrozek, nem is Arrabal, hanem ink\u00e1bb Kurt Vonnegut (1922-2007), a n\u00e9met nev\u0171 amerikai, aki olyannyira be nem skatuly\u00e1zhat\u00f3 m\u0171fajt alak\u00edtott ki mag\u00e1nak. Igen, ha visszagondolok, a kolozsv\u00e1ri Ferencz Zsuzsa is ilyen be nem gy\u00f6m\u00f6sz\u00f6lhet\u0151 maradt b\u00e1rmif\u00e9le irodalmi vagy k\u00f6z\u00e9leti k\u00e1nonba. \u00c9s mintha el\u0151re \u00e9rezte volna, hogy elj\u00f6n majd az id\u0151, amikor r\u00f6vid facebook-bejegyz\u00e9sekb\u0151l is \u00e1ll\u00edtanak \u00f6ssze k\u00f6nyvet, hiszen a hossz\u00fa, cikorny\u00e1s mondatokat m\u00e1r a kutya sem olvassa. Tudom, hogy dolgozott Lipcs\u00e9ben \u00e9s h\u00e1zat v\u00e1s\u00e1rolt Homor\u00f3dszentp\u00e9teren. A k\u00f6t\u00e9lt\u00e1ncosok egyens\u00falyoztak valamikor k\u00e9t oszlop k\u00f6z\u00f6tt, az utc\u00e1k f\u00f6l\u00f6tt Valamif\u00e9le ilyen k\u00f6teleket k\u00e9pzelek el \u00e9let\u00e9nek sz\u00ednterei k\u00f6z\u00f6tt, amelyeken, a megtett \u00fat jelz\u00e9seik\u00e9nt, kis dr\u00f3thorgokon ott l\u00f3gnak Kik t\u00f6rt\u00e9netei, hogy ak\u00e1r lobogtassa \u0151ket a sz\u00e9l, ak\u00e1r aszalja a Nap, vagy verje az es\u0151, m\u00e9giscsak maradand\u00f3 kell\u00e9kei a mutatv\u00e1nynak.<\/p>\n<p><a href=\"https:\/\/ujkafe.website\/wp-content\/uploads\/2019\/03\/ferenczsuzsa.jpg\"><img loading=\"lazy\" decoding=\"async\" class=\"alignnone wp-image-82381\" src=\"https:\/\/ujkafe.website\/wp-content\/uploads\/2019\/03\/ferenczsuzsa.jpg\" alt=\"\" width=\"500\" height=\"732\" srcset=\"https:\/\/ujkafe.website\/wp-content\/uploads\/2019\/03\/ferenczsuzsa.jpg 683w, https:\/\/ujkafe.website\/wp-content\/uploads\/2019\/03\/ferenczsuzsa-205x300.jpg 205w\" sizes=\"auto, (max-width: 500px) 100vw, 500px\" \/><\/a><\/p>\n<hr>\n<p>&nbsp;<\/p>\n<h2><strong>T\u00f6rt\u00e9netek a Mik \u00e9s Kik \u00fcgyei-b\u0151l<\/strong><\/h2>\n<p><em>Mik egyik nagyb\u00e1tyja Sv\u00e1jcba menek\u00fclt a m\u00e1sodik vil\u00e1gh\u00e1bor\u00fa ut\u00e1n, P. J. egyik nagyn\u00e9nje pedig Olaszorsz\u00e1gba.<\/em><br \/>\n<em>A nagyb\u00e1csinak ny\u00e1ron volt a sz\u00fclet\u00e9snapja, a nagyn\u00e9ninek t\u00e9len.<\/em><br \/>\n<em>Tekintettel a sz\u00fclet\u00e9snapokra, Mik a szocializmusban t\u00e9len k\u00e9rt (de nem kapott) \u00fatlevelet, P. J. pedig ny\u00e1ron. \u0151 se kapott passzust. Viszont Mik s\u00edzni szeretett volna, P. J. pedig \u00faszni. Ez\u00e9rt Mik azt mondta P. J.-nek:<\/em><br \/>\n<em>\u2013 Elcser\u00e9ln\u00e9m ny\u00e1ri nagyb\u00e1csimat t\u00e9li nagyn\u00e9nire.<\/em><br \/>\n<em>Elcser\u00e9lt\u00e9k. \u00datlevelet tov\u00e1bbra sem kaptak. S\u0151t, a nagyb\u00e1csi Olaszorsz\u00e1gba k\u00f6lt\u00f6z\u00f6tt, a nagyn\u00e9ni viszont Sv\u00e1jcba. A sz\u00fclet\u00e9snapjuk maradt a r\u00e9gi.<\/em><br \/>\n<em>\u2013 Tal\u00e1n ez az oka annak \u2013 gondolta Mik \u2013, hogy megsz\u0171nt az \u0151sz \u00e9s a tavasz, de a t\u00e9l meg a ny\u00e1r sem a r\u00e9gi.<\/em><\/p>\n<p><em>***<\/em><\/p>\n<p><em>Kik mindig meg\u00f6rvendett, ha apr\u00f3ka d\u00e9lib\u00e1bot, aranyl\u00f3 csill\u00e1mport, k\u00f3sza lil\u00e1s k\u00f6d\u00f6t, m\u00e9terhoszsz\u00fa \u00f6k\u00f6rny\u00e1lat l\u00e1tott. Tudta, az \u0151 gondolatai voltak ezek, most pedig gazd\u00e1tlanul \u0151gyelegnek a nagyvil\u00e1gban. De n\u00e9ha m\u00e9g felkeresik \u0151t.<\/em><br \/>\n<em>Saj\u00e1t b\u0151r\u00e9n megtapasztalta, mennyi sok id\u0151t elnyelnek a gondolatok, a k\u00e9pzelg\u00e9s. Szerette volna visszakapni az elnyelt id\u0151t. Gondolta, ha lenyeli a d\u00e9lib\u00e1bot, csill\u00e1mport, k\u00f6d\u00f6t, \u00f6k\u00f6rny\u00e1lat, akkor visszakapja az \u00e9veket.<\/em><br \/>\n<em>De csak kannib\u00e1lnak \u00e9rezte mag\u00e1t. Vagy egy olyan orsz\u00e1gnak, amelyet valakik egy hosszabb b\u00e9k\u00e9t k\u00f6vet\u0151en megsz\u00fcntettek.<\/em><\/p>\n<p><em>***<\/em><\/p>\n<p><em>Kik fegyvernek l\u00e1tsz\u00f3 t\u00e1rggyal fenyegette meg \u00f6nmag\u00e1t. (A fegyvernek l\u00e1tsz\u00f3 t\u00e1rgy egy goly\u00f3stoll volt).<\/em><br \/>\n<em>\u2013 Fel a kezekkel! Ide az \u00f6sszes p\u00e9nzt! \u2013 \u00fcv\u00f6lt\u00f6tte.<\/em><br \/>\n<em>Az elrabolt p\u00e9nzt\u00e1rc\u00e1ban t\u00edzezer doll\u00e1r begyeskedett.<\/em><br \/>\n<em>\u2013 Te j\u00f3 \u00e9g, ez nem is az \u00e9n p\u00e9nzt\u00e1rc\u00e1m, hanem a Mik\u00e9 \u2013 gondolta \u2013, mindenesetre \u00e9pp j\u00f3kor j\u00f6tt, akkor most nem kell arr\u00f3l \u00edrnom, hogy nincsen p\u00e9nzem. Mert van. Mert lett.<\/em><br \/>\n<em>\u2013 Kedves Kik! \u2013 mondotta Mik. \u2013 Meddig j\u00e1tszol te m\u00e9g velem? Meddig j\u00e1tszassz te m\u00e9g engem?<\/em><br \/>\n<em>\u2013 Tudd meg, hogy legink\u00e1bb magamat j\u00e1tszom, mert m\u00e9g nemigen ismerlek. Semmik\u00e9ppen sem tudlak meg\u00edrni. Egyel\u0151re nem tudom, hogy v\u00e9gz\u0151dsz te, \u00e9s hol kezd\u0151d\u00f6m \u00e9n.<\/em><\/p>\n<p><em>***<\/em><\/p>\n<p><em>Amikor m\u00e1r nem is gondolt r\u00e1, Mik ism\u00e9t megjelent, borzaszt\u00f3an el\u00f6lt\u00f6zve. A sok tiritarka ronggyal \u00fagy mutatott, mint az es\u0151hoz\u00f3 mad\u00e1rijeszt\u0151k D\u00e9l-Rom\u00e1ni\u00e1ban. Amelyeknek a neve: Paparuda.<\/em><br \/>\n<em>Eltelt t\u00edz perc, m\u00edg felismerte.<\/em><br \/>\n<em>\u2013 Magass\u00e1gos \u00e9g! Te nem felelsz meg magyar reg\u00e9ny f\u0151h\u0151s\u00e9nek! \u2013 mondta neki. \u2013 Vagy lehet, hogy megfelelsz, de nem nekem, \u00e9s nem Erd\u00e9lyben.<\/em><br \/>\n<em>Erre Mik t\u00f6bb ruh\u00e1t v\u00e1ltott, volt erd\u00e9lyi magyar hadsereg, Kik, reform\u00e1ci\u00f3, felvil\u00e1gosod\u00e1s, R\u00e1k\u00f3czi fejedelem, Bethlen G\u00e1bor fejedelem, Lor\u00e1ntffy Zsuzsanna, Ferencz Zsuzsanna, K\u0151r\u00f6si Csoma S\u00e1ndor, Pet\u0151fi S\u00e1ndor a segesv\u00e1ri csatat\u00e9ren, erd\u00e9lyi barokk, posztmodern, s\u0151t, kolozsv\u00e1ri \u00c1llami Magyar Sz\u00ednh\u00e1z is.<\/em><br \/>\n<em>Ami viszont Kiket cs\u00f6ppet sem vitte k\u00f6zelebb a k\u00e9rd\u00e9s megold\u00e1s\u00e1hoz.<\/em><\/p>\n<hr>\n<h2><a href=\"https:\/\/ujkafe.website\/?p=81783\"><em><strong>Eml\u00e9kk\u00f6nyv: Domokos G\u00e9za hetven\u00f6t \u00e9ves<\/strong><\/em><\/a><\/h2>\n<h2><a href=\"https:\/\/ujkafe.website\/?p=81798\"><em><strong>Koz\u00e1n Imre : Fekete ugar<\/strong><\/em><\/a><\/h2>\n<h2><em><strong><a href=\"https:\/\/ujkafe.website\/?p=81817\">Bodor P\u00e1l: Monol\u00f3g z\u00e1r\u00f3jelben<\/a>. R\u00f6plapok versben, pr\u00f3z\u00e1ban<\/strong><\/em><\/h2>\n<h2><a href=\"https:\/\/ujkafe.website\/?p=81842\"><em><strong>Imreh Sz. Istv\u00e1n: A kromosz\u00f3ma<\/strong><\/em><\/a><\/h2>\n<h2><a href=\"https:\/\/ujkafe.website\/?p=81860\"><em><strong>Mihai Flamaropol: 50 de ani de hochei \u00een Rom\u00e2nia<\/strong><\/em><\/a><\/h2>\n<h2><a href=\"https:\/\/ujkafe.website\/?p=81884\"><em><strong>M\u00e9liusz J\u00f3zsef: Bukaresti k\u00e1v\u00e9h\u00e1z<\/strong><\/em><\/a><\/h2>\n<h2><a href=\"https:\/\/ujkafe.website\/?p=81907\"><em><strong>Tari Istv\u00e1n: Elmulatott j\u00f6v\u0151<\/strong><\/em><\/a><\/h2>\n<h2><a href=\"https:\/\/ujkafe.website\/?p=81933\"><em><strong>Fodor S\u00e1ndor: Levelek hazulr\u00f3l \u2013 haza<\/strong><\/em><\/a><\/h2>\n<h2><a href=\"https:\/\/ujkafe.website\/?p=81951\"><em><strong>Implon Ir\u00e9n: Nagyv\u00e1radi tollrajzok<\/strong><\/em><\/a><\/h2>\n<h2><a href=\"https:\/\/ujkafe.website\/?p=81968\"><em><strong>Bedros Horasangian: Mag\u00e1nyos l\u00f3 az aut\u00f3p\u00e1ly\u00e1n<\/strong><\/em><\/a><\/h2>\n<h2><a href=\"https:\/\/ujkafe.website\/?p=81984\"><em><strong>Baracs D\u00e9nes: Chanson\u00e9vek<\/strong><\/em><\/a><\/h2>\n<h2><a href=\"https:\/\/ujkafe.website\/?p=82002\"><em><strong>M\u00e1rton L\u00e1szl\u00f3: Harangok<\/strong><\/em><\/a><\/h2>\n<h2><a href=\"https:\/\/ujkafe.website\/?p=82039\"><em><strong>Ferencz S. Istv\u00e1n: Ny\u00e1ri v\u00e1ndorl\u00e1sok<\/strong><\/em><\/a><\/h2>\n<h2><a href=\"https:\/\/ujkafe.website\/?p=82060\"><em><strong>Gecse G\u00e9za: Biz\u00e1nct\u00f3l Biz\u00e1ncig. Az orosz birodalmi gondolat<\/strong><\/em><\/a><\/h2>\n<h2><a href=\"https:\/\/ujkafe.website\/?p=82082\"><em><strong>Vofkori L\u00e1szl\u00f3: A tudom\u00e1ny vonz\u00e1sk\u00f6r\u00e9ben<\/strong><\/em><\/a><\/h2>\n<h2><a href=\"https:\/\/ujkafe.website\/?p=82085\"><em><strong>Bilib\u00f3k \u00c1goston: A Cs\u00edkszereda-Gyimesb\u00fckk vas\u00fatvonal t\u00f6rt\u00e9nete<\/strong><\/em><\/a><\/h2>\n<h2><a href=\"https:\/\/ujkafe.website\/?p=82119\"><em><strong>Bit\u00f3 L\u00e1szl\u00f3: \u00c1brah\u00e1m \u00e9s Izs\u00e1k<\/strong><\/em><\/a><\/h2>\n<h2><a href=\"https:\/\/ujkafe.website\/?p=82136\"><em><strong>S\u00e1ndor J\u00f3zsef: Geometriai egyenl\u0151tlens\u00e9gek<\/strong><\/em><\/a><\/h2>\n<h2><a href=\"https:\/\/ujkafe.website\/?p=82155\"><em><strong>P\u00e9ter L\u00e1szl\u00f3: A k\u00f6zv\u00e9lem\u00e9ny szociol\u00f3gi\u00e1ja<\/strong><\/em><\/a><\/h2>\n<h2><a href=\"https:\/\/ujkafe.website\/?p=82179\"><em><strong>Vonatok ballad\u00e1ja. Magyar k\u00f6lt\u0151k vallom\u00e1sai a vas\u00fatr\u00f3l<\/strong><\/em><\/a><\/h2>\n<h2><a href=\"https:\/\/ujkafe.website\/?p=82198\"><em><strong>Ol\u00e1h Istv\u00e1n: A m\u00e1sodik \u00e9szakon<\/strong><\/em><\/a><\/h2>\n<h2><a href=\"https:\/\/ujkafe.website\/?p=82211\"><em><strong>Tal\u00e1lkoz\u00e1saim a k\u00f6lt\u0151vel<\/strong><\/em><\/a><\/h2>\n<h2><a href=\"https:\/\/ujkafe.website\/?p=82242\"><em><strong>Tompa G\u00e1bor: Aki nem \u00e9n<\/strong><\/em><\/a><\/h2>\n<h2><a href=\"https:\/\/ujkafe.website\/?p=82259\"><em><strong>Varga L\u00e1szl\u00f3: K\u00e9rem a v\u00e1dlott felment\u00e9s\u00e9t!<\/strong><\/em><\/a><\/h2>\n<h2><a href=\"https:\/\/ujkafe.website\/?p=82303\"><em><strong>Balogh J\u00f3zsef: Erd\u00e9lyi l\u00f3rum. B\u00f6kversek \u00e9s \u00f6ltem\u00e9nyek<\/strong><\/em><\/a><\/h2>\n<h2><a href=\"https:\/\/ujkafe.website\/?p=82312\"><em><strong>Rab J\u00e1nos: \u00c9let \u00e9s energia<\/strong><\/em><\/a><\/h2>\n<h2><a href=\"https:\/\/ujkafe.website\/?p=82329\"><em><strong>Az ember ott a legf\u00e1j\u00f3bb magyar<\/strong><\/em><\/a><\/h2>\n<h2><a href=\"https:\/\/ujkafe.website\/?p=82359\"><em><strong>Vorzs\u00e1k Anna: M\u00e9ra napl\u00f3ja<\/strong><\/em><\/a><\/h2>\n","protected":false},"excerpt":{"rendered":"<p>Az ut\u00f3bbi \u00e9vekben t\u00f6bbsz\u00f6r is \u00e1tv\u00e1logattam a k\u00f6nyveimet, egy utols\u00f3 simogat\u00e1ssal iskol\u00e1knak, k\u00f6nyvt\u00e1raknak, egyetemnek, antikv\u00e1riumnak, rokonoknak, bar\u00e1toknak aj\u00e1nd\u00e9kozva oda mindazokat a k\u00f6teteket, amelyekr\u0151l \u00fagy \u00e9reztem, hogy m\u00e1r aligha fogok \u00fajraolvasni. A dedik\u00e1lt k\u00f6nyvek jelentett\u00e9k a kiv\u00e9telt. A megmarad\u00f3kat. Ferencz Zsuzsanna: Kik \u00e9s Mik \u00fcgyei (Irodalmi Jelen K\u00f6nyvek, Arad, 2006, Felel\u0151s kiad\u00f3: B\u00f6sz\u00f6rm\u00e9nyi Zolt\u00e1n, Szerkeszt\u0151: Bodor [&hellip;]<\/p>\n","protected":false},"author":3,"featured_media":0,"comment_status":"open","ping_status":"open","sticky":false,"template":"","format":"standard","meta":{"_monsterinsights_skip_tracking":false,"_monsterinsights_sitenote_active":false,"_monsterinsights_sitenote_note":"","_monsterinsights_sitenote_category":0,"ngg_post_thumbnail":0,"footnotes":""},"categories":[120,23],"tags":[],"class_list":["post-82380","post","type-post","status-publish","format-standard","hentry","category-essze","category-rovidproza"],"_links":{"self":[{"href":"https:\/\/ujkafe.website\/index.php?rest_route=\/wp\/v2\/posts\/82380","targetHints":{"allow":["GET"]}}],"collection":[{"href":"https:\/\/ujkafe.website\/index.php?rest_route=\/wp\/v2\/posts"}],"about":[{"href":"https:\/\/ujkafe.website\/index.php?rest_route=\/wp\/v2\/types\/post"}],"author":[{"embeddable":true,"href":"https:\/\/ujkafe.website\/index.php?rest_route=\/wp\/v2\/users\/3"}],"replies":[{"embeddable":true,"href":"https:\/\/ujkafe.website\/index.php?rest_route=%2Fwp%2Fv2%2Fcomments&post=82380"}],"version-history":[{"count":0,"href":"https:\/\/ujkafe.website\/index.php?rest_route=\/wp\/v2\/posts\/82380\/revisions"}],"wp:attachment":[{"href":"https:\/\/ujkafe.website\/index.php?rest_route=%2Fwp%2Fv2%2Fmedia&parent=82380"}],"wp:term":[{"taxonomy":"category","embeddable":true,"href":"https:\/\/ujkafe.website\/index.php?rest_route=%2Fwp%2Fv2%2Fcategories&post=82380"},{"taxonomy":"post_tag","embeddable":true,"href":"https:\/\/ujkafe.website\/index.php?rest_route=%2Fwp%2Fv2%2Ftags&post=82380"}],"curies":[{"name":"wp","href":"https:\/\/api.w.org\/{rel}","templated":true}]}}