
{"id":82471,"date":"2019-03-27T03:02:12","date_gmt":"2019-03-27T03:02:12","guid":{"rendered":"https:\/\/ujkafe.website\/?p=82471"},"modified":"2019-03-26T12:53:13","modified_gmt":"2019-03-26T12:53:13","slug":"szekedi-ferenc-arcok-szavak-emlekek-33","status":"publish","type":"post","link":"https:\/\/ujkafe.website\/?p=82471","title":{"rendered":"Sz\u00e9kedi Ferenc: Arcok, szavak, eml\u00e9kek (33)"},"content":{"rendered":"<p><em>Az ut\u00f3bbi \u00e9vekben t\u00f6bbsz\u00f6r is \u00e1tv\u00e1logattam a k\u00f6nyveimet, egy utols\u00f3 simogat\u00e1ssal iskol\u00e1knak, k\u00f6nyvt\u00e1raknak, egyetemnek, antikv\u00e1riumnak, rokonoknak, bar\u00e1toknak aj\u00e1nd\u00e9kozva oda mindazokat a k\u00f6teteket, amelyekr\u0151l \u00fagy \u00e9reztem, hogy m\u00e1r aligha fogok \u00fajraolvasni. A dedik\u00e1lt k\u00f6nyvek jelentett\u00e9k a kiv\u00e9telt. A megmarad\u00f3kat.<\/em><\/p>\n<h2><strong>Z\u00f6ld Lajos: K\u00f6lcs\u00f6nk\u00e9rt \u00e9let, kamatra<\/strong><\/h2>\n<p style=\"padding-left: 120px;\"><em>(Pallas-Akad\u00e9mia K\u00f6nyvkiad\u00f3, Cs\u00edkszereda, 2003. Szerkeszt\u0151: Kozma M\u00e1ria, Bor\u00edt\u00f3: Bot\u00e1r L\u00e1szl\u00f3)<\/em><\/p>\n<p>Hajnali n\u00e9gy. Kint legal\u00e1bb m\u00ednusz h\u00fasz, bent az \u00f3cska, f\u0171t\u00e9s n\u00e9lk\u00fcli Dacia-dub\u00e1ban (nevezhetem z\u00e1rt ter\u0171 haszonj\u00e1rm\u0171nek is, csakh\u00e1t ez nem r\u00e1nk jellemz\u0151) a legjobb esetben z\u00e9r\u00f3. Pokr\u00f3cba csavarodva \u00fcltem tizenk\u00e9t sz\u00e9k t\u00e1rsas\u00e1g\u00e1ban, de nem mint Ilf \u00e9s Petrov Osztap Bendere, hanem mint Z\u00f6ld Lajos (1932-2014) \u00fajs\u00e1g\u00edr\u00f3 t\u00e1rsa \u00e9s bar\u00e1tja.<!--more--><br \/>\nA m\u00falt sz\u00e1zad nyolcvanas \u00e9veiben megk\u00e9rt, hogy seg\u00edtsek Bukarestbe vinni a sz\u00e1rhegyi Sz\u00e9pteremt\u0151 Kal\u00e1k\u00e1n faragott sz\u00e9kek egy r\u00e9sz\u00e9t, hogy m\u00e1r nem tudom milyen t\u00e9li rendezv\u00e9nyen \u00e1ll\u00edts\u00e1k ki, lehet, hogy \u00e9ppen Rom\u00e1ni\u00e1t kellett meg\u00e9nekelni. Lajos Brass\u00f3ban elv\u00e9tette az utat, \u00e9s nem Prede\u00e1l, hanem Szecselev\u00e1ros fel\u00e9 vett\u00fck az ir\u00e1nyt, majd tov\u00e1bb, a kis\u00e9rteties holdf\u00e9nyben, olyan behavazott, jeges-cs\u00fasz\u00f3s szerpentineken, olyan fenyeget\u0151 erd\u0151k \u00e9s hatalmas radarok k\u00f6z\u00f6tt, amelyeket addig soha nem l\u00e1ttam. Ha meg\u00e1ll a motor, itt fagyunk meg \u2013 gondoltam, de h\u00e1t csak lejutottunk. Aminek Z\u00f6ld Lajos nekifogott, annak mindig valamik\u00e9ppen v\u00e9ge lett, m\u00e9g akkor is a t\u00fal\u00e9l\u0151k k\u00f6z\u00e9 tartozott, ha fejjel rohant a falnak. \u00c9letrajzi k\u00f6nyv\u00e9ben \u00f6nmag\u00e1val sem k\u00edm\u00e9letes, ott s\u0171r\u0171s\u00f6dik benne mindaz, ami\u00e9rt \u00e9lt \u00e9s amit \u00e1t\u00e9lt. Az \u00fajs\u00e1g\u00edr\u00e1s tapogat\u00f3z\u00e1sai, a v\u00e1ltoz\u00f3 ideol\u00f3gi\u00e1kkal val\u00f3 szemben\u00e9z\u00e9s, a Sz\u00e1rhegyi K\u00e9pz\u0151m\u0171v\u00e9szeti Alkot\u00f3t\u00e1bor, amelyr\u0151l k\u00fcl\u00f6n k\u00f6nyvet is megjelentetett, a Sz\u00e9pteremt\u0151 Kal\u00e1ka, amelyet restaur\u00e1ci\u00f3s c\u00e9lokkal tal\u00e1lt ki, az \u00edr\u00f3t\u00e1bor, amelyre ugyancsak \u00f6n\u00e1ll\u00f3 k\u00f6tetben eml\u00e9kezett vissza, a g\u00e9gem\u0171t\u00e9tje, amelyet amolyan Karinthysan \u00fagyszint\u00e9n meg\u00edrt, a v\u00e1llalkoz\u00f3i korszaka, amelynek kezdet\u00e9n visszat\u00e9rt a pap\u00edrgy\u00e1rt\u00f3 manufakt\u00far\u00e1hoz, \u00e9s mindemellett p\u00fcsp\u00f6kt\u0151l p\u00e1rttitk\u00e1rig, sz\u00f6v\u0151asszonyt\u00f3l szerzetesig, gy\u00e1rigazgat\u00f3t\u00f3l gyimesi cs\u00e1ng\u00f3ig, fest\u0151t\u0151l fot\u00f3sig, tan\u00e1cseln\u00f6kt\u0151l talicsk\u00e1sig rengeteg n\u00e9v, amelyek igazolj\u00e1k, hogy mindenhol \u00edgy eml\u00e9kezzenek meg r\u00f3la \u2013 Z\u00f6ld Lajos, a k\u00f6z\u00f6ss\u00e9gszervez\u0151. S\u0151t, amikor 2010-ben megk\u00e9rtek, hogy Sz\u00e1rhegyen \u00e9n besz\u00e9ljek r\u00f3la, a k\u00f6zs\u00e9g leg\u00fajabb d\u00edszpolg\u00e1r\u00e1r\u00f3l, akkor az is eszembe jutott: m\u00e9g az \u00f6r\u00f6k \u00e9rv\u00e9ny\u0171nek hitt mond\u00e1st is k\u00e9pes volt megc\u00e1folni. Senki nem pr\u00f3f\u00e9ta a saj\u00e1t haz\u00e1j\u00e1ban. \u0150 azz\u00e1 v\u00e1lt. Csak k\u00e1r, hogy nem maradhatott. Mert ha tov\u00e1bb \u00e9l, ak\u00e1r kilencven \u00e9v\u00e9hez k\u00f6zeledve, g\u00e9gemikrofonj\u00e1val nem hagyta volna, hogy \u00f6nmag\u00e1ba roskadjon mindaz, ami\u00e9rt \u00e9let\u00e9ben \u00fagy lobogott. A sz\u00e1rhegyi L\u00e1z\u00e1r-kast\u00e9ly \u00f3ri\u00e1skapuj\u00e1nak lakatja m\u00f6g\u00f6tt p\u00e9nzek j\u00f6ttek \u00e9s mentek, tulajdonosnevek cser\u00e9l\u0151dtek, \u00edg\u00e9retek sz\u00fclettek \u00e9s d\u0151ltek dug\u00e1ba, egy valamit azonban akkor sem tudnak lekaparni, ha \u00fajb\u00f3l \u00f6sszeomlik minden fal, mert az utols\u00f3 k\u00f6v\u00f6n ott marad a neve.<\/p>\n<p><a href=\"https:\/\/ujkafe.website\/wp-content\/uploads\/2019\/03\/zold.jpg\"><img loading=\"lazy\" decoding=\"async\" class=\"alignnone wp-image-82472\" src=\"https:\/\/ujkafe.website\/wp-content\/uploads\/2019\/03\/zold.jpg\" alt=\"\" width=\"500\" height=\"634\" srcset=\"https:\/\/ujkafe.website\/wp-content\/uploads\/2019\/03\/zold.jpg 757w, https:\/\/ujkafe.website\/wp-content\/uploads\/2019\/03\/zold-237x300.jpg 237w\" sizes=\"auto, (max-width: 500px) 100vw, 500px\" \/><\/a><\/p>\n<hr>\n<p>&nbsp;<\/p>\n<h2><strong>Elj\u00f6tt az \u00e9n id\u0151m is (r\u00e9szlet a k\u00f6nyvb\u0151l)<\/strong><\/h2>\n<p><em>A sors egyszer mindenkinek felk\u00edn\u00e1lja az \u00f6nmegval\u00f3s\u00edt\u00e1s nagy lehet\u0151s\u00e9g\u00e9t. Ami\u00e9rt \u00e9rdemes volt \u00e9lni \u00e9s megfesz\u00edtett er\u0151vel dolgozni. Ez az eshet\u0151s\u00e9g bennem egyfajta k\u00e9szenl\u00e9ti \u00e1llapotot eredm\u00e9nyezett: ahogy a foly\u00f3vizek gy\u0171jtik apr\u00f3 csermelyekb\u0151l erej\u00fcket, \u00fagy tartal\u00e9koltam \u00e9n is energi\u00e1imat, hogy amikor hozz\u00e1m is el\u00e9rkezik a Nagy Pillanat, akkor tehets\u00e9gem telj\u00e9ben, k\u00e9pess\u00e9geim legjav\u00e1val fogadhassam. Sz\u00e1momra ezt a gyergy\u00f3sz\u00e1rhegyi Bar\u00e1ts\u00e1g m\u0171v\u00e9sztelep l\u00e9trehoz\u00e1s\u00e1nak, a ferences kolostor \u00e9s a L\u00e1z\u00e1r-kast\u00e9ly \u00fajj\u00e1\u00e9p\u00edt\u00e9s\u00e9nek, k\u00e9pt\u00e1ralap\u00edt\u00e1snak a lehet\u0151s\u00e9ge jelentette.<\/em><br \/>\n<em>A Bar\u00e1ts\u00e1g m\u0171v\u00e9sztelep negyedsz\u00e1zados t\u00f6rt\u00e9net\u00e9r\u0151l \u00edrott, A v\u00edz szalad, a k\u0151 marad&#8230; monogr\u00e1fi\u00e1mban megillet\u0151dve bizonygattam, hogy az Id\u0151 mindig meg\u00e9rleli jelent\u0151s esem\u00e9nyeit. Amikor, mint hatalmas t\u00fckr\u00f6k f\u00f3kusz\u00e1ban \u00f6sszes\u0171r\u0171s\u00f6dnek a dolgok, m\u00e9rhetetlen energi\u00e1k szabadulnak fel, k\u00f6lt\u00f6znek sz\u00edvekbe \u00e9s karokba, rendeznek ezreket csatasorba. A szellemis\u00e9ggel \u00e1thatott teremt\u0151 \u00f6szt\u00f6n mindig \u00fajraszervez\u0151dik, \u00e9s az emberek ism\u00e9t magukra tal\u00e1lnak, egym\u00e1sra lelnek az alkot\u00e1sban. Ami Sz\u00e1rhegyen is t\u00f6rt\u00e9nt.<\/em><br \/>\n<em>Ekkor sok sz\u00e1z alkot\u00f3, \u00e9p\u00edt\u0151t\u00e1rs ir\u00e1nti tiszteletb\u0151l nem tartottam hely\u00e9nval\u00f3nak a teremt\u00e9s lelki folyamatair\u00f3l is \u00edrni. \u00cdzl\u00e9stelen \u00f6nfitogtat\u00e1s lett volna n\u00e1rcizmussal kisebb\u00edteni ennek a nagy k\u00f6z\u00f6ss\u00e9gi \u00f6sszefog\u00e1snak az \u00e9rt\u00e9k\u00e9t. Most viszont, amikor az egykori t\u00e1boralap\u00edt\u00f3t t\u00faln\u0151tte (lassank\u00e9nt harmincadik esztendej\u00e9t is bet\u00f6lti) kedvenc gyermeke, szer\u00e9nytelens\u00e9g n\u00e9lk\u00fcl sz\u00f3lhatok a t\u00e1bor sz\u00fclet\u00e9s\u00e9vel egy\u00fctt j\u00e1r\u00f3 vaj\u00fad\u00e1sr\u00f3l is. Nagy lelki v\u00e1ls\u00e1gom adta ki a tettre k\u00e9sztet\u0151 pillanatnyi parancsot akkor, amikor \u201eaz egyed\u00fcl igazs\u00e1gos t\u00e1rsadalomba\u201d vetett hitem, amelyre \u00e9letemet tettem \u2013 cs\u00fanya, k\u00e9tarc\u00fa kom\u00e9di\u00e1v\u00e1 torzult. Szertefoszlott \u00e1lmok sikaml\u00f3s talaj\u00e1ra cs\u00faszott mindaz, ami egykoron csod\u00e1latos \u00e9s szipork\u00e1z\u00f3 volt, milli\u00f3kat vonzott b\u0171vk\u00f6r\u00e9be. Az igazs\u00e1gb\u00f3l hazugs\u00e1g, a be\u00edg\u00e9rt \u00e9s meg\u00e1lmodott j\u00f3l\u00e9tb\u0151l pedig v\u00e9gtelen sorba\u00e1ll\u00e1s, \u00e9telhi\u00e1ny, meleghi\u00e1ny, t\u00f6bb\u00f3r\u00e1s \u00e1ramsz\u00fcnetek lelket b\u00e9n\u00edt\u00f3 s\u00f6t\u00e9ts\u00e9ge, az \u00f6nbizalomb\u00f3l pedig suttog\u00f3 f\u00e9lelem lett.<\/em><br \/>\n<em>1973 \u0151sz\u00e9n \u00edgy csal\u00e1dunk Sz\u00e1rm\u00e1ny-hegybe torkoll\u00f3 k\u0151b\u00e1ny\u00e1j\u00e1nak legfels\u0151 terasz\u00e1n kerestem a kapaszkod\u00f3t, amelyen kiverg\u0151dhetek lelki v\u00e1ls\u00e1gomb\u00f3l.<\/em><br \/>\n<em>Ez a k\u0151b\u00e1nya tulajdonk\u00e9ppen az idegszanat\u00f3rium szerep\u00e9t t\u00f6lt\u00f6tte be n\u00e1lam: az udvarunkra t\u00e1maszkod\u00f3 szikl\u00e1s meredekb\u0151l id\u0151nk\u00e9nt ki\u00e1stam egy-egy j\u00f3kora teraszt, amelyekre gy\u00fcm\u00f6lcsf\u00e1kat, feny\u0151f\u00e1kat \u00fcltettem, sz\u00e1m szerint harmincat. K\u0151b\u0151l kirakott falakkal, l\u00e9pcs\u0151kkel r\u00f6gz\u00edtettem f\u00f6ldh\u00f6z a \u201ef\u00fcgg\u0151kertemet\u201d. A k\u00f6vek k\u00f6z\u00e9, beton helyett k\u0151r\u00f3zs\u00e1kat telep\u00edtettem, amelyek \u0151szre a haragos z\u00f6ldr\u0151l a piros \u00e9s a barna sz\u00ednek k\u00e1pr\u00e1zatos pomp\u00e1j\u00e1ba v\u00e1ltottak. Iszonyatos \u00e9s embervallat\u00f3 robot volt neh\u00e9z vasr\u00faddal, \u00f6t kil\u00f3s kalap\u00e1ccsal, cs\u00e1k\u00e1nnyal \u00e9s lap\u00e1ttal kifejteni a k\u00f6vet a szikl\u00e1b\u00f3l, azokb\u00f3l falat rakni, f\u00f6ldet rost\u00e1lni a k\u0151falak m\u00f6g\u00e9, kosarakban, h\u00e1ton tr\u00e1gy\u00e1t cipelni a hegyre, hogy teremjen is a f\u00f6ld. \u00c9ppen tizedik esztendeje tartott ez a f\u00e1raszt\u00f3 kuliz\u00e1s, m\u00e1r negyedik teraszomon ringatott \u00f6l\u00e9ben az el\u00e9gt\u00e9tel semmihez sem hasonl\u00edthat\u00f3 \u00e9rz\u00e9se, hogy megbirk\u00f3ztam a lehetetlennel: sz\u00e9tt\u00f6rtem az embert fogva tart\u00f3 rests\u00e9g \u00e9s k\u00e9nyelmess\u00e9g bilincseit. Van-e nagyobb teljes\u00edtm\u00e9ny, mint kertet var\u00e1zsolni a szikl\u00e1ra, \u00e9letet lehelni a medd\u0151 anyagba? Tavasszal megcsod\u00e1lni, hogyan hasad a r\u00fcgy, bomlik pazar vir\u00e1g\u00f6z\u00f6nbe a kikelet (2002-ben \u00fcltettem \u2013 most m\u00e1r unok\u00e1imnak \u2013 a velem egy\u00fctt ki\u00f6regedett gy\u00fcm\u00f6lcsf\u00e1k k\u00f6z\u00e9 fiatal csemet\u00e9ket). Egy-egy ilyen cs\u00e1k\u00e1nyol\u00e1ssal, lap\u00e1tol\u00e1ssal t\u00f6lt\u00f6tt f\u00e1raszt\u00f3 nap ut\u00e1n pihentet\u0151 el\u00e9gt\u00e9telt jelentett \u201efel\u00fclr\u0151l&#8221; tekinteni erre az \u00e9rtelmetlen\u00fcl t\u00fcleked\u0151, rohan\u00f3, gy\u0171l\u00f6lk\u00f6d\u0151 vil\u00e1gra. F\u00fcgg\u0151kertemet mindenki megcsod\u00e1lta, dics\u00e9rte. Beke Gy\u00f6rgy bar\u00e1tom \u00e9s egyik riporter-p\u00e9ldak\u00e9pem sz\u00e9kely szimb\u00f3lumnak, er\u0151s, szikl\u00e1ba val\u00f3 kapaszkod\u00e1snak min\u0151s\u00edtette mutatv\u00e1nyomat. Igaz, voltak olyanok is, akik furcs\u00e1n \u00f6sszen\u00e9ztek a h\u00e1tam m\u00f6g\u00f6tt, nem ment-e el az a kev\u00e9s s\u00fctnival\u00f3m is, ami nagy nehezen bel\u00e9mszorult. Ilyesmivel t\u00f6lteni az id\u0151t?&#8230;<\/em><br \/>\n<em>\u00c9ppen egy ilyen \u2013 v\u00e9letlen\u00fcl elkapott \u2013 k\u00e9tked\u0151 tekintet v\u00e1ltotta ki bel\u0151lem most a k\u00e9rd\u00e9st: Val\u00f3ban mi v\u00e9gb\u0151l ez a sziszifuszi k\u00fczdelem, mindaz, ami ez id\u00e1ig volt az \u00e9letemben? A jap\u00e1n paraszt izzads\u00e1gos el\u00e9gt\u00e9tele lenne egy egyetemet v\u00e9gzett \u00e9rtelmis\u00e9gi \u00f6nmegval\u00f3s\u00edt\u00f3 \u00e1lmainak netov\u00e1bbja? Hogy felhordja a f\u00f6ldet a v\u00f6lgyb\u0151l a Hegy-re, mert \u00e9ppen a saj\u00e1t term\u00e9s\u0171 gy\u00fcm\u00f6lcs \u00edzlik, \u00e9s valahol le kell vezetnie energi\u00e1it? A kil\u00e1t\u00e1s, hogy mes\u00e9lhetek l\u00e1togat\u00f3imnak f\u00fcgg\u0151kertemr\u0151l? \u00c9s k\u00f6zben eltelik az \u00e9let, \u00e9n pedig csak mes\u00e9lek-mes\u00e9lek, v\u00e9g\u00fcl m\u00e1r csak magamnak motyogom, hogy nem \u00e9ltem hi\u00e1ba.<\/em><br \/>\n<em>A k\u00e9rd\u00e9s, b\u00e1rmily k\u00e9nyelmetlen, de id\u0151szer\u0171 volt: negyvenedik \u00e9vemet is eltapostam \u00e9s ezen a f\u00fcgg\u0151kerten, meg egy Hargita megyei \u00fatik\u00f6nyv\u00f6n k\u00edv\u00fcl nem sok akad, amivel elb\u00fcszk\u00e9lkedhetek. Hi\u00e1ba menteget\u0151z\u00f6m, magyar\u00e1zom a bizony\u00edtv\u00e1nyom, hogy k\u00e9rem sz\u00e9pen, nagyot csal\u00f3dtam a vil\u00e1gban, semmiv\u00e9 sil\u00e1nyult, amiben hittem \u00e9s fontos volt sz\u00e1momra. Be kellett l\u00e1tnom, hogy elpolitiz\u00e1ltam, elpazaroltam talentumaimat. J\u00f3l \u00f6ssze kell szednem magam, ha el akarom \u00e9rni az utols\u00f3 vonatot, hogy a dolgok term\u00e9szetes foly\u00e1s\u00e1hoz igaz\u00edthassam kavicsos \u00fatra t\u00e9vedt \u00e9letemet. V\u00e9get kell vetnem a nyavalyg\u00e1snak is!<\/em><br \/>\n<em>Az \u00fajrakezd\u00e9s gondolata sz\u00e1mos lehet\u0151s\u00e9get k\u00edn\u00e1lt, \u00edgy a k\u00f6z\u00edr\u00f3v\u00e1 v\u00e1l\u00e1s kil\u00e1t\u00e1s\u00e1t is (ahogy \u00e9n neveztem \u00edr\u00f3i \u00e1lmokat kerget\u0151, \u00fajs\u00e1g\u00edr\u00f3 mivoltomat). Egy riportk\u00f6tet, n\u00e9h\u00e1ny v\u00e9kony k\u00f6nyvecske t\u00e1rsadalmunk m\u00e9lys\u00e9geinek \u00e1ramlatair\u00f3l. Romantikus reg\u00e9nynek is nekifogtam Szinaj\u00e1n. Ha meger\u0151ltetem magam, m\u00e9g oda is \u00e1llhatok K\u00e1ny\u00e1di S\u00e1ndor, S\u00fct\u0151 Andr\u00e1s \u00e9s sok m\u00e1s kimagasl\u00f3 tollforgat\u00f3 m\u00f6g\u00e9 az \u00edr\u00f3-olvas\u00f3 tal\u00e1lkoz\u00f3kon, hogy nekem is jusson n\u00e9h\u00e1ny szemcse az elismer\u00e9s keny\u00e9rmorzs\u00e1ib\u00f3l. Doktor\u00e1lni is akartam B\u00e1nyai L\u00e1szl\u00f3 professzorn\u00e1l a mad\u00e9falvi veszedelemr\u0151l, err\u0151l viszont \u2013 megtagadva az enged\u00e9lyt \u2014 a p\u00e1rtbizotts\u00e1g parancsolt le, hogy ne sz\u00e9kelykedjek. J\u00f3zan pillanataimban be kellett l\u00e1tnom, hogy nem nekem tal\u00e1lt\u00e1k fel az egy helyben \u00fcl\u00e9st. B\u00e1rhogy er\u0151ltettem magam, ez h\u00e1rom napn\u00e1l tov\u00e1bb sohasem ment nekem. M\u00e9g a k\u00f3rh\u00e1zakb\u00f3l is elsz\u00f6ktem egy-k\u00e9t nap m\u00falt\u00e1n. (Egyszer a f\u00e9l t\u00f6rt\u00e9nelemfiloz\u00f3fia kar r\u00f6h\u00f6g\u00f6tt rajtam, amikor egy \u00e1pol\u00f3n\u0151 megjelent kez\u00e9ben a nagy p\u00e1rn\u00e1mmal, hogy hol van az a bokszol\u00f3 egyetemista, akinek \u00f6sszet\u00f6rt\u00e9k az orr\u00e1t?)<\/em><br \/>\n<em>Ezzel el is d\u0151lt a sorsom: nem fogom megp\u00e1ly\u00e1zni az irodalmi Nobel-d\u00edjat. A megfesz\u00edtett munka lesz az a minden t\u00e1rsadalmi rend \u00e1ltal elfogadott \u00f6r\u00f6k \u00e9rv\u00e9ny\u0171 batyu, amit ezut\u00e1n cipelni fogok \u00e9s csak akkor m\u00falok el, ha m\u00e1r nem okozhatok gondot, bajt magamnak, nem lesz, amit tennem. Ehhez viszont b\u0151ven adott talentumot az \u00daristen. H\u00e1rom embernek is elegend\u0151 energi\u00e1t szor\u00edtott bel\u00e9m, szervez\u0151 k\u00e9szs\u00e9get, kitart\u00e1st is adott hozz\u00e1 r\u00e1ad\u00e1snak, hogy hasznos\u00edthassam fizikai adotts\u00e1gaimat.<\/em><br \/>\n<em>\u00cdgy jutottam vissza d\u00e9delgetett \u00e1lmomhoz, amir\u0151l sok\u00e1ig azt hittem, hogy csak ut\u00f3pia. Tavaszon j\u00e1rtam Buzauban, ahol csod\u00e1latos k\u00f6rnyezetben, erd\u0151rengeteg vir\u00e1gos tiszt\u00e1s\u00e1n, egy \u00f6reg kolostor szomsz\u00e9ds\u00e1g\u00e1ban csod\u00e1t l\u00e1ttam: egy szoborkertet, m\u00e1rv\u00e1nyfeh\u00e9r puha k\u0151b\u0151l faragott szobrokat, Rom\u00e1nia legjobb szobr\u00e1szainak alkot\u00e1sait. Elragadott az \u00e1mulat \u00e9s hetyke kijelent\u00e9sre sarkallt: \u201e\u00c9n enn\u00e9l k\u00fcl\u00f6nbet szervezek a sz\u00e1rhegyi kolostor romjai k\u00f6z\u00f6tt!&#8221;<\/em><br \/>\n<em>Bar\u00e1taim j\u00f3akarat\u00faan megmosolyogtak. A mindennapi val\u00f3s\u00e1g is lelombozott. Tal\u00e1n k\u00e9nyelmes rests\u00e9gem is k\u00f6zrej\u00e1tszott, hogy feledjem m\u00e1moros pillanatomban tett fogadkoz\u00e1somat. Most negyedik teraszomon d\u00f6bbentem csak r\u00e1, hogy itt a nagy pillanat, amire egy \u00e9leten \u00e1t v\u00e1rtam!<\/em><br \/>\n<em>Elj\u00f6tt az \u00e9n id\u0151m is!<\/em><br \/>\n<em>M\u00e1r az akad\u00e1lyok sem vett\u00e9k el a kedvem. Amikor kider\u00fclt, hogy a Hargita megyei \u00fatik\u00f6nyvb\u0151l sz\u00e1rmaz\u00f3 h\u00e1romsz\u00e1zezer lejes tiszta j\u00f6vedelmet (akkor \u00f6t Dacia g\u00e9pkocsi \u00e1r\u00e1t), amit kultur\u00e1lis c\u00e9lra sz\u00e1ntam, csod\u00e1lkoz\u00f3 mosollyal gombolta le r\u00f3lam a megyei p\u00e1rtbizotts\u00e1g, akkor sem keseredtem el. K\u00e9rd\u00e9semre, hogy hiszen \u00d6n\u00f6k csak a nev\u00fcket adt\u00e1k az \u00fatik\u00f6nyvh\u00f6z, azt k\u00e9rdezte vissza a gazdas\u00e1gi oszt\u00e1ly egyik vezet\u0151je, hogy melyik vil\u00e1gon \u00e9lek \u00e9s egy\u00e1ltal\u00e1n van-e fogalmam a k\u00f6zp\u00e9nzek elk\u00f6lt\u00e9s\u00e9nek m\u00f3djair\u00f3l? Nem volt. Sem akkor, sem k\u00e9s\u0151bb. Mindig annyit tudtam a \u201ek\u00f6zp\u00e9nzekr\u0151l\u201d, hogy miut\u00e1n el\u0151teremtetted, \u00fagy kell \u00e9rtelemmel \u00e9s becs\u00fcleted j\u00f3v\u00e1hagy\u00e1s\u00e1val elk\u00f6lteni, hogy annak l\u00e1that\u00f3 nyoma is maradjon. Sajnos Oprea Ion, a [Hargita] megyei p\u00e1rtbizotts\u00e1g propaganda oszt\u00e1ly\u00e1nak helyettes vezet\u0151je is, aki szerkeszt\u0151t\u00e1rsk\u00e9nt v\u00e1llalta a felel\u0151ss\u00e9get, hogy hossz\u00fa \u00e9vek \u00f3ta el\u0151sz\u00f6r Rom\u00e1ni\u00e1ban a helys\u00e9gek neveit magyarul is le\u00edrhassuk, tehetetlen\u00fcl t\u00e1rta sz\u00e9t a karj\u00e1t: \u201eEz m\u00e1r engem is meghalad, Laji. K\u0151kem\u00e9ny, kegyetlen b\u00fcrokr\u00e1cia, a szocializmus esk\u00fcdt ellens\u00e9ge!&#8221;<\/em><br \/>\n<em>K\u00e9t dolog vil\u00e1gos volt el\u0151ttem: a sz\u00e1rhegyi m\u0171v\u00e9sztelep megszervez\u00e9s\u00e9hez p\u00e9nzen k\u00edv\u00fcl k\u00e9t dolog sz\u00fcks\u00e9geltetik: a megyei p\u00e1rtbizotts\u00e1g j\u00f3v\u00e1hagy\u00e1sa, a romos kolostor ig\u00e9nybev\u00e9tel\u00e9hez pedig az egyh\u00e1z, nevezetesen M\u00e1rton \u00c1ron p\u00fcsp\u00f6k \u00e1ld\u00e1sa. Milyen var\u00e1zsig\u00e9vel fogom k\u00f6z\u00f6s nevez\u0151re hozni ezt az egym\u00e1snak fesz\u00fcl\u0151 k\u00e9t p\u00f3lust?&#8230;<\/em><\/p>\n<hr>\n<h2><a href=\"https:\/\/ujkafe.website\/?p=81783\"><em><strong>Eml\u00e9kk\u00f6nyv: Domokos G\u00e9za hetven\u00f6t \u00e9ves<\/strong><\/em><\/a><\/h2>\n<h2><a href=\"https:\/\/ujkafe.website\/?p=81798\"><em><strong>Koz\u00e1n Imre : Fekete ugar<\/strong><\/em><\/a><\/h2>\n<h2><em><strong><a href=\"https:\/\/ujkafe.website\/?p=81817\">Bodor P\u00e1l: Monol\u00f3g z\u00e1r\u00f3jelben<\/a>. R\u00f6plapok versben, pr\u00f3z\u00e1ban<\/strong><\/em><\/h2>\n<h2><a href=\"https:\/\/ujkafe.website\/?p=81842\"><em><strong>Imreh Sz. Istv\u00e1n: A kromosz\u00f3ma<\/strong><\/em><\/a><\/h2>\n<h2><a href=\"https:\/\/ujkafe.website\/?p=81860\"><em><strong>Mihai Flamaropol: 50 de ani de hochei \u00een Rom\u00e2nia<\/strong><\/em><\/a><\/h2>\n<h2><a href=\"https:\/\/ujkafe.website\/?p=81884\"><em><strong>M\u00e9liusz J\u00f3zsef: Bukaresti k\u00e1v\u00e9h\u00e1z<\/strong><\/em><\/a><\/h2>\n<h2><a href=\"https:\/\/ujkafe.website\/?p=81907\"><em><strong>Tari Istv\u00e1n: Elmulatott j\u00f6v\u0151<\/strong><\/em><\/a><\/h2>\n<h2><a href=\"https:\/\/ujkafe.website\/?p=81933\"><em><strong>Fodor S\u00e1ndor: Levelek hazulr\u00f3l \u2013 haza<\/strong><\/em><\/a><\/h2>\n<h2><a href=\"https:\/\/ujkafe.website\/?p=81951\"><em><strong>Implon Ir\u00e9n: Nagyv\u00e1radi tollrajzok<\/strong><\/em><\/a><\/h2>\n<h2><a href=\"https:\/\/ujkafe.website\/?p=81968\"><em><strong>Bedros Horasangian: Mag\u00e1nyos l\u00f3 az aut\u00f3p\u00e1ly\u00e1n<\/strong><\/em><\/a><\/h2>\n<h2><a href=\"https:\/\/ujkafe.website\/?p=81984\"><em><strong>Baracs D\u00e9nes: Chanson\u00e9vek<\/strong><\/em><\/a><\/h2>\n<h2><a href=\"https:\/\/ujkafe.website\/?p=82002\"><em><strong>M\u00e1rton L\u00e1szl\u00f3: Harangok<\/strong><\/em><\/a><\/h2>\n<h2><a href=\"https:\/\/ujkafe.website\/?p=82039\"><em><strong>Ferencz S. Istv\u00e1n: Ny\u00e1ri v\u00e1ndorl\u00e1sok<\/strong><\/em><\/a><\/h2>\n<h2><a href=\"https:\/\/ujkafe.website\/?p=82060\"><em><strong>Gecse G\u00e9za: Biz\u00e1nct\u00f3l Biz\u00e1ncig. Az orosz birodalmi gondolat<\/strong><\/em><\/a><\/h2>\n<h2><a href=\"https:\/\/ujkafe.website\/?p=82082\"><em><strong>Vofkori L\u00e1szl\u00f3: A tudom\u00e1ny vonz\u00e1sk\u00f6r\u00e9ben<\/strong><\/em><\/a><\/h2>\n<h2><a href=\"https:\/\/ujkafe.website\/?p=82085\"><em><strong>Bilib\u00f3k \u00c1goston: A Cs\u00edkszereda-Gyimesb\u00fckk vas\u00fatvonal t\u00f6rt\u00e9nete<\/strong><\/em><\/a><\/h2>\n<h2><a href=\"https:\/\/ujkafe.website\/?p=82119\"><em><strong>Bit\u00f3 L\u00e1szl\u00f3: \u00c1brah\u00e1m \u00e9s Izs\u00e1k<\/strong><\/em><\/a><\/h2>\n<h2><a href=\"https:\/\/ujkafe.website\/?p=82136\"><em><strong>S\u00e1ndor J\u00f3zsef: Geometriai egyenl\u0151tlens\u00e9gek<\/strong><\/em><\/a><\/h2>\n<h2><a href=\"https:\/\/ujkafe.website\/?p=82155\"><em><strong>P\u00e9ter L\u00e1szl\u00f3: A k\u00f6zv\u00e9lem\u00e9ny szociol\u00f3gi\u00e1ja<\/strong><\/em><\/a><\/h2>\n<h2><a href=\"https:\/\/ujkafe.website\/?p=82179\"><em><strong>Vonatok ballad\u00e1ja. Magyar k\u00f6lt\u0151k vallom\u00e1sai a vas\u00fatr\u00f3l<\/strong><\/em><\/a><\/h2>\n<h2><a href=\"https:\/\/ujkafe.website\/?p=82198\"><em><strong>Ol\u00e1h Istv\u00e1n: A m\u00e1sodik \u00e9szakon<\/strong><\/em><\/a><\/h2>\n<h2><a href=\"https:\/\/ujkafe.website\/?p=82211\"><em><strong>Tal\u00e1lkoz\u00e1saim a k\u00f6lt\u0151vel<\/strong><\/em><\/a><\/h2>\n<h2><a href=\"https:\/\/ujkafe.website\/?p=82242\"><em><strong>Tompa G\u00e1bor: Aki nem \u00e9n<\/strong><\/em><\/a><\/h2>\n<h2><a href=\"https:\/\/ujkafe.website\/?p=82259\"><em><strong>Varga L\u00e1szl\u00f3: K\u00e9rem a v\u00e1dlott felment\u00e9s\u00e9t!<\/strong><\/em><\/a><\/h2>\n<h2><a href=\"https:\/\/ujkafe.website\/?p=82303\"><em><strong>Balogh J\u00f3zsef: Erd\u00e9lyi l\u00f3rum. B\u00f6kversek \u00e9s \u00f6ltem\u00e9nyek<\/strong><\/em><\/a><\/h2>\n<h2><a href=\"https:\/\/ujkafe.website\/?p=82312\"><em><strong>Rab J\u00e1nos: \u00c9let \u00e9s energia<\/strong><\/em><\/a><\/h2>\n<h2><a href=\"https:\/\/ujkafe.website\/?p=82329\"><em><strong>Az ember ott a legf\u00e1j\u00f3bb magyar<\/strong><\/em><\/a><\/h2>\n<h2><a href=\"https:\/\/ujkafe.website\/?p=82359\"><em><strong>Vorzs\u00e1k Anna: M\u00e9ra napl\u00f3ja<\/strong><\/em><\/a><\/h2>\n<h2><a href=\"https:\/\/ujkafe.website\/?p=82380\"><em><strong>Ferencz Zsuzsanna: Kik \u00e9s Mik \u00fcgyei<\/strong><\/em><\/a><\/h2>\n<h2><a href=\"https:\/\/ujkafe.website\/?p=82409\"><em><strong>Pomog\u00e1ts B\u00e9la: Erd\u00e9ly h\u0171s\u00e9g\u00e9ben<\/strong><\/em><\/a><\/h2>\n<h2><a href=\"https:\/\/ujkafe.website\/?p=82430\"><em><strong>Nicolae Bucur: Ademenirea Timpului (Az Id\u0151 cs\u00e1b\u00edt\u00e1sa)<\/strong><\/em><\/a><\/h2>\n<h2><a href=\"https:\/\/ujkafe.website\/?p=82449\"><em><strong>K\u00f3ka Roz\u00e1lia: Egy asszon, k\u00e9t asszon<\/strong><\/em><\/a><\/h2>\n","protected":false},"excerpt":{"rendered":"<p>Az ut\u00f3bbi \u00e9vekben t\u00f6bbsz\u00f6r is \u00e1tv\u00e1logattam a k\u00f6nyveimet, egy utols\u00f3 simogat\u00e1ssal iskol\u00e1knak, k\u00f6nyvt\u00e1raknak, egyetemnek, antikv\u00e1riumnak, rokonoknak, bar\u00e1toknak aj\u00e1nd\u00e9kozva oda mindazokat a k\u00f6teteket, amelyekr\u0151l \u00fagy \u00e9reztem, hogy m\u00e1r aligha fogok \u00fajraolvasni. A dedik\u00e1lt k\u00f6nyvek jelentett\u00e9k a kiv\u00e9telt. A megmarad\u00f3kat. Z\u00f6ld Lajos: K\u00f6lcs\u00f6nk\u00e9rt \u00e9let, kamatra (Pallas-Akad\u00e9mia K\u00f6nyvkiad\u00f3, Cs\u00edkszereda, 2003. Szerkeszt\u0151: Kozma M\u00e1ria, Bor\u00edt\u00f3: Bot\u00e1r L\u00e1szl\u00f3) Hajnali n\u00e9gy. [&hellip;]<\/p>\n","protected":false},"author":3,"featured_media":0,"comment_status":"open","ping_status":"open","sticky":false,"template":"","format":"standard","meta":{"_monsterinsights_skip_tracking":false,"_monsterinsights_sitenote_active":false,"_monsterinsights_sitenote_note":"","_monsterinsights_sitenote_category":0,"ngg_post_thumbnail":0,"footnotes":""},"categories":[16,13],"tags":[],"class_list":["post-82471","post","type-post","status-publish","format-standard","hentry","category-bongeszde","category-dokumentum"],"_links":{"self":[{"href":"https:\/\/ujkafe.website\/index.php?rest_route=\/wp\/v2\/posts\/82471","targetHints":{"allow":["GET"]}}],"collection":[{"href":"https:\/\/ujkafe.website\/index.php?rest_route=\/wp\/v2\/posts"}],"about":[{"href":"https:\/\/ujkafe.website\/index.php?rest_route=\/wp\/v2\/types\/post"}],"author":[{"embeddable":true,"href":"https:\/\/ujkafe.website\/index.php?rest_route=\/wp\/v2\/users\/3"}],"replies":[{"embeddable":true,"href":"https:\/\/ujkafe.website\/index.php?rest_route=%2Fwp%2Fv2%2Fcomments&post=82471"}],"version-history":[{"count":0,"href":"https:\/\/ujkafe.website\/index.php?rest_route=\/wp\/v2\/posts\/82471\/revisions"}],"wp:attachment":[{"href":"https:\/\/ujkafe.website\/index.php?rest_route=%2Fwp%2Fv2%2Fmedia&parent=82471"}],"wp:term":[{"taxonomy":"category","embeddable":true,"href":"https:\/\/ujkafe.website\/index.php?rest_route=%2Fwp%2Fv2%2Fcategories&post=82471"},{"taxonomy":"post_tag","embeddable":true,"href":"https:\/\/ujkafe.website\/index.php?rest_route=%2Fwp%2Fv2%2Ftags&post=82471"}],"curies":[{"name":"wp","href":"https:\/\/api.w.org\/{rel}","templated":true}]}}