
{"id":8253,"date":"2011-03-29T07:55:39","date_gmt":"2011-03-29T07:55:39","guid":{"rendered":"https:\/\/ujkafe.website\/?p=8253"},"modified":"2011-03-29T07:55:39","modified_gmt":"2011-03-29T07:55:39","slug":"debreczeni-eva-italiai-emlekek-4","status":"publish","type":"post","link":"https:\/\/ujkafe.website\/?p=8253","title":{"rendered":"Debreczeni \u00c9va: It\u00e1liai eml\u00e9kek (4)"},"content":{"rendered":"<p><a href=\"https:\/\/ujkafe.website\/wp-content\/uploads\/2011\/03\/DSC00505.jpg\"><img loading=\"lazy\" decoding=\"async\" class=\"aligncenter size-full wp-image-8254\" title=\"DSC00505\" src=\"https:\/\/ujkafe.website\/wp-content\/uploads\/2011\/03\/DSC00505.jpg\" alt=\"\" width=\"624\" height=\"468\" srcset=\"https:\/\/ujkafe.website\/wp-content\/uploads\/2011\/03\/DSC00505.jpg 624w, https:\/\/ujkafe.website\/wp-content\/uploads\/2011\/03\/DSC00505-300x225.jpg 300w\" sizes=\"auto, (max-width: 624px) 100vw, 624px\" \/><\/a><\/p>\n<p>\u00dasz\u00f3 sir\u00e1ly a Rialto h\u00edd alatt\u2026 mindj\u00e1rt megl\u00e1t egy halat (nem engem), lebukik \u00e9s \u00fcgyesen megfogja. A n\u00e9p \u00fcl a l\u00e9pcs\u0151k\u00f6n, fent a h\u00eddon, el\u0151tte fot\u00f3zkodnak, nagy z\u0171rzavar \u2013 csak a sir\u00e1ly \u00faszk\u00e1l nyugodtan, \u0151 otthon van, mit izgassa mag\u00e1t? A turistautakon rendk\u00edv\u00fcl zavar\u00f3ak tudnak lenni a turist\u00e1k, minden tele van vel\u00fck, eltakarj\u00e1k a l\u00e1tnival\u00f3kat, nem lehet nyugodtan n\u00e9zel\u0151dni, f\u00e9nyk\u00e9pezkedni, belel\u00f3gnak a m\u00e1sok fot\u00f3j\u00e1ba. Ez\u00e9rt szeretem jobban a sir\u00e1lyokat.<\/p>\n","protected":false},"excerpt":{"rendered":"<p>\u00dasz\u00f3 sir\u00e1ly a Rialto h\u00edd alatt\u2026 mindj\u00e1rt megl\u00e1t egy halat (nem engem), lebukik \u00e9s \u00fcgyesen megfogja. A n\u00e9p \u00fcl a l\u00e9pcs\u0151k\u00f6n, fent a h\u00eddon, el\u0151tte fot\u00f3zkodnak, nagy z\u0171rzavar \u2013 csak a sir\u00e1ly \u00faszk\u00e1l nyugodtan, \u0151 otthon van, mit izgassa mag\u00e1t? A turistautakon rendk\u00edv\u00fcl zavar\u00f3ak tudnak lenni a turist\u00e1k, minden tele van vel\u00fck, eltakarj\u00e1k a l\u00e1tnival\u00f3kat, [&hellip;]<\/p>\n","protected":false},"author":2,"featured_media":0,"comment_status":"open","ping_status":"open","sticky":false,"template":"","format":"standard","meta":{"_monsterinsights_skip_tracking":false,"_monsterinsights_sitenote_active":false,"_monsterinsights_sitenote_note":"","_monsterinsights_sitenote_category":0,"ngg_post_thumbnail":0,"footnotes":""},"categories":[5],"tags":[],"class_list":["post-8253","post","type-post","status-publish","format-standard","hentry","category-foto"],"_links":{"self":[{"href":"https:\/\/ujkafe.website\/index.php?rest_route=\/wp\/v2\/posts\/8253","targetHints":{"allow":["GET"]}}],"collection":[{"href":"https:\/\/ujkafe.website\/index.php?rest_route=\/wp\/v2\/posts"}],"about":[{"href":"https:\/\/ujkafe.website\/index.php?rest_route=\/wp\/v2\/types\/post"}],"author":[{"embeddable":true,"href":"https:\/\/ujkafe.website\/index.php?rest_route=\/wp\/v2\/users\/2"}],"replies":[{"embeddable":true,"href":"https:\/\/ujkafe.website\/index.php?rest_route=%2Fwp%2Fv2%2Fcomments&post=8253"}],"version-history":[{"count":0,"href":"https:\/\/ujkafe.website\/index.php?rest_route=\/wp\/v2\/posts\/8253\/revisions"}],"wp:attachment":[{"href":"https:\/\/ujkafe.website\/index.php?rest_route=%2Fwp%2Fv2%2Fmedia&parent=8253"}],"wp:term":[{"taxonomy":"category","embeddable":true,"href":"https:\/\/ujkafe.website\/index.php?rest_route=%2Fwp%2Fv2%2Fcategories&post=8253"},{"taxonomy":"post_tag","embeddable":true,"href":"https:\/\/ujkafe.website\/index.php?rest_route=%2Fwp%2Fv2%2Ftags&post=8253"}],"curies":[{"name":"wp","href":"https:\/\/api.w.org\/{rel}","templated":true}]}}