
{"id":82531,"date":"2019-03-31T02:52:21","date_gmt":"2019-03-31T02:52:21","guid":{"rendered":"https:\/\/ujkafe.website\/?p=82531"},"modified":"2023-08-06T15:57:23","modified_gmt":"2023-08-06T15:57:23","slug":"internet-kavezo-tizenotodik-adag","status":"publish","type":"post","link":"https:\/\/ujkafe.website\/?p=82531","title":{"rendered":"Internet-k\u00e1v\u00e9z\u00f3 VASS Tibor k\u00e1v\u00e9-verse"},"content":{"rendered":"<p><em>Folytatjuk k\u00e1v\u00e9h\u00e1z\/k\u00e1v\u00e9z\u00e1s-ank\u00e9tunk. K\u00e9rd\u00e9seink ugyanazok:<\/em><br \/>\n<em>1. El\u0151deink k\u00e1v\u00e9h\u00e1zba j\u00e1rtak \u2013 ittak, besz\u00e9lgettek, \u00edrtak. K\u00f6z\u00f6ss\u00e9ghez tartoztak. Hova j\u00e1rsz te, melyik \u201ek\u00e1v\u00e9h\u00e1zba\u201d? Hol vagy igaz\u00e1n otthon? \u00c1tvette volna az Internet vagyis a K\u00e1f\u00e9 \u00e9s m\u00e1s online tal\u00e1lkoz\u00f3hely a k\u00e1v\u00e9h\u00e1z szerep\u00e9t? <\/em><br \/>\n<em>2. Schiller rothadt alm\u00e1val, Ady borral seg\u00edtette meg az ihlet\u00e9t. M\u00e9liusz k\u00e1v\u00e9zott. H\u00e1ny cukorral iszod te a k\u00e1v\u00e9d?<\/em><\/p>\n<p><em>VASS Tibor k\u00f6lt\u0151, Miskolcon \u00e9l.<\/em><br \/>\n<!--more--><\/p>\n<p><em><span style=\"color: #0000ff;\">A t\u00e9m\u00e1hoz, sajnos nem kis szer\u00e9nys\u00e9ggel a \u201eR\u00e1cz \u00e1v\u00e9h\u00e1\u201d c\u00edm\u0171 versemet aj\u00e1nlom sz\u00ednes olvas\u00e1sra: <span style=\"color: #ff0000;\"><a style=\"color: #ff0000;\" href=\"http:\/\/www.spanyolnatha.hu\/archivum\/2012-6\/46\/szivesen\/-bibinke-es-a-racz-aveha\/3257\/\">http:\/\/www.spanyolnatha.hu\/archivum\/2012-6\/46\/szivesen\/-bibinke-es-a-racz-aveha\/3257\/<\/a><\/span> . \u201eSz\u00edn k\u00fcldi sz\u00ednnek sz\u00ednesen\u201d egy Sz\u00edvesen c. ki\u00e1ll\u00edt\u00e1son is szerepelt a k\u00e9zirat, m\u00e1r csak ez\u00e9rt is, azon t\u00fal, hogy egy k\u00e1v\u00e9h\u00e1zhoz szorosan k\u00f6zel. &nbsp;Sajnos nem kis rem\u00e9nys\u00e9ggel tartozik a t\u00e9m\u00e1hoz, hogy majd ha nagy leszek, irgalmazni fogok a versben emlegetett bar\u00e1tomnak \u00e9s bar\u00e1tainak, hogy alkalmazni hagyta, hagyt\u00e1k, Petrovics Istv\u00e1nt a nev\u00e9ben, hogy s\u00fagb\u00fajjon a hatalomnak. &nbsp;<\/span><\/em><br \/>\n<em><span style=\"color: #0000ff;\">&nbsp;A k\u00e1v\u00e9z\u00e1ssal a fentebb cit\u00e1lt vers \u00edr\u00e1sa el\u0151tt j\u00f3val hamarabb felhagytam, arra fogv\u00e1n, hogy az \u00fagy viszi fel a savamat, mint semmi m\u00e1s. Minden semmi: m\u00e1s.<\/span><\/em><\/p>\n<p><strong>&lt; Bibinke \u00e9s &gt; a R\u00e1cz \u00c1v\u00e9h\u00e1<\/strong><br \/>\nK\u00e9szecske A Nagy Bibinb\u0151l<\/p>\n<hr>\n<p><a href=\"https:\/\/ujkafe.website\/wp-content\/uploads\/2019\/03\/kafe.jpg\"><img loading=\"lazy\" decoding=\"async\" class=\"alignnone wp-image-82532 size-full\" src=\"https:\/\/ujkafe.website\/wp-content\/uploads\/2019\/03\/kafe.jpg\" alt=\"\" width=\"600\" height=\"643\" srcset=\"https:\/\/ujkafe.website\/wp-content\/uploads\/2019\/03\/kafe.jpg 600w, https:\/\/ujkafe.website\/wp-content\/uploads\/2019\/03\/kafe-280x300.jpg 280w\" sizes=\"auto, (max-width: 600px) 100vw, 600px\" \/><\/a><\/p>\n<hr>\n<p>&nbsp;<\/p>\n<p><em><strong>Szerkeszti: Gergely Tam\u00e1s<\/strong><\/em><\/p>\n<p><em>(Folytatjuk)<\/em><\/p>\n<p><a href=\"https:\/\/ujkafe.website\/?s=internet-k%C3%A1v%C3%A9z%C3%B3\"><strong>Kor\u00e1bbi v\u00e1laszok ezen az internetc\u00edmen tal\u00e1lhat\u00f3k meg<\/strong><\/a><\/p>\n<div id=\"attachment_82533\" style=\"width: 610px\" class=\"wp-caption alignnone\"><a href=\"https:\/\/ujkafe.website\/wp-content\/uploads\/2019\/03\/P\u00e1szk\u00e1n-k\u00e1v\u00e9dar\u00e1l\u00f3.jpg\"><img loading=\"lazy\" decoding=\"async\" aria-describedby=\"caption-attachment-82533\" class=\"wp-image-82533\" src=\"https:\/\/ujkafe.website\/wp-content\/uploads\/2019\/03\/P\u00e1szk\u00e1n-k\u00e1v\u00e9dar\u00e1l\u00f3.jpg\" alt=\"\" width=\"600\" height=\"618\" srcset=\"https:\/\/ujkafe.website\/wp-content\/uploads\/2019\/03\/P\u00e1szk\u00e1n-k\u00e1v\u00e9dar\u00e1l\u00f3.jpg 932w, https:\/\/ujkafe.website\/wp-content\/uploads\/2019\/03\/P\u00e1szk\u00e1n-k\u00e1v\u00e9dar\u00e1l\u00f3-291x300.jpg 291w, https:\/\/ujkafe.website\/wp-content\/uploads\/2019\/03\/P\u00e1szk\u00e1n-k\u00e1v\u00e9dar\u00e1l\u00f3-768x791.jpg 768w\" sizes=\"auto, (max-width: 600px) 100vw, 600px\" \/><\/a><p id=\"caption-attachment-82533\" class=\"wp-caption-text\">Michael Paszkan fot\u00f3ja<\/p><\/div>\n","protected":false},"excerpt":{"rendered":"<p>Folytatjuk k\u00e1v\u00e9h\u00e1z\/k\u00e1v\u00e9z\u00e1s-ank\u00e9tunk. K\u00e9rd\u00e9seink ugyanazok: 1. El\u0151deink k\u00e1v\u00e9h\u00e1zba j\u00e1rtak \u2013 ittak, besz\u00e9lgettek, \u00edrtak. K\u00f6z\u00f6ss\u00e9ghez tartoztak. Hova j\u00e1rsz te, melyik \u201ek\u00e1v\u00e9h\u00e1zba\u201d? Hol vagy igaz\u00e1n otthon? \u00c1tvette volna az Internet vagyis a K\u00e1f\u00e9 \u00e9s m\u00e1s online tal\u00e1lkoz\u00f3hely a k\u00e1v\u00e9h\u00e1z szerep\u00e9t? 2. Schiller rothadt alm\u00e1val, Ady borral seg\u00edtette meg az ihlet\u00e9t. M\u00e9liusz k\u00e1v\u00e9zott. H\u00e1ny cukorral iszod te a k\u00e1v\u00e9d? [&hellip;]<\/p>\n","protected":false},"author":3,"featured_media":0,"comment_status":"open","ping_status":"open","sticky":false,"template":"","format":"standard","meta":{"_monsterinsights_skip_tracking":false,"_monsterinsights_sitenote_active":false,"_monsterinsights_sitenote_note":"","_monsterinsights_sitenote_category":0,"ngg_post_thumbnail":0,"footnotes":""},"categories":[151,9],"tags":[],"class_list":["post-82531","post","type-post","status-publish","format-standard","hentry","category-internet-kavezo","category-korkerdes"],"_links":{"self":[{"href":"https:\/\/ujkafe.website\/index.php?rest_route=\/wp\/v2\/posts\/82531","targetHints":{"allow":["GET"]}}],"collection":[{"href":"https:\/\/ujkafe.website\/index.php?rest_route=\/wp\/v2\/posts"}],"about":[{"href":"https:\/\/ujkafe.website\/index.php?rest_route=\/wp\/v2\/types\/post"}],"author":[{"embeddable":true,"href":"https:\/\/ujkafe.website\/index.php?rest_route=\/wp\/v2\/users\/3"}],"replies":[{"embeddable":true,"href":"https:\/\/ujkafe.website\/index.php?rest_route=%2Fwp%2Fv2%2Fcomments&post=82531"}],"version-history":[{"count":0,"href":"https:\/\/ujkafe.website\/index.php?rest_route=\/wp\/v2\/posts\/82531\/revisions"}],"wp:attachment":[{"href":"https:\/\/ujkafe.website\/index.php?rest_route=%2Fwp%2Fv2%2Fmedia&parent=82531"}],"wp:term":[{"taxonomy":"category","embeddable":true,"href":"https:\/\/ujkafe.website\/index.php?rest_route=%2Fwp%2Fv2%2Fcategories&post=82531"},{"taxonomy":"post_tag","embeddable":true,"href":"https:\/\/ujkafe.website\/index.php?rest_route=%2Fwp%2Fv2%2Ftags&post=82531"}],"curies":[{"name":"wp","href":"https:\/\/api.w.org\/{rel}","templated":true}]}}