
{"id":8261,"date":"2011-03-30T06:54:25","date_gmt":"2011-03-30T06:54:25","guid":{"rendered":"https:\/\/ujkafe.website\/?p=8261"},"modified":"2011-03-30T06:54:25","modified_gmt":"2011-03-30T06:54:25","slug":"eszaki-feny","status":"publish","type":"post","link":"https:\/\/ujkafe.website\/?p=8261","title":{"rendered":"\u00c9szaki f\u00e9ny"},"content":{"rendered":"<p><a href=\"https:\/\/ujkafe.website\/wp-content\/uploads\/2011\/03\/auroral_lightshow1.jpg\"><img loading=\"lazy\" decoding=\"async\" class=\"alignnone size-full wp-image-8263\" title=\"auroral_lightshow\" src=\"https:\/\/ujkafe.website\/wp-content\/uploads\/2011\/03\/auroral_lightshow1.jpg\" alt=\"\" width=\"630\" height=\"394\" srcset=\"https:\/\/ujkafe.website\/wp-content\/uploads\/2011\/03\/auroral_lightshow1.jpg 900w, https:\/\/ujkafe.website\/wp-content\/uploads\/2011\/03\/auroral_lightshow1-300x187.jpg 300w\" sizes=\"auto, (max-width: 630px) 100vw, 630px\" \/><\/a><\/p>\n<p>Ole C. Salomonsen norv\u00e9g fot\u00f3s hat h\u00f3napot t\u00f6lt\u00f6tt el azzal, hogy a sarki f\u00e9nyt fot\u00f3zta. Ez alatt az id\u0151 alatt <a href=\"http:\/\/www.flickr.com\/photos\/salomonsen\/\"><em>50 ezern\u00e9l is t\u00f6bb k\u00e9pet<\/em><\/a> k\u00e9sz\u00edtett az aurora borealisr\u00f3l. A fot\u00f3kb\u00f3l azt\u00e1n <a href=\"http:\/\/vimeo.com\/21419634\"><em>\u00f6ssze\u00e1ll\u00edtott egy vide\u00f3t<\/em><\/a>, amely megpr\u00f3b\u00e1lja \u00fagy bemutatni a sarki f\u00e9ny v\u00e1ltoz\u00e1s\u00e1t, ahogyan az a val\u00f3s\u00e1gban is lej\u00e1tsz\u00f3dott.<\/p>\n","protected":false},"excerpt":{"rendered":"<p>Ole C. Salomonsen norv\u00e9g fot\u00f3s hat h\u00f3napot t\u00f6lt\u00f6tt el azzal, hogy a sarki f\u00e9nyt fot\u00f3zta. Ez alatt az id\u0151 alatt 50 ezern\u00e9l is t\u00f6bb k\u00e9pet k\u00e9sz\u00edtett az aurora borealisr\u00f3l. A fot\u00f3kb\u00f3l azt\u00e1n \u00f6ssze\u00e1ll\u00edtott egy vide\u00f3t, amely megpr\u00f3b\u00e1lja \u00fagy bemutatni a sarki f\u00e9ny v\u00e1ltoz\u00e1s\u00e1t, ahogyan az a val\u00f3s\u00e1gban is lej\u00e1tsz\u00f3dott.<\/p>\n","protected":false},"author":3,"featured_media":0,"comment_status":"open","ping_status":"open","sticky":false,"template":"","format":"standard","meta":{"_monsterinsights_skip_tracking":false,"_monsterinsights_sitenote_active":false,"_monsterinsights_sitenote_note":"","_monsterinsights_sitenote_category":0,"ngg_post_thumbnail":0,"footnotes":""},"categories":[5],"tags":[],"class_list":["post-8261","post","type-post","status-publish","format-standard","hentry","category-foto"],"_links":{"self":[{"href":"https:\/\/ujkafe.website\/index.php?rest_route=\/wp\/v2\/posts\/8261","targetHints":{"allow":["GET"]}}],"collection":[{"href":"https:\/\/ujkafe.website\/index.php?rest_route=\/wp\/v2\/posts"}],"about":[{"href":"https:\/\/ujkafe.website\/index.php?rest_route=\/wp\/v2\/types\/post"}],"author":[{"embeddable":true,"href":"https:\/\/ujkafe.website\/index.php?rest_route=\/wp\/v2\/users\/3"}],"replies":[{"embeddable":true,"href":"https:\/\/ujkafe.website\/index.php?rest_route=%2Fwp%2Fv2%2Fcomments&post=8261"}],"version-history":[{"count":0,"href":"https:\/\/ujkafe.website\/index.php?rest_route=\/wp\/v2\/posts\/8261\/revisions"}],"wp:attachment":[{"href":"https:\/\/ujkafe.website\/index.php?rest_route=%2Fwp%2Fv2%2Fmedia&parent=8261"}],"wp:term":[{"taxonomy":"category","embeddable":true,"href":"https:\/\/ujkafe.website\/index.php?rest_route=%2Fwp%2Fv2%2Fcategories&post=8261"},{"taxonomy":"post_tag","embeddable":true,"href":"https:\/\/ujkafe.website\/index.php?rest_route=%2Fwp%2Fv2%2Ftags&post=8261"}],"curies":[{"name":"wp","href":"https:\/\/api.w.org\/{rel}","templated":true}]}}