
{"id":82660,"date":"2019-04-07T02:53:45","date_gmt":"2019-04-07T02:53:45","guid":{"rendered":"https:\/\/ujkafe.website\/?p=82660"},"modified":"2023-08-06T15:56:03","modified_gmt":"2023-08-06T15:56:03","slug":"internet-kavezo-tizenhatodik-eresztes","status":"publish","type":"post","link":"https:\/\/ujkafe.website\/?p=82660","title":{"rendered":"Internet-k\u00e1v\u00e9z\u00f3 ROM\u00c1N GY\u00f5z\u00f5 h\u00e1rom k\u00e1v\u00e9sztori"},"content":{"rendered":"<h2><em><strong>Rom\u00e1n Gy\u0151z\u0151 h\u00e1rom k\u00e1v\u00e9-sztorija<\/strong><\/em><\/h2>\n<p><strong>A doboz neszt elnyertem<\/strong><\/p>\n<p>M\u00e9g a munkak\u00f6zbeni nagy k\u00e1v\u00e9z\u00e1saim idej\u00e9n t\u00f6rt\u00e9nt, amikoris \u00edr\u00e1skor h\u00e1rom-n\u00e9gy amerikai k\u00e1v\u00e9t (teh\u00e1t kev\u00e9sb\u00e9 er\u0151set) is megittam. Ezt a k\u00f6rny\u00e9kemen mindenki tudta. Megt\u00f6rt\u00e9nt, hogy a szerkeszt\u0151s\u00e9gb\u0151l valaki valamelyik d\u00e9l-amerikai orsz\u00e1gban j\u00e1rt \u00e9s akkor mifel\u00e9nk \u00e9ppen megjelent neszk\u00e1v\u00e9t hozott egy dobozzal a szerkeszt\u00f5s\u00e9gbe, \u00e9s azt mondta, hogy ha a bel\u0151le k\u00e9sz\u00fclt k\u00e1v\u00e9t mind megiszom, akkor ad egy dobozzal nekem is. <!--more--><br \/>\nMind, vagyis egy eg\u00e9sz dobozzal.<br \/>\nAbban az id\u0151ben, ahogy egyik kolleg\u00e1m mondotta, a vakmer\u0151 id\u0151szakomat \u00e9ltem, vagyis tavasz k\u00f6zep\u00e9n beugrottam az \u00f6sszegy\u0171lt h\u00f3l\u00e9b\u0151l kialakult t\u00f3ba, de be\u00fasztam az \u00e1prilisi tengerbe is. Az ezer t\u0171sz\u00far\u00e1s nem volt gy\u00f3gy\u00edt\u00f3 hat\u00e1ssal, s a mai k\u00f6ny\u00f6k- \u00e9s t\u00e9rdf\u00e1jdalmaim onnan is eredhetnek.<br \/>\nNa, ilyesmiket cselekedtem, h\u00e1t nekiveselkedtem a neszk\u00e1v\u00e9 meg\u00edv\u00e1s\u00e1hoz. Sajnos egyszerre, pontosabban egy\u00fclt\u00f6mben, leveg\u0151t az\u00e9rt vettem. S persze, egyet-egyet kavargattam a l\u00e9n. Teh\u00e1t a doboz neszt elnyertem. A baj csak az volt, hogy vagy n\u00e9gy napig nem tudtam aludni, pedig f\u00e1radt voltam, mint a megkergetett kutya. Meg ut\u00f3hat\u00e1sk\u00e9nt, most sem kedvelem a neszt (m\u00e9g akkor sem ha tudom, hogy p\u00f6rk\u00f6lt k\u00e1v\u00e9b\u00f3l k\u00e9sz\u00fcl), csak dar\u00e1lt k\u00e1v\u00e9t iszom, ma m\u00e1r \u00e9desk\u00e9vel. Minden nap. A v\u00e1rosban pedig r\u00f6vid k\u00e1v\u00e9t (esspress\u00f3t) rendelek.<\/p>\n<hr>\n<p><strong>T\u00e9nyleg whisky<\/strong><\/p>\n<p>Stanik Istv\u00e1n Bukarestbe j\u00f6tt fel \u00fcgyes-bajos dolgait int\u00e9zni. Akkor ny\u00edltak az irish pubok, k\u00f6zt\u00fck az utc\u00e1nkban l\u00e9v\u0151 The Dubliner Irish Pub. Megh\u00edvtam egy \u00edr k\u00e1v\u00e9ra, az\u00f3ta biztos ivott m\u00e1r t\u00f6bbsz\u00f6r, de akkor \u00faj volt. \u00cdzlett neki, de nagyon. Igaz, a hat\u00e1sa is hamar megj\u00f6tt, kipirult az arca, vid\u00e1m \u00e9s besz\u00e9des lett. K\u00e9rdezte is, hogy mik\u00e9nt k\u00e9sz\u00fclt, mert mintha sk\u00f3t whiskyt \u00e9rezne benne? A pinc\u00e9r mondta meg neki, hogy a k\u00e1v\u00e9ban t\u00e9nyleg van whisky, de nem sk\u00f3t, hanem \u00edr. S ezt nyakon\u00f6ntik tejsz\u00ednhabbal meg kem\u00e9nyen meg\u00e9des\u00edtik, \u00fagy hogy az alkoholos ital \u00edze nem \u00e9rz\u0151dik benne. Csakh\u00e1t a bar\u00e1tja, mutatott r\u00e1m, megk\u00e9rt, hogy b\u0151ven t\u00f6ltsek bele whiskyt. Stanik az\u00f3ta is visszav\u00e1gyik ebbe az \u00edr kocsm\u00e1ba.<\/p>\n<hr>\n<p><strong>P\u00e1linka vagy cujka?<\/strong><\/p>\n<p>Az egyik rom\u00e1n gazdas\u00e1gi lapnak volt egy f\u0151szerkeszt\u0151je, aki mindig csak a neve kezd\u0151bet\u0171ivel \u00edrta al\u00e1 a cikkeit, I.G.N.-k\u00e9nt. Amikor \u00e9n is gazdas\u00e1gi lapot adtam ki magyarul \u00dczleti \u00f6tletek c\u00edmmel, t\u00f6bbsz\u00f6r besz\u00e9lgett\u00fcnk, mert valamikor egyazon tov\u00e1bbk\u00e9pz\u0151re j\u00e1rtunk. V\u00e9letlenul futottunk \u00f6ssze Brass\u00f3ban \u00e9s mindj\u00e1rt azzal j\u00f6tt, hogy ha m\u00e1r annyira dics\u00e9rtem a p\u00e1link\u00e1t \u00e9s a r\u00f6vid k\u00e1v\u00e9t, h\u00e1t bizony\u00edtsam be, hogy jobb, mint a cujka \u00e9s a hossz\u00fa l\u00e9re eresztett k\u00e1v\u00e9.<br \/>\nA Koron\u00e1ba \u00fclt\u00fcnk be, ahol az ismer\u0151s pinc\u00e9rt\u0151l val\u00f3di szilvap\u00e1link\u00e1t \u00e9s egy esspress\u00f3t k\u00e9rtem. Nem mondom, a rom\u00e1n cujk\u00e1hoz szokott reg\u00e1ti a p\u00e1link\u00e1t\u00f3l csak h\u00e1pogni tudott, kr\u00e1kogott is veszett\u00fcl, a k\u00e1v\u00e9t\u00f3l, amelyet az elej\u00e9n len\u00e9zett, heves sz\u00edvdobog\u00e1sa lett. Fel is \u00e1llt, mondta, hogy lefekszik, mert megm\u00e9rgeztem, s nem akar az asztal mellett kinyiffanni.<\/p>\n<p><em>(Folytatjuk)<\/em><\/p>\n<p style=\"text-align: right;\"><em><strong>Szerkeszti Gergely Tam\u00e1s<\/strong><\/em><\/p>\n<div id=\"attachment_82661\" style=\"width: 510px\" class=\"wp-caption alignnone\"><a href=\"https:\/\/ujkafe.website\/wp-content\/uploads\/2019\/04\/Pawl-Kuczynski-grafik\u00e1ja.jpg\"><img loading=\"lazy\" decoding=\"async\" aria-describedby=\"caption-attachment-82661\" class=\"wp-image-82661\" src=\"https:\/\/ujkafe.website\/wp-content\/uploads\/2019\/04\/Pawl-Kuczynski-grafik\u00e1ja.jpg\" alt=\"\" width=\"500\" height=\"637\" srcset=\"https:\/\/ujkafe.website\/wp-content\/uploads\/2019\/04\/Pawl-Kuczynski-grafik\u00e1ja.jpg 754w, https:\/\/ujkafe.website\/wp-content\/uploads\/2019\/04\/Pawl-Kuczynski-grafik\u00e1ja-236x300.jpg 236w\" sizes=\"auto, (max-width: 500px) 100vw, 500px\" \/><\/a><p id=\"caption-attachment-82661\" class=\"wp-caption-text\">Az illusztr\u00e1ci\u00f3: Pawel Kuczynski grafik\u00e1ja<\/p><\/div>\n<p>Kuczynski egy\u00e9b munk\u00e1i:<a href=\"https:\/\/www.taringa.net\/+arte\/el-arte-de-pawel-kuczynski_1hrfhs\"> https:\/\/www.taringa.net\/+arte\/el-arte-de-pawel-kuczynski_1hrfhs<\/a><br \/>\nK\u00f6sz\u00f6nj\u00fck Dabi Istv\u00e1n seg\u00edts\u00e9g\u00e9t a lengyel grafikussal val\u00f3 kapcsolattart\u00e1sban<\/p>\n<p><a href=\"https:\/\/ujkafe.website\/?s=internet-k%C3%A1v%C3%A9z%C3%B3\"><strong>Kor\u00e1bbi v\u00e1laszok ezen az internetc\u00edmen tal\u00e1lhat\u00f3k meg<\/strong><\/a><\/p>\n","protected":false},"excerpt":{"rendered":"<p>Rom\u00e1n Gy\u0151z\u0151 h\u00e1rom k\u00e1v\u00e9-sztorija A doboz neszt elnyertem M\u00e9g a munkak\u00f6zbeni nagy k\u00e1v\u00e9z\u00e1saim idej\u00e9n t\u00f6rt\u00e9nt, amikoris \u00edr\u00e1skor h\u00e1rom-n\u00e9gy amerikai k\u00e1v\u00e9t (teh\u00e1t kev\u00e9sb\u00e9 er\u0151set) is megittam. Ezt a k\u00f6rny\u00e9kemen mindenki tudta. Megt\u00f6rt\u00e9nt, hogy a szerkeszt\u0151s\u00e9gb\u0151l valaki valamelyik d\u00e9l-amerikai orsz\u00e1gban j\u00e1rt \u00e9s akkor mifel\u00e9nk \u00e9ppen megjelent neszk\u00e1v\u00e9t hozott egy dobozzal a szerkeszt\u00f5s\u00e9gbe, \u00e9s azt mondta, hogy ha [&hellip;]<\/p>\n","protected":false},"author":3,"featured_media":0,"comment_status":"open","ping_status":"open","sticky":false,"template":"","format":"standard","meta":{"_monsterinsights_skip_tracking":false,"_monsterinsights_sitenote_active":false,"_monsterinsights_sitenote_note":"","_monsterinsights_sitenote_category":0,"ngg_post_thumbnail":0,"footnotes":""},"categories":[151,9],"tags":[],"class_list":["post-82660","post","type-post","status-publish","format-standard","hentry","category-internet-kavezo","category-korkerdes"],"_links":{"self":[{"href":"https:\/\/ujkafe.website\/index.php?rest_route=\/wp\/v2\/posts\/82660","targetHints":{"allow":["GET"]}}],"collection":[{"href":"https:\/\/ujkafe.website\/index.php?rest_route=\/wp\/v2\/posts"}],"about":[{"href":"https:\/\/ujkafe.website\/index.php?rest_route=\/wp\/v2\/types\/post"}],"author":[{"embeddable":true,"href":"https:\/\/ujkafe.website\/index.php?rest_route=\/wp\/v2\/users\/3"}],"replies":[{"embeddable":true,"href":"https:\/\/ujkafe.website\/index.php?rest_route=%2Fwp%2Fv2%2Fcomments&post=82660"}],"version-history":[{"count":0,"href":"https:\/\/ujkafe.website\/index.php?rest_route=\/wp\/v2\/posts\/82660\/revisions"}],"wp:attachment":[{"href":"https:\/\/ujkafe.website\/index.php?rest_route=%2Fwp%2Fv2%2Fmedia&parent=82660"}],"wp:term":[{"taxonomy":"category","embeddable":true,"href":"https:\/\/ujkafe.website\/index.php?rest_route=%2Fwp%2Fv2%2Fcategories&post=82660"},{"taxonomy":"post_tag","embeddable":true,"href":"https:\/\/ujkafe.website\/index.php?rest_route=%2Fwp%2Fv2%2Ftags&post=82660"}],"curies":[{"name":"wp","href":"https:\/\/api.w.org\/{rel}","templated":true}]}}