
{"id":8285,"date":"2011-03-30T10:55:59","date_gmt":"2011-03-30T10:55:59","guid":{"rendered":"https:\/\/ujkafe.website\/?p=8285"},"modified":"2011-03-30T10:55:59","modified_gmt":"2011-03-30T10:55:59","slug":"debreczeni-eva-italiai-emlekek-5","status":"publish","type":"post","link":"https:\/\/ujkafe.website\/?p=8285","title":{"rendered":"Debreczeni \u00c9va: It\u00e1liai eml\u00e9kek (5)"},"content":{"rendered":"<p><a href=\"https:\/\/ujkafe.website\/wp-content\/uploads\/2011\/03\/DSC00550.jpg\"><img loading=\"lazy\" decoding=\"async\" class=\"aligncenter size-full wp-image-8286\" title=\"DSC00550\" src=\"https:\/\/ujkafe.website\/wp-content\/uploads\/2011\/03\/DSC00550.jpg\" alt=\"\" width=\"624\" height=\"468\" srcset=\"https:\/\/ujkafe.website\/wp-content\/uploads\/2011\/03\/DSC00550.jpg 624w, https:\/\/ujkafe.website\/wp-content\/uploads\/2011\/03\/DSC00550-300x225.jpg 300w\" sizes=\"auto, (max-width: 624px) 100vw, 624px\" \/><\/a><\/p>\n<p>\u00c1rk\u00e1dia\u2026 Velenc\u00e9ben sok minden belel\u00f3g a k\u00e9pbe, egyed\u00fcli megold\u00e1s az \u00e9g fel\u00e9 tartani a fot\u00f3appar\u00e1tust (direkte \u00edrok ilyen h\u00fclyes\u00e9geket!:-), s h\u00e1tha elt\u0171nnek az emberek, s maradnak a sz\u0171z falak, szobrok, m\u0171v\u00e9szet a magasban. Az \u00e1rk\u00e1dok alatt rom\u00e1nul besz\u00e9l\u0151 cig\u00e1ny koldusasszonyt kell ker\u00fclgetni, \u00e9s magunkhoz szor\u00edtani a nyakba akasztott t\u00e1sk\u00e1t az iratokkal, n\u00e9zegetni a sok b\u00f3vlit, amelyekb\u0151l az\u00e9rt az itthoniaknak is kell valamit hozni, a legolcs\u00f3bb ak\u00e1rmi 5 eur\u00f3ba ker\u00fcl, a s\u00f6r 3.<\/p>\n","protected":false},"excerpt":{"rendered":"<p>\u00c1rk\u00e1dia\u2026 Velenc\u00e9ben sok minden belel\u00f3g a k\u00e9pbe, egyed\u00fcli megold\u00e1s az \u00e9g fel\u00e9 tartani a fot\u00f3appar\u00e1tust (direkte \u00edrok ilyen h\u00fclyes\u00e9geket!:-), s h\u00e1tha elt\u0171nnek az emberek, s maradnak a sz\u0171z falak, szobrok, m\u0171v\u00e9szet a magasban. Az \u00e1rk\u00e1dok alatt rom\u00e1nul besz\u00e9l\u0151 cig\u00e1ny koldusasszonyt kell ker\u00fclgetni, \u00e9s magunkhoz szor\u00edtani a nyakba akasztott t\u00e1sk\u00e1t az iratokkal, n\u00e9zegetni a sok b\u00f3vlit, [&hellip;]<\/p>\n","protected":false},"author":2,"featured_media":0,"comment_status":"open","ping_status":"open","sticky":false,"template":"","format":"standard","meta":{"_monsterinsights_skip_tracking":false,"_monsterinsights_sitenote_active":false,"_monsterinsights_sitenote_note":"","_monsterinsights_sitenote_category":0,"ngg_post_thumbnail":0,"footnotes":""},"categories":[5],"tags":[],"class_list":["post-8285","post","type-post","status-publish","format-standard","hentry","category-foto"],"_links":{"self":[{"href":"https:\/\/ujkafe.website\/index.php?rest_route=\/wp\/v2\/posts\/8285","targetHints":{"allow":["GET"]}}],"collection":[{"href":"https:\/\/ujkafe.website\/index.php?rest_route=\/wp\/v2\/posts"}],"about":[{"href":"https:\/\/ujkafe.website\/index.php?rest_route=\/wp\/v2\/types\/post"}],"author":[{"embeddable":true,"href":"https:\/\/ujkafe.website\/index.php?rest_route=\/wp\/v2\/users\/2"}],"replies":[{"embeddable":true,"href":"https:\/\/ujkafe.website\/index.php?rest_route=%2Fwp%2Fv2%2Fcomments&post=8285"}],"version-history":[{"count":0,"href":"https:\/\/ujkafe.website\/index.php?rest_route=\/wp\/v2\/posts\/8285\/revisions"}],"wp:attachment":[{"href":"https:\/\/ujkafe.website\/index.php?rest_route=%2Fwp%2Fv2%2Fmedia&parent=8285"}],"wp:term":[{"taxonomy":"category","embeddable":true,"href":"https:\/\/ujkafe.website\/index.php?rest_route=%2Fwp%2Fv2%2Fcategories&post=8285"},{"taxonomy":"post_tag","embeddable":true,"href":"https:\/\/ujkafe.website\/index.php?rest_route=%2Fwp%2Fv2%2Ftags&post=8285"}],"curies":[{"name":"wp","href":"https:\/\/api.w.org\/{rel}","templated":true}]}}