
{"id":8331,"date":"2011-04-01T09:34:48","date_gmt":"2011-04-01T09:34:48","guid":{"rendered":"https:\/\/ujkafe.website\/?p=8331"},"modified":"2011-04-01T09:34:48","modified_gmt":"2011-04-01T09:34:48","slug":"debreczeni-eva-italiai-emlekek-7","status":"publish","type":"post","link":"https:\/\/ujkafe.website\/?p=8331","title":{"rendered":"Debreczeni \u00c9va: It\u00e1liai eml\u00e9kek"},"content":{"rendered":"<p><a href=\"https:\/\/ujkafe.website\/wp-content\/uploads\/2011\/04\/DSC00565.jpg\"><img loading=\"lazy\" decoding=\"async\" class=\"aligncenter size-full wp-image-8332\" title=\"DSC00565\" src=\"https:\/\/ujkafe.website\/wp-content\/uploads\/2011\/04\/DSC00565.jpg\" alt=\"\" width=\"624\" height=\"468\" srcset=\"https:\/\/ujkafe.website\/wp-content\/uploads\/2011\/04\/DSC00565.jpg 624w, https:\/\/ujkafe.website\/wp-content\/uploads\/2011\/04\/DSC00565-300x225.jpg 300w\" sizes=\"auto, (max-width: 624px) 100vw, 624px\" \/><\/a><\/p>\n<p>Mindenhol magyarokba botlik az ember\u2026 Winkler Lajos garibaldista alezredes (1810-1861) Velence szabads\u00e1g\u00e1\u00e9rt harcolt 1848-49-ben. A k\u00e9pen jobb oldalt az \u00e1ltala k\u00e9pviselt Magyar L\u00e9gi\u00f3nak \u00e1ll\u00edtottak eml\u00e9ket Velenc\u00e9ben, a Szent M\u00e1rk t\u00e9rhez k\u00f6zeli kisutc\u00e1ban. Mivel az \u00f3vatlan turista a hosszas s\u00e9t\u00e1lgat\u00e1s ut\u00e1n m\u00e1r igencsak fonja az in\u00e1t s keresi azt a bizonyos illemhelyet, \u00e9s minden \u00e1ltala ismert nyelven pr\u00f3b\u00e1l \u00e9rdekl\u0151dni a hozz\u00e1 hasonl\u00f3 k\u00fclhoni turist\u00e1kt\u00f3l, akiknek ugyancsak hi\u00e1nyzik a helyismeret\u00fck, teh\u00e1t csak v\u00e1llukat vonogatj\u00e1k, s ekkor \u00edm, a t\u00e1bla \u00e9s a ny\u00edl: a magyarok nyila.<\/p>\n","protected":false},"excerpt":{"rendered":"<p>Mindenhol magyarokba botlik az ember\u2026 Winkler Lajos garibaldista alezredes (1810-1861) Velence szabads\u00e1g\u00e1\u00e9rt harcolt 1848-49-ben. A k\u00e9pen jobb oldalt az \u00e1ltala k\u00e9pviselt Magyar L\u00e9gi\u00f3nak \u00e1ll\u00edtottak eml\u00e9ket Velenc\u00e9ben, a Szent M\u00e1rk t\u00e9rhez k\u00f6zeli kisutc\u00e1ban. Mivel az \u00f3vatlan turista a hosszas s\u00e9t\u00e1lgat\u00e1s ut\u00e1n m\u00e1r igencsak fonja az in\u00e1t s keresi azt a bizonyos illemhelyet, \u00e9s minden \u00e1ltala ismert [&hellip;]<\/p>\n","protected":false},"author":2,"featured_media":0,"comment_status":"open","ping_status":"open","sticky":false,"template":"","format":"standard","meta":{"_monsterinsights_skip_tracking":false,"_monsterinsights_sitenote_active":false,"_monsterinsights_sitenote_note":"","_monsterinsights_sitenote_category":0,"ngg_post_thumbnail":0,"footnotes":""},"categories":[5],"tags":[],"class_list":["post-8331","post","type-post","status-publish","format-standard","hentry","category-foto"],"_links":{"self":[{"href":"https:\/\/ujkafe.website\/index.php?rest_route=\/wp\/v2\/posts\/8331","targetHints":{"allow":["GET"]}}],"collection":[{"href":"https:\/\/ujkafe.website\/index.php?rest_route=\/wp\/v2\/posts"}],"about":[{"href":"https:\/\/ujkafe.website\/index.php?rest_route=\/wp\/v2\/types\/post"}],"author":[{"embeddable":true,"href":"https:\/\/ujkafe.website\/index.php?rest_route=\/wp\/v2\/users\/2"}],"replies":[{"embeddable":true,"href":"https:\/\/ujkafe.website\/index.php?rest_route=%2Fwp%2Fv2%2Fcomments&post=8331"}],"version-history":[{"count":0,"href":"https:\/\/ujkafe.website\/index.php?rest_route=\/wp\/v2\/posts\/8331\/revisions"}],"wp:attachment":[{"href":"https:\/\/ujkafe.website\/index.php?rest_route=%2Fwp%2Fv2%2Fmedia&parent=8331"}],"wp:term":[{"taxonomy":"category","embeddable":true,"href":"https:\/\/ujkafe.website\/index.php?rest_route=%2Fwp%2Fv2%2Fcategories&post=8331"},{"taxonomy":"post_tag","embeddable":true,"href":"https:\/\/ujkafe.website\/index.php?rest_route=%2Fwp%2Fv2%2Ftags&post=8331"}],"curies":[{"name":"wp","href":"https:\/\/api.w.org\/{rel}","templated":true}]}}