
{"id":8363,"date":"2011-04-03T08:45:06","date_gmt":"2011-04-03T08:45:06","guid":{"rendered":"https:\/\/ujkafe.website\/?p=8363"},"modified":"2011-04-03T08:45:06","modified_gmt":"2011-04-03T08:45:06","slug":"debreczeni-eva-italiai-emlekek-8","status":"publish","type":"post","link":"https:\/\/ujkafe.website\/?p=8363","title":{"rendered":"Debreczeni \u00c9va: It\u00e1liai eml\u00e9kek (8)"},"content":{"rendered":"<p><a href=\"https:\/\/ujkafe.website\/wp-content\/uploads\/2011\/04\/DSC00594.jpg\"><img loading=\"lazy\" decoding=\"async\" class=\"aligncenter size-full wp-image-8365\" title=\"DSC00594\" src=\"https:\/\/ujkafe.website\/wp-content\/uploads\/2011\/04\/DSC00594.jpg\" alt=\"\" width=\"624\" height=\"468\" srcset=\"https:\/\/ujkafe.website\/wp-content\/uploads\/2011\/04\/DSC00594.jpg 624w, https:\/\/ujkafe.website\/wp-content\/uploads\/2011\/04\/DSC00594-300x225.jpg 300w\" sizes=\"auto, (max-width: 624px) 100vw, 624px\" \/><\/a><\/p>\n<p>A velencei oroszl\u00e1nfejekr\u0151l eszembe jutnak a szatm\u00e1ri T\u00f6rv\u00e9nysz\u00e9k oroszl\u00e1njai\u2026 ott a falon, feln\u0151ttmellnyi magass\u00e1gban vicsorognak a gipszoroszl\u00e1nok. Mikor m\u00e9g csak pipiskedve \u00e9rtem el \u0151ket, s a csal\u00e1d arra s\u00e9t\u00e1lt, n\u0151v\u00e9rem mindig figyelmeztetett r\u00e1: most, most j\u00f6n az oroszl\u00e1n. \u00c9s egyre biztatott, hogy dugjam be az ujjam a sz\u00e1j\u00e1ba, hisz nem harap, de \u00e9n nagyon f\u00e9ltem, erre \u0151 kinevetett. Az\u00f3ta is pr\u00f3b\u00e1lgatom bedugni az ujjam mindenf\u00e9le oroszl\u00e1n sz\u00e1j\u00e1ba\u2026<\/p>\n","protected":false},"excerpt":{"rendered":"<p>A velencei oroszl\u00e1nfejekr\u0151l eszembe jutnak a szatm\u00e1ri T\u00f6rv\u00e9nysz\u00e9k oroszl\u00e1njai\u2026 ott a falon, feln\u0151ttmellnyi magass\u00e1gban vicsorognak a gipszoroszl\u00e1nok. Mikor m\u00e9g csak pipiskedve \u00e9rtem el \u0151ket, s a csal\u00e1d arra s\u00e9t\u00e1lt, n\u0151v\u00e9rem mindig figyelmeztetett r\u00e1: most, most j\u00f6n az oroszl\u00e1n. \u00c9s egyre biztatott, hogy dugjam be az ujjam a sz\u00e1j\u00e1ba, hisz nem harap, de \u00e9n nagyon f\u00e9ltem, [&hellip;]<\/p>\n","protected":false},"author":2,"featured_media":0,"comment_status":"open","ping_status":"open","sticky":false,"template":"","format":"standard","meta":{"_monsterinsights_skip_tracking":false,"_monsterinsights_sitenote_active":false,"_monsterinsights_sitenote_note":"","_monsterinsights_sitenote_category":0,"ngg_post_thumbnail":0,"footnotes":""},"categories":[5],"tags":[],"class_list":["post-8363","post","type-post","status-publish","format-standard","hentry","category-foto"],"_links":{"self":[{"href":"https:\/\/ujkafe.website\/index.php?rest_route=\/wp\/v2\/posts\/8363","targetHints":{"allow":["GET"]}}],"collection":[{"href":"https:\/\/ujkafe.website\/index.php?rest_route=\/wp\/v2\/posts"}],"about":[{"href":"https:\/\/ujkafe.website\/index.php?rest_route=\/wp\/v2\/types\/post"}],"author":[{"embeddable":true,"href":"https:\/\/ujkafe.website\/index.php?rest_route=\/wp\/v2\/users\/2"}],"replies":[{"embeddable":true,"href":"https:\/\/ujkafe.website\/index.php?rest_route=%2Fwp%2Fv2%2Fcomments&post=8363"}],"version-history":[{"count":0,"href":"https:\/\/ujkafe.website\/index.php?rest_route=\/wp\/v2\/posts\/8363\/revisions"}],"wp:attachment":[{"href":"https:\/\/ujkafe.website\/index.php?rest_route=%2Fwp%2Fv2%2Fmedia&parent=8363"}],"wp:term":[{"taxonomy":"category","embeddable":true,"href":"https:\/\/ujkafe.website\/index.php?rest_route=%2Fwp%2Fv2%2Fcategories&post=8363"},{"taxonomy":"post_tag","embeddable":true,"href":"https:\/\/ujkafe.website\/index.php?rest_route=%2Fwp%2Fv2%2Ftags&post=8363"}],"curies":[{"name":"wp","href":"https:\/\/api.w.org\/{rel}","templated":true}]}}