
{"id":8401,"date":"2011-04-05T06:34:45","date_gmt":"2011-04-05T06:34:45","guid":{"rendered":"https:\/\/ujkafe.website\/?p=8401"},"modified":"2011-04-05T06:34:45","modified_gmt":"2011-04-05T06:34:45","slug":"debreczeni-eva-italiai-emlekek-9","status":"publish","type":"post","link":"https:\/\/ujkafe.website\/?p=8401","title":{"rendered":"Debreczeni \u00c9va: It\u00e1liai eml\u00e9kek (9)"},"content":{"rendered":"<p><a href=\"https:\/\/ujkafe.website\/wp-content\/uploads\/2011\/04\/DSC00627.jpg\"><img loading=\"lazy\" decoding=\"async\" class=\"aligncenter size-full wp-image-8402\" title=\"DSC00627\" src=\"https:\/\/ujkafe.website\/wp-content\/uploads\/2011\/04\/DSC00627.jpg\" alt=\"\" width=\"624\" height=\"468\" srcset=\"https:\/\/ujkafe.website\/wp-content\/uploads\/2011\/04\/DSC00627.jpg 624w, https:\/\/ujkafe.website\/wp-content\/uploads\/2011\/04\/DSC00627-300x225.jpg 300w\" sizes=\"auto, (max-width: 624px) 100vw, 624px\" \/><\/a><\/p>\n<p>A vil\u00e1g legszebb temploma (Gaud\u00ed Sagrada Famili\u00e1ja mellett) a firenzei Santa Maria del Fiore, sikongat\u00f3an sz\u00e9p. Nem f\u00e9r bele egyetlen f\u00e9nyk\u00e9pez\u0151g\u00e9p lencs\u00e9j\u00e9be sem a teljes \u00e9lm\u00e9ny, a k\u00f6rbeszaladg\u00e1l\u00e1s, h\u00e1t ha m\u00e9g be is jutna az ember, de kint is \u00e9pp el\u00e9g n\u00e9znival\u00f3 akad. Alul eltakarj\u00e1k az emberek, de felfel\u00e9 minden k\u00f6zel van az \u00e9ghez. Na \u00e9s a kupola, Brunelleschi kupol\u00e1ja&#8230; Aki volt bel\u00fcl, azt mondta, a fresk\u00f3kat alig lehet l\u00e1tni, mert s\u00f6t\u00e9t van \u00e9s magasan is vannak, teh\u00e1t ink\u00e1bb meg\u00e9rte k\u00edv\u00fcl \u00e1lm\u00e9lkodni, a napf\u00e9nyben.<\/p>\n","protected":false},"excerpt":{"rendered":"<p>A vil\u00e1g legszebb temploma (Gaud\u00ed Sagrada Famili\u00e1ja mellett) a firenzei Santa Maria del Fiore, sikongat\u00f3an sz\u00e9p. Nem f\u00e9r bele egyetlen f\u00e9nyk\u00e9pez\u0151g\u00e9p lencs\u00e9j\u00e9be sem a teljes \u00e9lm\u00e9ny, a k\u00f6rbeszaladg\u00e1l\u00e1s, h\u00e1t ha m\u00e9g be is jutna az ember, de kint is \u00e9pp el\u00e9g n\u00e9znival\u00f3 akad. Alul eltakarj\u00e1k az emberek, de felfel\u00e9 minden k\u00f6zel van az \u00e9ghez. Na [&hellip;]<\/p>\n","protected":false},"author":2,"featured_media":0,"comment_status":"open","ping_status":"open","sticky":false,"template":"","format":"standard","meta":{"_monsterinsights_skip_tracking":false,"_monsterinsights_sitenote_active":false,"_monsterinsights_sitenote_note":"","_monsterinsights_sitenote_category":0,"ngg_post_thumbnail":0,"footnotes":""},"categories":[5],"tags":[],"class_list":["post-8401","post","type-post","status-publish","format-standard","hentry","category-foto"],"_links":{"self":[{"href":"https:\/\/ujkafe.website\/index.php?rest_route=\/wp\/v2\/posts\/8401","targetHints":{"allow":["GET"]}}],"collection":[{"href":"https:\/\/ujkafe.website\/index.php?rest_route=\/wp\/v2\/posts"}],"about":[{"href":"https:\/\/ujkafe.website\/index.php?rest_route=\/wp\/v2\/types\/post"}],"author":[{"embeddable":true,"href":"https:\/\/ujkafe.website\/index.php?rest_route=\/wp\/v2\/users\/2"}],"replies":[{"embeddable":true,"href":"https:\/\/ujkafe.website\/index.php?rest_route=%2Fwp%2Fv2%2Fcomments&post=8401"}],"version-history":[{"count":0,"href":"https:\/\/ujkafe.website\/index.php?rest_route=\/wp\/v2\/posts\/8401\/revisions"}],"wp:attachment":[{"href":"https:\/\/ujkafe.website\/index.php?rest_route=%2Fwp%2Fv2%2Fmedia&parent=8401"}],"wp:term":[{"taxonomy":"category","embeddable":true,"href":"https:\/\/ujkafe.website\/index.php?rest_route=%2Fwp%2Fv2%2Fcategories&post=8401"},{"taxonomy":"post_tag","embeddable":true,"href":"https:\/\/ujkafe.website\/index.php?rest_route=%2Fwp%2Fv2%2Ftags&post=8401"}],"curies":[{"name":"wp","href":"https:\/\/api.w.org\/{rel}","templated":true}]}}