
{"id":84111,"date":"2019-06-24T02:52:19","date_gmt":"2019-06-24T02:52:19","guid":{"rendered":"https:\/\/ujkafe.website\/?p=84111"},"modified":"2019-06-22T13:00:59","modified_gmt":"2019-06-22T13:00:59","slug":"kiss-szekely-zoltan-maradj-huseges","status":"publish","type":"post","link":"https:\/\/ujkafe.website\/?p=84111","title":{"rendered":"Kiss Sz\u00e9kely Zolt\u00e1n: Maradj h\u0171s\u00e9ges"},"content":{"rendered":"<p>Maradj h\u0171s\u00e9ges a m\u00e1jusv\u00e9gi hajnalokhoz,<br \/>\namikor a g\u00f6mb\u00f6ly\u0171 harmatcseppeken<br \/>\nbeg\u00f6rd\u00fcl a f\u00e9ny a Ligeti futballp\u00e1lya gyep\u00e9re,<br \/>\ns &#8211; a hajnalhoz t\u00fal\u00f6lt\u00f6z\u00f6tten &#8211;<br \/>\nmeg\u00e9rkezel. Siett\u00e9l, h\u00e1t megizzadt\u00e1l.<!--more--><br \/>\nMegnedvesedik a r\u00f6vidujj\u00fa inged<br \/>\nzseb\u00e9ben a jegyzetf\u00fczet<br \/>\ntested fel\u0151li oldal\u00e1n a pap\u00edr,<br \/>\ns z els\u0151 le\u00edrt bet\u0171 sz\u00e9tfolyik a lapon,<br \/>\nmint a reggeli f\u00e9ny a felszikkadt f\u0171sz\u00e1lakon.<\/p>\n<p>Diadalt \u00e1lmodik a p\u00e1lya sz\u00e9l\u00e9re<br \/>\nodat\u00e9vedt \u00f6k\u00f6rfarkk\u00f3r\u00f3,<br \/>\nami csak annak k\u00f6sz\u00f6nheti<br \/>\ntalmi \u00f6r\u00f6kk\u00e9val\u00f3s\u00e1g\u00e1t, hogy<br \/>\na felez\u0151vonal k\u00f6rny\u00e9k\u00e9n cs\u00edr\u00e1zott,<br \/>\nahol legritk\u00e1bban hagyja el<br \/>\na nagy b\u0151rlabda a j\u00e1t\u00e9kteret.<\/p>\n<p>Hozz\u00e1 hajolok.<br \/>\nKis dong\u00f3 el\u0151z, s r\u00f6ppen el r\u00f3la<br \/>\nmiut\u00e1n mindent rendbenval\u00f3nak tal\u00e1lt \u2013<br \/>\na beporz\u00e1s megt\u00f6rt\u00e9nt.<br \/>\nMost m\u00e1r csak a megterm\u00e9keny\u00edt\u00e9s j\u00f6nne.<\/p>\n<p>A magk\u00e9pz\u00e9skor vajon hall-e majd<br \/>\nszok\u00e1sos cifra k\u00e1romkod\u00e1st a gyepr\u0151l<br \/>\nmagyarul?<\/p>\n","protected":false},"excerpt":{"rendered":"<p>Maradj h\u0171s\u00e9ges a m\u00e1jusv\u00e9gi hajnalokhoz, amikor a g\u00f6mb\u00f6ly\u0171 harmatcseppeken beg\u00f6rd\u00fcl a f\u00e9ny a Ligeti futballp\u00e1lya gyep\u00e9re, s &#8211; a hajnalhoz t\u00fal\u00f6lt\u00f6z\u00f6tten &#8211; meg\u00e9rkezel. Siett\u00e9l, h\u00e1t megizzadt\u00e1l.<\/p>\n","protected":false},"author":3,"featured_media":0,"comment_status":"open","ping_status":"open","sticky":false,"template":"","format":"standard","meta":{"_monsterinsights_skip_tracking":false,"_monsterinsights_sitenote_active":false,"_monsterinsights_sitenote_note":"","_monsterinsights_sitenote_category":0,"ngg_post_thumbnail":0,"footnotes":""},"categories":[127],"tags":[],"class_list":["post-84111","post","type-post","status-publish","format-standard","hentry","category-vita"],"_links":{"self":[{"href":"https:\/\/ujkafe.website\/index.php?rest_route=\/wp\/v2\/posts\/84111","targetHints":{"allow":["GET"]}}],"collection":[{"href":"https:\/\/ujkafe.website\/index.php?rest_route=\/wp\/v2\/posts"}],"about":[{"href":"https:\/\/ujkafe.website\/index.php?rest_route=\/wp\/v2\/types\/post"}],"author":[{"embeddable":true,"href":"https:\/\/ujkafe.website\/index.php?rest_route=\/wp\/v2\/users\/3"}],"replies":[{"embeddable":true,"href":"https:\/\/ujkafe.website\/index.php?rest_route=%2Fwp%2Fv2%2Fcomments&post=84111"}],"version-history":[{"count":0,"href":"https:\/\/ujkafe.website\/index.php?rest_route=\/wp\/v2\/posts\/84111\/revisions"}],"wp:attachment":[{"href":"https:\/\/ujkafe.website\/index.php?rest_route=%2Fwp%2Fv2%2Fmedia&parent=84111"}],"wp:term":[{"taxonomy":"category","embeddable":true,"href":"https:\/\/ujkafe.website\/index.php?rest_route=%2Fwp%2Fv2%2Fcategories&post=84111"},{"taxonomy":"post_tag","embeddable":true,"href":"https:\/\/ujkafe.website\/index.php?rest_route=%2Fwp%2Fv2%2Ftags&post=84111"}],"curies":[{"name":"wp","href":"https:\/\/api.w.org\/{rel}","templated":true}]}}