
{"id":84751,"date":"2019-07-29T02:58:15","date_gmt":"2019-07-29T02:58:15","guid":{"rendered":"https:\/\/ujkafe.website\/?p=84751"},"modified":"2019-07-27T12:18:39","modified_gmt":"2019-07-27T12:18:39","slug":"fellapozo-a-masik-en-magam-vagyok","status":"publish","type":"post","link":"https:\/\/ujkafe.website\/?p=84751","title":{"rendered":"Fellapoz\u00f3: \u201eA m\u00e1sik \u00e9n magam vagyok\u201d"},"content":{"rendered":"<p>Benedek Istv\u00e1n \u2013 Marcell fia, Elek ap\u00f3 egyik unok\u00e1ja, tapasztalt elmeorvos \u2013 egyik kedves szerz\u0151m. M\u0171vei pedig kedvenc olvasm\u00e1nyaim k\u00f6z\u00e9 tartoznak. Szeretem sokoldal\u00fas\u00e1g\u00e1t, sz\u00e9les k\u00f6r\u0171 irodalmi \u00e9rdekl\u0151d\u00e9s\u00e9t \u00e9s \u00e9rz\u00e9kenys\u00e9g\u00e9t. Mindenre odafigyel az \u00e9letben, \u00e9s amit fontosnak tart bel\u0151le, arra hat\u00e1rozottan, tanuls\u00e1gosan \u00e9s \u00e9rtelmesen reag\u00e1l. \u00dagy t\u0171nik, mindenhez \u00e9rt. Pedig ink\u00e1bb csak elvei vannak, amelyek sz\u0171r\u0151j\u00e9n \u00e1t szeml\u00e9li a vil\u00e1got.<!--more--><br \/>\nIrodalmi tanulm\u00e1nyai, kritik\u00e1i, essz\u00e9i k\u00fcl\u00f6n k\u00f6tetbe is k\u00edv\u00e1nkoztak a Magvet\u0151 ind\u00edtotta \u00e9letm\u0171-sorozatban, s 1978-ban jelentek meg, Az \u00edr\u00f3 lelke \u00e1tfog\u00f3 c\u00edm alatt. Ebben nem \u00e1tallja bevallani, hogy b\u00e1rkir\u0151l \u00edrjon, az egy\u00fattal r\u00f3la sz\u00f3l. \u201eB\u00fcszk\u00e9n v\u00e1llalom \u2013 \u00edrja \u2013, az \u00bb\u00edr\u00f3 lelke\u00ab mindig k\u00e9t \u00edr\u00f3\u00e9, a m\u00e1sik \u00e9n magam vagyok.\u201d<br \/>\nK\u00e9pzett l\u00e9lekb\u00fav\u00e1rk\u00e9nt nem csak a beteg lelkek ismer\u0151je \u00e9s gy\u00f3gy\u00edt\u00f3ja, de az alkot\u00f3, a m\u0171v\u00e9sz-lelkek saj\u00e1toss\u00e1gainak is a felismer\u0151je. Ha felsoroln\u00e1nk al\u00e1bb n\u00e9h\u00e1ny kedven szerz\u0151j\u00e9t, r\u00e1j\u00f6nn\u00e9nk, hogy az emberi lelkeket levetk\u0151ztet\u0151, k\u00fcl\u00f6n\u00f6s szem\u00e9lyis\u00e9g\u0171 alkot\u00f3k vonzz\u00e1k els\u0151sorban. Mint amilyen p\u00e9ld\u00e1ul Dosztojevszkij. Igen nagy figyelmet szentel a nagy orosz klasszikusnak. De sz\u00edvb\u0151l csod\u00e1lja Thomas Mannt is, egyik nagy kedvence pedig Antoine de Saint-Exup\u00e9ry; izgatja egy\u00fattal a Karinthy csal\u00e1d alkot\u00f3inak a sorsa, egym\u00e1shoz val\u00f3 viszonyuk, egym\u00e1s m\u0171v\u00e9szet\u00e9re gyakorolt hat\u00e1suk, kedveli B\u00e1lint Gy\u00f6rgy publicisztik\u00e1b\u00f3l emelt irodalmi \u00e9letm\u0171v\u00e9t, \u00e9rdekl\u0151dve boncolgatja a neurotikus irodalmi jelens\u00e9geket, melyeket a t\u00e1rsadalmi boml\u00e1s jeleik\u00e9nt k\u00f6nyvel el, \u00e9rdekes fejteget\u00e9st tesz k\u00f6zz\u00e9 az irodalmi szem\u00e9rmess\u00e9g \u00e9s pornogr\u00e1fia t\u00e1rgyk\u00f6r\u00e9ben \u2013 de ezzel ink\u00e1bb csak azt jeleztem mostanig, hogy a sokoldal\u00fas\u00e1g Benedek Istv\u00e1n mag\u00e1t\u00f3l \u00e9rtet\u0151d\u0151, mindennapi kenyere. P\u00f3tolhatatlanok ugyanakkor szem\u00e9lyes \u00e9s hiteles adal\u00e9kai az \u00e1ltal\u00e1nos Benedek Elek-portr\u00e9hoz, s b\u00e1r szubjekt\u00edv, egyben fontos meg\u00e1llap\u00edt\u00e1sokat tesz Bart\u00f3k B\u00e9la zenei zsenij\u00e9r\u0151l, alkot\u00f3i k\u00f6rnyezet\u00e9r\u0151l.<br \/>\n\u0150 az, aki \u00e9veken \u00e1t vend\u00e9g\u00fcl l\u00e1tja \u201eAranyketrec\u00e9ben\u201d Karinthy Frigyes nagyobbik fi\u00e1t, G\u00e1bort, az igen tehets\u00e9ges, ma m\u00e1r kev\u00e9ss\u00e9 ismert l\u00edrai k\u00f6lt\u0151t, akit J\u00f3zsef Attila \u00e9s Radn\u00f3ti Mikl\u00f3s k\u00f6z\u00f6tt \u00e9s nagyj\u00e1b\u00f3l ezek magass\u00e1g\u00e1ban helyez el a maga \u00e9rt\u00e9kl\u00e9tr\u00e1j\u00e1n <a href=\"https:\/\/ujkafe.website\/?p=84750\"><em>(l\u00e1sd az oldalon k\u00f6z\u00f6lt k\u00f6lt\u0151portr\u00e9t.<\/em><\/a>)<\/p>\n<p><a href=\"https:\/\/ujkafe.website\/wp-content\/uploads\/2019\/07\/aziroleelke.jpg\"><img loading=\"lazy\" decoding=\"async\" class=\"alignnone  wp-image-84753\" src=\"https:\/\/ujkafe.website\/wp-content\/uploads\/2019\/07\/aziroleelke-208x300.jpg\" alt=\"\" width=\"273\" height=\"394\" srcset=\"https:\/\/ujkafe.website\/wp-content\/uploads\/2019\/07\/aziroleelke-208x300.jpg 208w, https:\/\/ujkafe.website\/wp-content\/uploads\/2019\/07\/aziroleelke.jpg 443w\" sizes=\"auto, (max-width: 273px) 100vw, 273px\" \/><\/a><br \/>\nMegrend\u00edt\u0151 essz\u00e9t olvashatunk a Karinthy csal\u00e1d magyarorsz\u00e1gi \u00e9s p\u00e1rizsi \u00e1g\u00e1nak egym\u00e1sra tal\u00e1l\u00e1s\u00e1r\u00f3l is, mint ahogy olvas\u00e1sra \u00e9s figyelemre \u00e9rdemes minden, amihez a szerz\u0151 csak hozz\u00e1ny\u00fal. A Tal\u00e1lkoz\u00e1s a Kis herceggel nem csak Saint-Exup\u00e9rynek \u00e1ll\u00edt eml\u00e9ket, hanem mag\u00e1r\u00f3l is el\u00e1rul valamit: a v\u00e9gtelen mag\u00e1nyoss\u00e1got, amelyb\u0151l m\u0171vei \u00e1ltal pr\u00f3b\u00e1l kit\u00f6rni. Jeles francia kedvenc\u00e9r\u0151l \u00edrja, de Benedek Istv\u00e1nra is \u00e9rv\u00e9nyes az al\u00e1bbi meg\u00e1llap\u00edt\u00e1s: \u201eEgyed\u00fcl\u00e1ll\u00f3 jelens\u00e9g. Az \u00bbegyed\u00fcl\u00e1ll\u00f3\u00ab sz\u00f3nak kett\u0151s az \u00e9rtelme: Saint-Ex l\u00e9ny\u00e9nek, \u00e9letfiloz\u00f3fi\u00e1j\u00e1nak, irodalmi m\u0171k\u00f6d\u00e9s\u00e9nek egyar\u00e1nt legf\u0151bb jellemz\u0151je a mag\u00e1nyoss\u00e1g. Nem \u00bbelidegened\u00e9s\u00ab, hanem v\u00e9gzetes egyed\u00fcll\u00e9t, amivel soha sem tudott sem megb\u00e9k\u00fclni, sem megbirk\u00f3zni.\u201d<br \/>\nNem v\u00e9letlen\u00fcl nevezik polihisztornak is Benedek Istv\u00e1nt. Egy teljes embert l\u00e1thatunk magunk el\u0151tt, m\u0171veit olvasva \u2013 olyat, amilyen mi tal\u00e1n csak \u00e1lmainkban lehet\u00fcnk.<\/p>\n<p style=\"text-align: right;\"><em><strong>Cseke G\u00e1bor<\/strong><\/em><\/p>\n","protected":false},"excerpt":{"rendered":"<p>Benedek Istv\u00e1n \u2013 Marcell fia, Elek ap\u00f3 egyik unok\u00e1ja, tapasztalt elmeorvos \u2013 egyik kedves szerz\u0151m. M\u0171vei pedig kedvenc olvasm\u00e1nyaim k\u00f6z\u00e9 tartoznak. Szeretem sokoldal\u00fas\u00e1g\u00e1t, sz\u00e9les k\u00f6r\u0171 irodalmi \u00e9rdekl\u0151d\u00e9s\u00e9t \u00e9s \u00e9rz\u00e9kenys\u00e9g\u00e9t. Mindenre odafigyel az \u00e9letben, \u00e9s amit fontosnak tart bel\u0151le, arra hat\u00e1rozottan, tanuls\u00e1gosan \u00e9s \u00e9rtelmesen reag\u00e1l. \u00dagy t\u0171nik, mindenhez \u00e9rt. Pedig ink\u00e1bb csak elvei vannak, amelyek sz\u0171r\u0151j\u00e9n [&hellip;]<\/p>\n","protected":false},"author":3,"featured_media":0,"comment_status":"open","ping_status":"open","sticky":false,"template":"","format":"standard","meta":{"_monsterinsights_skip_tracking":false,"_monsterinsights_sitenote_active":false,"_monsterinsights_sitenote_note":"","_monsterinsights_sitenote_category":0,"ngg_post_thumbnail":0,"footnotes":""},"categories":[22],"tags":[],"class_list":["post-84751","post","type-post","status-publish","format-standard","hentry","category-recenzio"],"_links":{"self":[{"href":"https:\/\/ujkafe.website\/index.php?rest_route=\/wp\/v2\/posts\/84751","targetHints":{"allow":["GET"]}}],"collection":[{"href":"https:\/\/ujkafe.website\/index.php?rest_route=\/wp\/v2\/posts"}],"about":[{"href":"https:\/\/ujkafe.website\/index.php?rest_route=\/wp\/v2\/types\/post"}],"author":[{"embeddable":true,"href":"https:\/\/ujkafe.website\/index.php?rest_route=\/wp\/v2\/users\/3"}],"replies":[{"embeddable":true,"href":"https:\/\/ujkafe.website\/index.php?rest_route=%2Fwp%2Fv2%2Fcomments&post=84751"}],"version-history":[{"count":0,"href":"https:\/\/ujkafe.website\/index.php?rest_route=\/wp\/v2\/posts\/84751\/revisions"}],"wp:attachment":[{"href":"https:\/\/ujkafe.website\/index.php?rest_route=%2Fwp%2Fv2%2Fmedia&parent=84751"}],"wp:term":[{"taxonomy":"category","embeddable":true,"href":"https:\/\/ujkafe.website\/index.php?rest_route=%2Fwp%2Fv2%2Fcategories&post=84751"},{"taxonomy":"post_tag","embeddable":true,"href":"https:\/\/ujkafe.website\/index.php?rest_route=%2Fwp%2Fv2%2Ftags&post=84751"}],"curies":[{"name":"wp","href":"https:\/\/api.w.org\/{rel}","templated":true}]}}