
{"id":85089,"date":"2019-08-18T02:51:59","date_gmt":"2019-08-18T02:51:59","guid":{"rendered":"https:\/\/ujkafe.website\/?p=85089"},"modified":"2019-08-14T06:55:05","modified_gmt":"2019-08-14T06:55:05","slug":"hatterek-az-antimeritokracia-el-nem-mulo-tortenetehez","status":"publish","type":"post","link":"https:\/\/ujkafe.website\/?p=85089","title":{"rendered":"H\u00e1tterek az \u201eantimeritokr\u00e1cia\u201d el nem m\u00fal\u00f3 t\u00f6rt\u00e9net\u00e9hez"},"content":{"rendered":"<p><em><strong>T\u00f6rv\u00e9nyt\u0151l s\u00fajtottak, 1920\u20131945<\/strong><\/em><\/p>\n<p>A c\u00edmbe foglalt jelz\u0151 valamin\u0151 tal\u00e1nyoskod\u00e1snak vagy t\u00fal-tudom\u00e1nyoskod\u00e1snak tetszhet, pedig nem saj\u00e1t kifejez\u00e9sem, hanem egy t\u00f6rt\u00e9neti k\u00f6tet k\u00eds\u00e9r\u0151 sz\u00f6veg\u00e9nek, f\u00fclsz\u00f6veg\u00e9nek Konr\u00e1d Gy\u00f6rgy \u00edr\u00f3 megfogalmazta tud\u00e1stapasztalata. Saj\u00e1t \u00e9let\u00fatja \u00e9s iskolai \u00e9lm\u00e9nyei alapj\u00e1n sz\u00f3lal meg a m\u00e9lt\u00e1nytalan, dics\u0151s\u00e9g \u00e9s ill\u0151 elismer\u00e9s n\u00e9lk\u00fcli politikai elit jellemz\u00e9sek\u00e9ppen, olyan m\u0171 felhangol\u00f3j\u00e1t adva ezzel, mely mag\u00e1nak a m\u00e9ltatlann\u00e1 v\u00e1l\u00f3 uralmi elitnek ment\u00e1lis \u00e9s mor\u00e1lis osztotts\u00e1g\u00e1t, otromba \u00e9s k\u00edm\u00e9letlen viselked\u00e9sm\u00f3dj\u00e1t, avagy v\u00e9gs\u0151 soron a Holokauszt eg\u00e9sz\u00e9nek bek\u00f6vetkez\u00e9s\u00e9t k\u00e9sz\u00edtette el\u0151.<!--more--><\/p>\n<p>A j\u00f6v\u0151 \u00e9vben \u00e9ppen sz\u00e1zadik dics\u0151 \u00e9vfordul\u00f3j\u00e1hoz \u00e9rkezik az a korm\u00e1nyzati kezdem\u00e9nyez\u00e9s, mely egy csud\u00e1latos T\u00f6rv\u00e9nycikk bejelent\u00e9s\u00e9vel indult, s ennek vit\u00e1ival, kiteljesed\u00e9s\u00e9vel, eldurvul\u00f3 ideol\u00f3giai \u00e9s er\u0151szakh\u00e1bor\u00faval folytat\u00f3dott. Horthy Mikl\u00f3s Magyarorsz\u00e1g korm\u00e1nyz\u00f3jak\u00e9nt \u00e9s gr. Bethlen Istv\u00e1n minisztereln\u00f6kk\u00e9nt \u00e9ppen 1920-ban adta k\u00f6zre (persze csupa hazafias sz\u00edv-szeretettel) ezt a deklar\u00e1ci\u00f3t, melyet \u201eEml\u00e9kezet\u00fcl\u201d adom\u00e1nyozott \u201emindenkinek, akit illet\u201d, s ebben \u201eMagyarorsz\u00e1g nemzetgy\u0171l\u00e9se a k\u00f6vetkez\u0151 t\u00f6rv\u00e9nycikket alkotta\u201d, \u201emint a nemzet akarat\u00e1t\u201d, s mint a maga megtart\u00f3 sz\u00e1nd\u00e9k\u00e1val, megtartatand\u00f3 \u00e9s kihirdetend\u0151 t\u00e9nyt, hogy \u201ea tudom\u00e1nyegyetemekre, a m\u0171egyetemre, a budapesti egyetemi k\u00f6zgazdas\u00e1gtudom\u00e1nyi karra \u00e9s a jogakad\u00e9mi\u00e1kra val\u00f3 beiratkoz\u00e1s szab\u00e1lyoz\u00e1s\u00e1r\u00f3l\u201d sz\u00f3lva \u201en\u00e9pfaj vagy nemzetis\u00e9g orsz\u00e1gos ar\u00e1nysz\u00e1m\u00e1hoz\u201d viszony\u00edtott egytizedre korl\u00e1tozza a \u201enemzeth\u0171s\u00e9g \u00e9s az erk\u00f6lcsi megb\u00edzhat\u00f3s\u00e1g k\u00f6vetelm\u00e9nyei melletti\u201d felvehet\u0151 hallgat\u00f3k l\u00e9tsz\u00e1m\u00e1t. A T\u00f6rv\u00e9nycikk dicsf\u00e9nye lett a honnak, mert vil\u00e1gels\u0151k\u00e9nt sz\u00fcletett meg, az I. vil\u00e1gh\u00e1bor\u00fa ut\u00e1ni Eur\u00f3pa els\u0151 antiszemita t\u00f6rv\u00e9nye volt, \u201eel\u0151zm\u00e9nye \u00e9s bevezet\u0151je\u201d annak a folyamatnak, \u201eamely az 1930-as \u00e9vekben sz\u00e1mos zsid\u00f3ellenes int\u00e9zked\u00e9shez, v\u00e9g\u00fcl 1944-ben a Holokauszthoz vezetett\u201d. A korszak t\u00f6rt\u00e9net\u00e9nek nemcsak informat\u00edv \u00f6sszefoglal\u00f3, n\u00e9lk\u00fcl\u00f6zhetetlen alapm\u0171ve sz\u00f3l most itt err\u0151l, hanem \u201ea magyar zsid\u00f3s\u00e1g sorsa ir\u00e1nt \u00e9rdekl\u0151d\u0151knek\u201d meghat\u00e1roz\u00f3 feldolgoz\u00e1sa az a k\u00f6tet, melyet Randolph L. Braham aj\u00e1nl\u00f3 szavaival kap k\u00e9zhez az olvas\u00f3 Kov\u00e1cs M. M\u00e1ria k\u00f6nyvek\u00e9nt: T\u00f6rv\u00e9nyt\u0151l s\u00fajtva. A Numerus Clausus Magyarorsz\u00e1gon, 1920\u20131945 c\u00edmen. (Napvil\u00e1g Kiad\u00f3, Budapest, 2012., 267 oldal)<\/p>\n<p>A Szerz\u0151 a K\u00f6z\u00e9p-eur\u00f3pai Egyetem, kor\u00e1bban az ELTE, a Maryland \u00e9s a Wisconsin-Madison egyetemek professzora, m\u00e1r t\u00f6bb munk\u00e1j\u00e1ban is \u00edrt a zsid\u00f3t\u00f6rv\u00e9nyekr\u0151l, kor\u00e1bban a Helikonn\u00e1l kiadott Liberalizmus, radikalizmus, antiszemitizmus monogr\u00e1fi\u00e1ja is ig\u00e9nyes alaposs\u00e1ggal \u00e9s impoz\u00e1ns szak\u00e9rtelemmel bizony\u00edtja szak\u00e9rtelm\u00e9t, s itt most hasonl\u00f3k\u00e9ppen elm\u00e9ly\u00fclten \u00f6sszegzi, mennyire \u00e1rnyalt felfog\u00e1sa lehets\u00e9ges a numerus clausus korabeli \u00e9s megel\u0151z\u0151, valamint a h\u00e1bor\u00fa v\u00e9g\u00e9ig int\u00e9zm\u00e9nyes\u00edtett t\u00f6rv\u00e9nyi c\u00e9loknak \u00e9s szolgai v\u00e9grehajt\u00e1snak, befogad\u00e1snak \u00e9s megf\u00e9leml\u00edt\u0151 \u00f6sszhat\u00e1s\u00e1nak, t\u00e1rsadalmi v\u00e1lasznak \u00e9s leplezetlen t\u00e1mogat\u00e1snak, uralmi g\u0151gnek \u00e9s m\u00e9ltatlan \u00farhatn\u00e1ms\u00e1gnak, elsz\u00e1nt fasiz\u00e1l\u00f3d\u00e1snak \u00e9s mindennapos nemzetideol\u00f3gi\u00e1nak. Ill\u0151 alaposs\u00e1ggal dokument\u00e1lja (tizen\u00f6t oldalnyi bibliogr\u00e1fia, k\u00e9pjegyz\u00e9k, mutat\u00f3k, kronol\u00f3giai fejezet \u00e9s vizu\u00e1lis dokumentumok sz\u00e9les k\u00f6re jelzi ezt) a \u201epozit\u00edv diszkrimin\u00e1ci\u00f3\u201d k\u00e9pz\u0151dm\u00e9ny\u00e9t \u00e9s a liber\u00e1lis kritika sz\u00e1nd\u00e9kait, a N\u00e9psz\u00f6vets\u00e9g m\u00f3dos\u00edt\u00f3 s\u00fcrget\u00e9s\u00e9t \u00e9s a szelekt\u00edv lemorzsol\u00f3d\u00e1s h\u00e1bor\u00fas l\u00e9gk\u00f6r\u00e9t megel\u0151z\u0151 kv\u00f3tarendszer\u00e9t, a t\u00f6rv\u00e9nytervezet vit\u00e1it \u00e9s ideol\u00f3giai t\u00e1maszait, Proh\u00e1szka \u00e9s Kov\u00e1cs Alajos, Teleki \u00e9s Klebelsberg, az \u00c9bred\u0151 Magyarok \u00e9s Horthy, V\u00e1zsonyi Vilmos \u00e9s Szab\u00f3 Dezs\u0151, meg sokan m\u00e1sok akt\u00edv r\u00e9szv\u00e9tel\u00e9t ebben az eur\u00f3pai sz\u00ednt\u00e9ren is gy\u0151zedelmes gyal\u00e1zatban. Az a sz\u00edves-ked\u00e9lyes aj\u00e1nl\u00e1s, melyre fennebb utaltam, m\u00e9g semmi zordabbat nem sugall tal\u00e1n, de a hitv\u00e1ny korabeli adatok \u00e9s ar\u00e1nyokat jelz\u0151 statisztikai forr\u00e1sok, felv\u00e9teli mutat\u00f3k, a harmad\u00e1ra zsugorodott orsz\u00e1g egyetemi beiratkoz\u00e1si mutat\u00f3inak kisebbs\u00e9gi sz\u00e1mai, no meg a heti- \u00e9s napilapok usz\u00edt\u00f3 cikkei-c\u00edmlapjai, a nemzetv\u00e9d\u0151k ideol\u00f3giai \u00e9s a fegyveres csoportok diktatorikus fenyeget\u00e9sei a h\u00e1tt\u00e9rben\u2026 evidenci\u00e1v\u00e1 tett\u00e9k, hogy a hazai emancip\u00e1ci\u00f3s folyamatban \u201ea tizenkilencedik sz\u00e1zadi emancip\u00e1l\u00f3 jogegyenl\u0151s\u00e9g elv\u00e9nek f\u00f6lad\u00e1sa, hely\u00e9be a nacionalista fajv\u00e9delem ker\u00fclt. A szem\u00e9lyes teljes\u00edtm\u00e9ny krit\u00e9riuma helyett a csal\u00e1di sz\u00e1rmaz\u00e1s hat\u00e1rozza meg az egy\u00e9n sors\u00e1t, munk\u00e1ja helyett a sz\u00fcl\u0151k, nagysz\u00fcl\u0151k, etc.\u201d \u2013 vagyis kiteljesedett a Konr\u00e1d Gy\u00f6rgy \u00e9rz\u00e9keny f\u00fclsz\u00f6veg\u00e9ben bevezet\u0151 alapt\u00f3nusk\u00e9nt megfogalmazott \u201eAntimeritokr\u00e1cia\u201d tartalma: a minden\u00fctt Horthy h\u00edvei \u00e1ltal kiszolg\u00e1lt ostoba fr\u00f6cs\u00f6g\u00e9s tot\u00e1lisan eluralta a jogalkot\u00e1st, a t\u00f6rv\u00e9nyhoz\u00e1st, a sajt\u00f3t, az ideol\u00f3giai szf\u00e9r\u00e1t, az egyh\u00e1zakat, az utc\u00e1t \u00e9s a kisiskol\u00e1kat is, m\u00e9ltatlan el\u0151nybe pr\u00e9selve a m\u00e9lt\u00f3s\u00e1gmentes t\u00e1rsadalmi szerepl\u0151ket. A katolikus kl\u00e9rust\u00f3l a szocdemekig, a kisebbs\u00e9gi k\u00e9pviselett\u0151l a konzervat\u00edvokig, a fajv\u00e9d\u0151kt\u0151l a magabiztosan \u201e\u00e9bred\u0151kig\u201d szinte mindenki egybehangz\u00f3an a faji-etnikai-felekezeti-sz\u00e1rmaz\u00e1si diszkrimin\u00e1ci\u00f3 mellett sorakozott fel \u2013 ki \u201e\u00fcgyesebben\u201d, ki m\u00e9lt\u00e1nyosabban, ki meg a maga elsz\u00e1nt elvakults\u00e1ga \u00e9s gy\u0171l\u00f6lettel teli megk\u00fcl\u00f6nb\u00f6ztet\u0151 vil\u00e1gk\u00e9pe szerint.<\/p>\n<p>A k\u00f6tet n\u00e9gy nagyobb fejezete \/Bevezet\u0151; A t\u00f6rv\u00e9ny keletkez\u00e9se; A numerus clausus \u00e9s a faji paragrafus els\u0151 \u00e9vtized\u00e9nek m\u00e9rlege; A numerus clausus t\u00f6rv\u00e9ny m\u00f3dos\u00edt\u00e1sa \u00e9s a ny\u00edlt zsid\u00f3kv\u00f3ta vissza\u00e1ll\u00edt\u00e1sa\/ nemcsak a nemzetis\u00e9gi kv\u00f3t\u00e1t\u00f3l a \u201efaji paragrafus\u201d eszm\u00e9j\u00e9ig, a l\u00e1tszatra \u201eoktat\u00e1si t\u00f6rv\u00e9nyk\u00e9nt\u201d keletkez\u0151 megk\u00fcl\u00f6nb\u00f6ztet\u00e9s orosz el\u0151zm\u00e9nyeit\u0151l a \u201eter\u00fcleti, sz\u00e1rmaz\u00e1si \u00e9s faji zsid\u00f3\u201d \u00e1rnyalt term\u00e9szetrajz\u00e1ig, a korabeli statisztikai adatokt\u00f3l a mindennapok oktat\u00e1si, munkapiaci, er\u0151szakt\u00e9teli forr\u00e1sokig, a sokak \u201etitkolt helytelen\u00edt\u00e9se\u201d ellen\u00e9re megval\u00f3s\u00edtott ny\u00edlt jogs\u00e9rt\u00e9si \u00e9s a liber\u00e1lis kritik\u00e1t\u00f3l a diszkrimin\u00e1ci\u00f3 1928-as, majd 1934-es er\u0151s\u00f6d\u00e9s\u00e9ig \u00f6ssze\u00e1ll\u00edthat\u00f3 sorozatnyi olyan adatot hoz \u00f6sszef\u00fcgg\u00e9sbe a faji propaganda \u00e9s a radik\u00e1lis indulatok eg\u00e9sz int\u00e9zm\u00e9nyes m\u0171k\u00f6d\u00e9srendj\u00e9vel, amivel \u00f6sszef\u00fcgg\u00e9sben (ugyancsak Konr\u00e1d Gy\u00f6rgy igazs\u00e1gosan asszociat\u00edv meg\u00e1llap\u00edt\u00e1sa szerint) a korm\u00e1nypolitikusoknak \u201ek\u00f6nt\u00f6rfalazniuk kellett, ha p\u00e9nzt rem\u00e9ltek a N\u00e9psz\u00f6vets\u00e9g j\u00f3v\u00e1hagy\u00e1s\u00e1val nyugati bankokt\u00f3l. Ahogy ma p\u00e9nz\u00e9rt az Eur\u00f3pai Uni\u00f3t kell becsapni, \u00e9s persze ut\u00e1lni is ugyanez\u00e9rt, mint kilencven \u00e9ve a N\u00e9psz\u00f6vets\u00e9get. A nemzeti szuverenit\u00e1s, a nagy hang \u00e9s a nagy zsebek v\u00e9delm\u00e9ben. Volt, tagadhatatlanul volt k\u00fcl\u00f6nbs\u00e9g konzervat\u00edv \u00e9s radik\u00e1lis jobboldaliak k\u00f6z\u00f6tt, Bethlen \u00e9s Klebelsberg, illet\u0151leg Teleki, G\u00f6mb\u00f6s \u00e9s H\u00f3man k\u00f6z\u00f6tt, de mindet Horthy nevezte ki, mind az \u0151 embere volt, \u00e9s mind helyeselt\u00e9k a numerus clausust, ha t\u00e1vol maradtak is a parlament \u00fcl\u00e9sterm\u00e9t\u0151l, amikor megszavazt\u00e1k. E\u00f6tv\u00f6s J\u00f3zsef \u00e9s De\u00e1k Ferenc szellem\u00e9t mind bez\u00e1rt\u00e1k a pinc\u00e9be. \u00daj\u00edt\u00e1suk v\u00e9g\u00e1llom\u00e1sa a m\u00e1sodik vil\u00e1gh\u00e1bor\u00fas t\u00f6meggyilkoss\u00e1g volt. Volt, aki kisz\u00e1llt e logikai \u00fatvonal valamelyik kor\u00e1bbi \u00e1llom\u00e1s\u00e1n, de nem \u0171zhette el mag\u00e1t\u00f3l a gondolatot, hogy egyik l\u00e9p\u00e9sb\u0151l k\u00f6vetkezik a m\u00e1sik. Az \u0151 \u00e1lmuk nem Auschwitz volt, hanem valami \u00edzl\u00e9s\u00fck szerinti normaliz\u00e1ci\u00f3, nem a borzalom, hanem az \u0151 nemzeti rendj\u00fck. De az \u0151 rendj\u00fck hozta meg a zsid\u00f3t\u00f6rv\u00e9nyeket, \u00e9s az \u0151 adminisztr\u00e1ci\u00f3juk hajtotta v\u00e9gre a vid\u00e9ki zsid\u00f3k deport\u00e1l\u00e1s\u00e1t \u00e9s a budapesti zsid\u00f3k gett\u00f3s\u00edt\u00e1s\u00e1t. Lehet, hogy m\u00e1r gyerekfejjel meg\u00e9rtettem valamit, amit ezek a nagy emberek holtukig nem \u00e9rtettek meg\u2026\u201d (id\u00e9zve a k\u00f6tet f\u00fclsz\u00f6veg\u00e9b\u0151l).<\/p>\n<hr \/>\n<p><a href=\"https:\/\/www.google.com\/url?q=https%3A%2F%2Fsites.google.com%2Fview%2Fperi-mikro-szkp%2F201961-80%2Fh%25C3%25A1tterek-az-antimeritokr%25C3%25A1cia-el-nem-m%25C3%25BAl%25C3%25B3-t%25C3%25B6rt%25C3%25A9net%25C3%25A9hez&amp;sa=D&amp;sntz=1&amp;usg=AFQjCNHurnE9BMqOnSAkP86R38Q4Kbt45g\"><em><strong>A. Gergely Andr\u00e1s recenzi\u00f3j\u00e1nak teljes sz\u00f6vege a Periszk\u00f3p port\u00e1lon<\/strong><\/em><\/a><\/p>\n","protected":false},"excerpt":{"rendered":"<p>T\u00f6rv\u00e9nyt\u0151l s\u00fajtottak, 1920\u20131945 A c\u00edmbe foglalt jelz\u0151 valamin\u0151 tal\u00e1nyoskod\u00e1snak vagy t\u00fal-tudom\u00e1nyoskod\u00e1snak tetszhet, pedig nem saj\u00e1t kifejez\u00e9sem, hanem egy t\u00f6rt\u00e9neti k\u00f6tet k\u00eds\u00e9r\u0151 sz\u00f6veg\u00e9nek, f\u00fclsz\u00f6veg\u00e9nek Konr\u00e1d Gy\u00f6rgy \u00edr\u00f3 megfogalmazta tud\u00e1stapasztalata. Saj\u00e1t \u00e9let\u00fatja \u00e9s iskolai \u00e9lm\u00e9nyei alapj\u00e1n sz\u00f3lal meg a m\u00e9lt\u00e1nytalan, dics\u0151s\u00e9g \u00e9s ill\u0151 elismer\u00e9s n\u00e9lk\u00fcli politikai elit jellemz\u00e9sek\u00e9ppen, olyan m\u0171 felhangol\u00f3j\u00e1t adva ezzel, mely mag\u00e1nak a m\u00e9ltatlann\u00e1 [&hellip;]<\/p>\n","protected":false},"author":3,"featured_media":0,"comment_status":"open","ping_status":"open","sticky":false,"template":"","format":"standard","meta":{"_monsterinsights_skip_tracking":false,"_monsterinsights_sitenote_active":false,"_monsterinsights_sitenote_note":"","_monsterinsights_sitenote_category":0,"ngg_post_thumbnail":0,"footnotes":""},"categories":[22],"tags":[],"class_list":["post-85089","post","type-post","status-publish","format-standard","hentry","category-recenzio"],"_links":{"self":[{"href":"https:\/\/ujkafe.website\/index.php?rest_route=\/wp\/v2\/posts\/85089","targetHints":{"allow":["GET"]}}],"collection":[{"href":"https:\/\/ujkafe.website\/index.php?rest_route=\/wp\/v2\/posts"}],"about":[{"href":"https:\/\/ujkafe.website\/index.php?rest_route=\/wp\/v2\/types\/post"}],"author":[{"embeddable":true,"href":"https:\/\/ujkafe.website\/index.php?rest_route=\/wp\/v2\/users\/3"}],"replies":[{"embeddable":true,"href":"https:\/\/ujkafe.website\/index.php?rest_route=%2Fwp%2Fv2%2Fcomments&post=85089"}],"version-history":[{"count":0,"href":"https:\/\/ujkafe.website\/index.php?rest_route=\/wp\/v2\/posts\/85089\/revisions"}],"wp:attachment":[{"href":"https:\/\/ujkafe.website\/index.php?rest_route=%2Fwp%2Fv2%2Fmedia&parent=85089"}],"wp:term":[{"taxonomy":"category","embeddable":true,"href":"https:\/\/ujkafe.website\/index.php?rest_route=%2Fwp%2Fv2%2Fcategories&post=85089"},{"taxonomy":"post_tag","embeddable":true,"href":"https:\/\/ujkafe.website\/index.php?rest_route=%2Fwp%2Fv2%2Ftags&post=85089"}],"curies":[{"name":"wp","href":"https:\/\/api.w.org\/{rel}","templated":true}]}}