
{"id":85156,"date":"2019-08-22T02:52:37","date_gmt":"2019-08-22T02:52:37","guid":{"rendered":"https:\/\/ujkafe.website\/?p=85156"},"modified":"2019-08-21T13:14:56","modified_gmt":"2019-08-21T13:14:56","slug":"ujvary-zoltan-szulofoldon-hontalanul-1","status":"publish","type":"post","link":"https:\/\/ujkafe.website\/?p=85156","title":{"rendered":"Ujv\u00e1ry Zolt\u00e1n: Sz\u00fcl\u0151f\u00f6ld\u00f6n hontalanul* (1)"},"content":{"rendered":"<h2><em><strong>Az \u00e9n falum<\/strong><\/em><\/h2>\n<p>A r\u00e9gi Magyarorsz\u00e1g sz\u00e9p vid\u00e9k\u00e9n, G\u00f6m\u00f6r megy\u00e9ben a Tur\u00f3c-patak ment\u00e9n fekszik az \u00e9n kis falum, L\u00e9v\u00e1rt Jobbr\u00f3l-balr\u00f3l hegyek \u00f6lelik. Tiszta, ragyog\u00f3 napf\u00e9nyes id\u0151ben el\u00e9nk t\u0171nik hatalmas cs\u00facsaival a Kir\u00e1ly-hegy \u00e9s a V\u00f6r\u00f6sk\u0151. Jobbr\u00f3l a mur\u00e1nyi hegyek emelkednek, egyik orm\u00e1n a h\u00edres v\u00e1rral, ahov\u00e1 gyermekkorunkban gyakran elk\u00f3boroltunk. A Ny\u00edrjes tetej\u00e9r\u0151l d\u00e9li ir\u00e1nyban fel-felsejlik a B\u00fckk \u00e9s a M\u00e1tra.<br \/>\nG\u00f6m\u00f6r Magyarorsz\u00e1g kicsinyben, mondogatt\u00e1k a nagysz\u00fcleink&#8230;<!--more--><\/p>\n<p>A kanyarg\u00f3s Tur\u00f3c-patak ment\u00e9n vezet\u0151 \u00faton Rimaszombat fel\u00e9 haladva gyakran mell\u0151zz\u00fck Bej\u00e9t, ahol a g\u00f6m\u00f6ri emberek b\u00fcszkes\u00e9ge, Tompa Mih\u00e1ly lelk\u00e9szkedett, s nem messze t\u0151le, Hanv\u00e1n nyugossza \u00f6r\u00f6k \u00e1lm\u00e1t. Ha sz\u00fcl\u0151v\u00e1ros\u00e1ban, Rimaszombatban j\u00e1rtam, egyszer sem felejtkeztem meg r\u00f3la. A v\u00e1rosh\u00e1za el\u0151tti t\u00e9ren mindig meg\u00e1lltam sz\u00e9p nagy szobra el\u0151tt.<br \/>\nA m\u00e1sodik vil\u00e1gh\u00e1bor\u00fa ut\u00e1n lelketlen emberek k\u00f6telet k\u00f6t\u00f6ttek a nyak\u00e1ba. Traktorral ler\u00e1ntott\u00e1k a f\u00f6ldre. Hossz\u00fa \u00e9vekig megal\u00e1zva fek\u00fcdt a v\u00e1rosh\u00e1za udvar\u00e1n a mi nagy k\u00f6lt\u0151nk, aki a szlov\u00e1kok\u00e9rt is szenvedett a szabads\u00e1gharcban&#8230;<\/p>\n<p>Nincs itt kegyelem senkinek. Pet\u0151finek sem, Kossuthnak sem&#8230;<\/p>\n<p>A mi falunk l\u00e9leksz\u00e1ma nem nagy. Mindannyian katolikusok vagyunk. V\u00e9d\u0151nk \u00e9s oltalmaz\u00f3nk Nepomuki Szent J\u00e1nos. T\u00e9glaf\u00fclk\u00e9ben \u00e1ll\u00f3 szobra el\u00e9 tett\u00e9k a falu szlov\u00e1k nyelv\u0171 n\u00e9vt\u00e1bl\u00e1j\u00e1t, tal\u00e1n az\u00e9rt, hogy a szent is tanulja meg ezt a kimondhatatlan nevet: Strelnice.<br \/>\nA szomsz\u00e9dos Dereskkel vagyunk szoros kapcsolatban. K\u00f6z\u00f6s a hit\u00fcnk, vall\u00e1sunk, papunk. Innen oda, onnan ide h\u00e1zasodunk. A foglalkoz\u00e1sunk is azonos. Fazekasok, f\u00f6ldmunk\u00e1sok, erd\u0151munk\u00e1sok vagyunk. Az els\u0151 vil\u00e1gh\u00e1bor\u00faig szinte a legf\u0151bb meg\u00e9lhet\u00e9st a fazekass\u00e1g ny\u00fajtotta.<br \/>\nNagy v\u00e1ltoz\u00e1st hozott a faluban az, amikor Szent-Iv\u00e1ny J\u00f3zsef f\u00f6ldbirtokos a sz\u00e1nt\u00f3f\u00f6ldj\u00e9t felk\u00edn\u00e1lta a birtok\u00e1n dolgoz\u00f3 zsell\u00e9reknek \u00e9s csel\u00e9deknek, azut\u00e1n pedig a falu gazd\u00e1inak, fazekasainak. \u00edgy jutottunk f\u00f6ldh\u00f6z, majd erd\u0151h\u00f6z \u00e9s legel\u0151h\u00f6z&#8230;<br \/>\nA h\u00e1bor\u00fa v\u00e9ge fel\u00e9 j\u00e1rtunk. K\u00f6zeledett m\u00e1r a front. Egyre t\u00f6bbsz\u00f6r jelentek meg a rep\u00fcl\u0151g\u00e9pek a Tur\u00f3c v\u00f6lgye felett. Agg\u00f3dva tekintgett\u00fcnk az \u00e9gre. K\u00e9rdezgett\u00fck egym\u00e1st\u00f3l 1944 nyar\u00e1n, amikor arattunk, vajon j\u00f6v\u0151re mit ad az Isten, mert m\u00e1r tudtuk, hogy az orosz gy\u0151z. Ki tudja, mi lesz vel\u00fcnk?&#8230;<\/p>\n<p>Mi egy ujjal sem b\u00e1ntottuk a szlov\u00e1kokat, s\u0151t, nagyon is j\u00f3l megvoltunk egym\u00e1ssal bar\u00e1ts\u00e1gban \u00e9s b\u00e9k\u00e9ben. \u00c9s l\u00e1m, m\u00e9gis mit tettek vel\u00fcnk, amikor v\u00e9dtelenek lett\u00fcnk, mint a h\u00e1zatlan csiga.<\/p>\n<hr>\n<p><em><strong>* R\u00e9szletek<\/strong><\/em><\/p>\n<p><em>(Folytatjuk)<\/em><\/p>\n<p><a href=\"https:\/\/ujkafe.website\/?p=85139\"><strong>Bevezet\u00e9s<\/strong><\/a> \/<\/p>\n","protected":false},"excerpt":{"rendered":"<p>Az \u00e9n falum A r\u00e9gi Magyarorsz\u00e1g sz\u00e9p vid\u00e9k\u00e9n, G\u00f6m\u00f6r megy\u00e9ben a Tur\u00f3c-patak ment\u00e9n fekszik az \u00e9n kis falum, L\u00e9v\u00e1rt Jobbr\u00f3l-balr\u00f3l hegyek \u00f6lelik. Tiszta, ragyog\u00f3 napf\u00e9nyes id\u0151ben el\u00e9nk t\u0171nik hatalmas cs\u00facsaival a Kir\u00e1ly-hegy \u00e9s a V\u00f6r\u00f6sk\u0151. Jobbr\u00f3l a mur\u00e1nyi hegyek emelkednek, egyik orm\u00e1n a h\u00edres v\u00e1rral, ahov\u00e1 gyermekkorunkban gyakran elk\u00f3boroltunk. A Ny\u00edrjes tetej\u00e9r\u0151l d\u00e9li ir\u00e1nyban fel-felsejlik [&hellip;]<\/p>\n","protected":false},"author":3,"featured_media":0,"comment_status":"open","ping_status":"open","sticky":false,"template":"","format":"standard","meta":{"_monsterinsights_skip_tracking":false,"_monsterinsights_sitenote_active":false,"_monsterinsights_sitenote_note":"","_monsterinsights_sitenote_category":0,"ngg_post_thumbnail":0,"footnotes":""},"categories":[13],"tags":[],"class_list":["post-85156","post","type-post","status-publish","format-standard","hentry","category-dokumentum"],"_links":{"self":[{"href":"https:\/\/ujkafe.website\/index.php?rest_route=\/wp\/v2\/posts\/85156","targetHints":{"allow":["GET"]}}],"collection":[{"href":"https:\/\/ujkafe.website\/index.php?rest_route=\/wp\/v2\/posts"}],"about":[{"href":"https:\/\/ujkafe.website\/index.php?rest_route=\/wp\/v2\/types\/post"}],"author":[{"embeddable":true,"href":"https:\/\/ujkafe.website\/index.php?rest_route=\/wp\/v2\/users\/3"}],"replies":[{"embeddable":true,"href":"https:\/\/ujkafe.website\/index.php?rest_route=%2Fwp%2Fv2%2Fcomments&post=85156"}],"version-history":[{"count":0,"href":"https:\/\/ujkafe.website\/index.php?rest_route=\/wp\/v2\/posts\/85156\/revisions"}],"wp:attachment":[{"href":"https:\/\/ujkafe.website\/index.php?rest_route=%2Fwp%2Fv2%2Fmedia&parent=85156"}],"wp:term":[{"taxonomy":"category","embeddable":true,"href":"https:\/\/ujkafe.website\/index.php?rest_route=%2Fwp%2Fv2%2Fcategories&post=85156"},{"taxonomy":"post_tag","embeddable":true,"href":"https:\/\/ujkafe.website\/index.php?rest_route=%2Fwp%2Fv2%2Ftags&post=85156"}],"curies":[{"name":"wp","href":"https:\/\/api.w.org\/{rel}","templated":true}]}}