
{"id":86159,"date":"2019-10-17T02:58:55","date_gmt":"2019-10-17T02:58:55","guid":{"rendered":"https:\/\/ujkafe.website\/?p=86159"},"modified":"2019-10-13T13:44:57","modified_gmt":"2019-10-13T13:44:57","slug":"lokodi-imre-egy-szuszra-holdkosztolo","status":"publish","type":"post","link":"https:\/\/ujkafe.website\/?p=86159","title":{"rendered":"Lokodi Imre: Egy szuszra \/ Holdkosztol\u00f3"},"content":{"rendered":"<p>A k\u00e9rd\u00e9s naponta ism\u00e9tl\u0151dik, felt\u00e9ve, ha Bara b\u00e1csi, az \u00e9jjeli\u0151r m\u00e9g esti takarod\u00f3 el\u0151tt ott van a t\u0171zolt\u00f3h\u00e1z el\u0151tt, k\u00e9rdezz\u00fck, Bara b\u00e1csi, mi a fen\u00e9\u00e9rt mind gerebly\u00e9lsz, mit mondhatna, azt amit mindig: az\u00e9rt gerebly\u00e9zik, mert Bara b\u00e1csi hajdan a moravicai hat\u00e1rvad\u00e1szokn\u00e1l teljes\u00edtett sorkatonai szolg\u00e1latot, az\u00e9rt gerebly\u00e9zik, ny\u00e1ri id\u0151ben Bara b\u00e1csinak ezt naponta el kell mondania, s\u0151t \u0151sszel is el kell mondania, am\u00edg a domb konty\u00e1r\u00f3l lesuvad az els\u0151 h\u00f3, pedig v\u00e1rja a fene a suvad\u00e1st,<!--more--> kezd ideges\u00edteni Bara b\u00e1csi t\u00e9nyked\u00e9se, de bel\u00e1tom, minek a k\u00e9rd\u00e9ssel \u00f6ld\u00f6k\u00f6lni, mondom, hadd gerebly\u00e9ljen, ha annyi esze sincs, mint egy gerebly\u00e9nek, Bara b\u00e1csi t\u00e9len, ha havaz, l\u00e1mpagy\u00fajt\u00e1s ut\u00e1n mutatkozik, kucsm\u00e1val, sub\u00e1val megy le a Felszegr\u0151l, kez\u00e9ben egy hossz\u00fa bottal kopogtat, amivel nem is di\u00f3t, hanem csillagokat lehet kosztolni az \u00e9gr\u0151l, de Bara b\u00e1csi nem ver csillagokat, mert nem neki val\u00f3 a csillagver\u00e9s, de h\u00e1t a meg\u00e9lhet\u00e9si \u00f6szt\u00f6n, a fene tudja, Bara b\u00e1csi eg\u00e9szen j\u00f3l elvan, ny\u00e1ron gy\u00fcm\u00f6lcs\u00f6n \u00e9l, rengeteg gy\u00fcm\u00f6lcs\u00f6n, eg\u00e9szen j\u00f3l viszi, k\u00fcl\u00f6n\u00f6sen ha \u00e9rik a szil\u00e1gyi, majd a besztercei szilva, ha a csillagokat nem is, a f\u00e1kat a berkekben rendesen megkosztolja, ezzel egy id\u0151ben r\u00e1kap a kerti gyep\u00fckben k\u00e9kl\u0151 szederre, ha igaz, a h\u00e1zt\u00e1jakat is d\u00e9zsm\u00e1lni kezdi, ez\u00e9rt mondj\u00e1k, nem j\u00f3 bakternek Bara b\u00e1csi, mert Bara b\u00e1csi beleny\u00fal a kapt\u00e1rokba, megcsapolja a l\u00e9peket, a m\u00e9h\u00e9szh\u00e1zb\u00f3l pedig elviszi a m\u00e9zesb\u00f6d\u00f6nt, est\u00e9nk\u00e9nt k\u00f6sz\u00f6nnek neki az emberek, amikor megy a koszttal a t\u0171zolt\u00f3h\u00e1z fel\u00e9, de hi\u00e1ba k\u00f6sz\u00f6nnek neki az emberek, k\u00f6sz\u00f6n\u00e9s\u00fcket nem fogadja, csak morog valamit Bara b\u00e1csi, egyszer csak g\u00f6rnyedt \u00e9s ann\u00e1l is g\u00f6rnyedtebb lesz, majdhogynem gurul ha j\u00f6n a Teng\u0151n lefel\u00e9, Bara b\u00e1csi elhagyja a kosztj\u00e1t \u00e9s a t\u0171zolt\u00f3h\u00e1z fel\u00e9 menet szokatlanul a ker\u00edt\u00e9sek mellett halad, sz\u00e9p este valaki nem tudja meg\u00e1llni, j\u00f3 est\u00e9t, Bara b\u00e1csi, mi a fene van veled, Bara b\u00e1csi mint suny\u00edt\u00f3 kutya a torn\u00e1cok alatt, \u00e1tl\u00e9pik a ker\u00edt\u00e9sen, k\u00e9t l\u00e1bra \u00e1ll, n\u00e9, Bara b\u00e1csi eg\u00e9szen megvadul, mi \u00fct bel\u00e9, mert a k\u00f6lyk\u00f6k bosszantj\u00e1k a v\u00f6lgyben, az\u00e9rt Bara b\u00e1csi ekkor m\u00e1r nincs sehol, a kocsma felvert n\u00e9pe nem tal\u00e1lja, pedig megcsapdoss\u00e1k j\u00f3l a gyep\u0171t m\u00e1snap reggel, ahol Bara b\u00e1csi elhaladt, a patak fel\u00e9 vezet\u0151 nyomokat l\u00e1tnak, de az nem lehet, mondj\u00e1k, hogy a t\u0171zolt\u00f3h\u00e1z lak\u00f3j\u00e1nak medvenyoma legyen, az orvvad\u00e1szok szerint m\u00e1rpedig k\u00f6z\u00f6ns\u00e9ges medvenyomr\u00f3l van sz\u00f3, valaki javasolja, \u00f6ssze kellene verni a t\u0171zolt\u00f3h\u00e1z harangj\u00e1t, csakhogy nem sz\u00f3l, mert repedt, Bara b\u00e1csit elfelejtik, nem is besz\u00e9ln\u00e9nek r\u00f3la, ha most ezen az \u0151sz\u00f6n nem jelenik meg \u00fajra a v\u00f6lgyben, hozz\u00e1fog szilvaf\u00e1kat nyesni, term\u00e9s nincs szem se, t\u00f6bb\u00e9 a t\u0171zolt\u00f3h\u00e1z fel\u00e9 se n\u00e9z &#8211; az emberek h\u00e1tsz\u00e1mra hordj\u00e1k a hossz\u00fa kosztokat, gondosan elrakj\u00e1k a paszulykar\u00f3kat, legyen j\u00f6v\u0151re, Bara b\u00e1csi paszulykar\u00f3val kezdi kosztolni a holdat, medve, mondj\u00e1k, de nem lehet, mert medve \u00e1ltal\u00e1ban nem kosztol holdat.<\/p>\n","protected":false},"excerpt":{"rendered":"<p>A k\u00e9rd\u00e9s naponta ism\u00e9tl\u0151dik, felt\u00e9ve, ha Bara b\u00e1csi, az \u00e9jjeli\u0151r m\u00e9g esti takarod\u00f3 el\u0151tt ott van a t\u0171zolt\u00f3h\u00e1z el\u0151tt, k\u00e9rdezz\u00fck, Bara b\u00e1csi, mi a fen\u00e9\u00e9rt mind gerebly\u00e9lsz, mit mondhatna, azt amit mindig: az\u00e9rt gerebly\u00e9zik, mert Bara b\u00e1csi hajdan a moravicai hat\u00e1rvad\u00e1szokn\u00e1l teljes\u00edtett sorkatonai szolg\u00e1latot, az\u00e9rt gerebly\u00e9zik, ny\u00e1ri id\u0151ben Bara b\u00e1csinak ezt naponta el kell mondania, [&hellip;]<\/p>\n","protected":false},"author":3,"featured_media":0,"comment_status":"open","ping_status":"open","sticky":false,"template":"","format":"standard","meta":{"_monsterinsights_skip_tracking":false,"_monsterinsights_sitenote_active":false,"_monsterinsights_sitenote_note":"","_monsterinsights_sitenote_category":0,"ngg_post_thumbnail":0,"footnotes":""},"categories":[23],"tags":[],"class_list":["post-86159","post","type-post","status-publish","format-standard","hentry","category-rovidproza"],"_links":{"self":[{"href":"https:\/\/ujkafe.website\/index.php?rest_route=\/wp\/v2\/posts\/86159","targetHints":{"allow":["GET"]}}],"collection":[{"href":"https:\/\/ujkafe.website\/index.php?rest_route=\/wp\/v2\/posts"}],"about":[{"href":"https:\/\/ujkafe.website\/index.php?rest_route=\/wp\/v2\/types\/post"}],"author":[{"embeddable":true,"href":"https:\/\/ujkafe.website\/index.php?rest_route=\/wp\/v2\/users\/3"}],"replies":[{"embeddable":true,"href":"https:\/\/ujkafe.website\/index.php?rest_route=%2Fwp%2Fv2%2Fcomments&post=86159"}],"version-history":[{"count":0,"href":"https:\/\/ujkafe.website\/index.php?rest_route=\/wp\/v2\/posts\/86159\/revisions"}],"wp:attachment":[{"href":"https:\/\/ujkafe.website\/index.php?rest_route=%2Fwp%2Fv2%2Fmedia&parent=86159"}],"wp:term":[{"taxonomy":"category","embeddable":true,"href":"https:\/\/ujkafe.website\/index.php?rest_route=%2Fwp%2Fv2%2Fcategories&post=86159"},{"taxonomy":"post_tag","embeddable":true,"href":"https:\/\/ujkafe.website\/index.php?rest_route=%2Fwp%2Fv2%2Ftags&post=86159"}],"curies":[{"name":"wp","href":"https:\/\/api.w.org\/{rel}","templated":true}]}}