
{"id":8624,"date":"2011-04-16T13:36:57","date_gmt":"2011-04-16T13:36:57","guid":{"rendered":"https:\/\/ujkafe.website\/?p=8624"},"modified":"2011-04-16T13:38:03","modified_gmt":"2011-04-16T13:38:03","slug":"debreczeni-eva-italiai-emlekek-12","status":"publish","type":"post","link":"https:\/\/ujkafe.website\/?p=8624","title":{"rendered":"Debreczeni \u00c9va: It\u00e1liai eml\u00e9kek (12)"},"content":{"rendered":"<p><a href=\"https:\/\/ujkafe.website\/wp-content\/uploads\/2011\/04\/DSC00741.jpg\"><img loading=\"lazy\" decoding=\"async\" class=\"aligncenter size-full wp-image-8625\" title=\"DSC00741\" src=\"https:\/\/ujkafe.website\/wp-content\/uploads\/2011\/04\/DSC00741.jpg\" alt=\"\" width=\"624\" height=\"468\" srcset=\"https:\/\/ujkafe.website\/wp-content\/uploads\/2011\/04\/DSC00741.jpg 624w, https:\/\/ujkafe.website\/wp-content\/uploads\/2011\/04\/DSC00741-300x225.jpg 300w\" sizes=\"auto, (max-width: 624px) 100vw, 624px\" \/><\/a><\/p>\n<p>M\u00f3zes\u2026 sok l\u00e9pcs\u0151t kell megm\u00e1szni R\u00f3m\u00e1ban, hogy feljusson az ember a <strong>San  Pietro in Vincoli <\/strong>templomig, de meg\u00e9ri. Itt tal\u00e1lhat\u00f3 ugyanis II. Gyula p\u00e1pa s\u00edreml\u00e9ke, Michelangelo remekm\u0171ve, k\u00f6z\u00e9pen a h\u00edres M\u00f3zes-szoborral. Szerencs\u00e9re M\u00f3zest m\u00e9g nem akart\u00e1k \u00f6sszet\u00f6rni, mint a Piet\u00e1t, \u00edgy nincs \u00fcveg alatt. De s\u00f6t\u00e9tben van. L\u00e9tezik egy \u201ef\u00e9nypersely\u201d, amelybe ha bedobunk valah\u00e1ny eur\u00f3t, akkor p\u00e1r m\u00e1sodpercre felgyullad a d\u00edszkivil\u00e1g\u00edt\u00e1s, de ha nem vagy r\u00e9sen \u00e9s nem fot\u00f3zol azonnal, dobhatod az \u00fajabb eur\u00f3kat. \u00c9n nem dobtam, mert kev\u00e9s volt, s kellett a s\u00f6rre\u2026\u00a0 csak \u00fagy s\u00f6t\u00e9tben, ez j\u00f6tt ki.<\/p>\n","protected":false},"excerpt":{"rendered":"<p>M\u00f3zes\u2026 sok l\u00e9pcs\u0151t kell megm\u00e1szni R\u00f3m\u00e1ban, hogy feljusson az ember a San Pietro in Vincoli templomig, de meg\u00e9ri. Itt tal\u00e1lhat\u00f3 ugyanis II. Gyula p\u00e1pa s\u00edreml\u00e9ke, Michelangelo remekm\u0171ve, k\u00f6z\u00e9pen a h\u00edres M\u00f3zes-szoborral. Szerencs\u00e9re M\u00f3zest m\u00e9g nem akart\u00e1k \u00f6sszet\u00f6rni, mint a Piet\u00e1t, \u00edgy nincs \u00fcveg alatt. De s\u00f6t\u00e9tben van. L\u00e9tezik egy \u201ef\u00e9nypersely\u201d, amelybe ha bedobunk valah\u00e1ny eur\u00f3t, [&hellip;]<\/p>\n","protected":false},"author":2,"featured_media":0,"comment_status":"open","ping_status":"open","sticky":false,"template":"","format":"standard","meta":{"_monsterinsights_skip_tracking":false,"_monsterinsights_sitenote_active":false,"_monsterinsights_sitenote_note":"","_monsterinsights_sitenote_category":0,"ngg_post_thumbnail":0,"footnotes":""},"categories":[5],"tags":[],"class_list":["post-8624","post","type-post","status-publish","format-standard","hentry","category-foto"],"_links":{"self":[{"href":"https:\/\/ujkafe.website\/index.php?rest_route=\/wp\/v2\/posts\/8624","targetHints":{"allow":["GET"]}}],"collection":[{"href":"https:\/\/ujkafe.website\/index.php?rest_route=\/wp\/v2\/posts"}],"about":[{"href":"https:\/\/ujkafe.website\/index.php?rest_route=\/wp\/v2\/types\/post"}],"author":[{"embeddable":true,"href":"https:\/\/ujkafe.website\/index.php?rest_route=\/wp\/v2\/users\/2"}],"replies":[{"embeddable":true,"href":"https:\/\/ujkafe.website\/index.php?rest_route=%2Fwp%2Fv2%2Fcomments&post=8624"}],"version-history":[{"count":0,"href":"https:\/\/ujkafe.website\/index.php?rest_route=\/wp\/v2\/posts\/8624\/revisions"}],"wp:attachment":[{"href":"https:\/\/ujkafe.website\/index.php?rest_route=%2Fwp%2Fv2%2Fmedia&parent=8624"}],"wp:term":[{"taxonomy":"category","embeddable":true,"href":"https:\/\/ujkafe.website\/index.php?rest_route=%2Fwp%2Fv2%2Fcategories&post=8624"},{"taxonomy":"post_tag","embeddable":true,"href":"https:\/\/ujkafe.website\/index.php?rest_route=%2Fwp%2Fv2%2Ftags&post=8624"}],"curies":[{"name":"wp","href":"https:\/\/api.w.org\/{rel}","templated":true}]}}