
{"id":8706,"date":"2011-04-20T09:02:40","date_gmt":"2011-04-20T09:02:40","guid":{"rendered":"https:\/\/ujkafe.website\/?p=8706"},"modified":"2011-04-20T09:20:52","modified_gmt":"2011-04-20T09:20:52","slug":"debreczeni-eva-italiai-emlekek-14","status":"publish","type":"post","link":"https:\/\/ujkafe.website\/?p=8706","title":{"rendered":"Debreczeni \u00c9va: It\u00e1liai eml\u00e9kek (14)"},"content":{"rendered":"<p><a href=\"https:\/\/ujkafe.website\/wp-content\/uploads\/2011\/04\/DSC00814.jpg\"><img loading=\"lazy\" decoding=\"async\" class=\"aligncenter size-full wp-image-8707\" title=\"DSC00814\" src=\"https:\/\/ujkafe.website\/wp-content\/uploads\/2011\/04\/DSC00814.jpg\" alt=\"\" width=\"624\" height=\"468\" srcset=\"https:\/\/ujkafe.website\/wp-content\/uploads\/2011\/04\/DSC00814.jpg 624w, https:\/\/ujkafe.website\/wp-content\/uploads\/2011\/04\/DSC00814-300x225.jpg 300w\" sizes=\"auto, (max-width: 624px) 100vw, 624px\" \/><\/a><\/p>\n<p>Kupola\u2026 csak \u00fagy. Vesszek meg, ha tudom, hogy hol volt ez. R\u00f3m\u00e1ban annyi templom van, persze m\u00e9g a tized\u00e9t se l\u00e1ttuk, csak a h\u00edresebbekbe jutottunk el, na de hogy ez melyiknek a kupol\u00e1ja, arra m\u00e1r nem eml\u00e9kszem, hisz csak kattingattam, mint az \u0151r\u00fclt &#8211; m\u00e1r ahol szabad volt. Ez a k\u00e9p a vatik\u00e1ni m\u00fazeum k\u00e9pei k\u00f6zt van, teh\u00e1t lehet, hogy abban a nagy bels\u0151 t\u00e9rben valahol\u2026 amelyet \u00f3r\u00e1kon kereszt\u00fcl \u201el\u00e1togattunk\u201d, ha a rohan\u00e1st l\u00e1togat\u00e1snak lehet nevezni. Vitt a t\u00f6meg, mint az \u00e1r, menni kellett. N\u00e9mely k\u00e9p az\u00e9rt olyan hom\u00e1lyos, mert fut\u00f3l\u00e9p\u00e9sben k\u00e9sz\u00fclt. Ez v\u00e9letlen\u00fcl nem lett hom\u00e1lyos.<\/p>\n","protected":false},"excerpt":{"rendered":"<p>Kupola\u2026 csak \u00fagy. Vesszek meg, ha tudom, hogy hol volt ez. R\u00f3m\u00e1ban annyi templom van, persze m\u00e9g a tized\u00e9t se l\u00e1ttuk, csak a h\u00edresebbekbe jutottunk el, na de hogy ez melyiknek a kupol\u00e1ja, arra m\u00e1r nem eml\u00e9kszem, hisz csak kattingattam, mint az \u0151r\u00fclt &#8211; m\u00e1r ahol szabad volt. Ez a k\u00e9p a vatik\u00e1ni m\u00fazeum k\u00e9pei [&hellip;]<\/p>\n","protected":false},"author":2,"featured_media":0,"comment_status":"open","ping_status":"open","sticky":false,"template":"","format":"standard","meta":{"_monsterinsights_skip_tracking":false,"_monsterinsights_sitenote_active":false,"_monsterinsights_sitenote_note":"","_monsterinsights_sitenote_category":0,"ngg_post_thumbnail":0,"footnotes":""},"categories":[5],"tags":[],"class_list":["post-8706","post","type-post","status-publish","format-standard","hentry","category-foto"],"_links":{"self":[{"href":"https:\/\/ujkafe.website\/index.php?rest_route=\/wp\/v2\/posts\/8706","targetHints":{"allow":["GET"]}}],"collection":[{"href":"https:\/\/ujkafe.website\/index.php?rest_route=\/wp\/v2\/posts"}],"about":[{"href":"https:\/\/ujkafe.website\/index.php?rest_route=\/wp\/v2\/types\/post"}],"author":[{"embeddable":true,"href":"https:\/\/ujkafe.website\/index.php?rest_route=\/wp\/v2\/users\/2"}],"replies":[{"embeddable":true,"href":"https:\/\/ujkafe.website\/index.php?rest_route=%2Fwp%2Fv2%2Fcomments&post=8706"}],"version-history":[{"count":0,"href":"https:\/\/ujkafe.website\/index.php?rest_route=\/wp\/v2\/posts\/8706\/revisions"}],"wp:attachment":[{"href":"https:\/\/ujkafe.website\/index.php?rest_route=%2Fwp%2Fv2%2Fmedia&parent=8706"}],"wp:term":[{"taxonomy":"category","embeddable":true,"href":"https:\/\/ujkafe.website\/index.php?rest_route=%2Fwp%2Fv2%2Fcategories&post=8706"},{"taxonomy":"post_tag","embeddable":true,"href":"https:\/\/ujkafe.website\/index.php?rest_route=%2Fwp%2Fv2%2Ftags&post=8706"}],"curies":[{"name":"wp","href":"https:\/\/api.w.org\/{rel}","templated":true}]}}