
{"id":87900,"date":"2020-01-17T02:54:59","date_gmt":"2020-01-17T02:54:59","guid":{"rendered":"https:\/\/ujkafe.website\/?p=87900"},"modified":"2020-01-11T21:21:00","modified_gmt":"2020-01-11T21:21:00","slug":"para-olga-virrasztas","status":"publish","type":"post","link":"https:\/\/ujkafe.website\/?p=87900","title":{"rendered":"Para Olga: Virraszt\u00e1s"},"content":{"rendered":"<p style=\"padding-left: 200px;\"><em>\u201eM\u00e9rt legyek \u00e9n tisztess\u00e9ges? Kiter\u00edtenek \u00fagyis!<\/em><br \/>\n<em>M\u00e9rt ne legyek tisztess\u00e9ges! Kiter\u00edtenek \u00fagyis.\u201d<\/em><br \/>\n<strong><em>(J\u00f3zsef Attila: K\u00e9t hexameter)<\/em><\/strong><\/p>\n<p>\u00d6csik\u00e9m!<br \/>\nMa \u00e9jjel virrasztottam egy ismeretlen, roncs roma \u00f6regasszony miatt.<br \/>\nKinn voltam a folyos\u00f3n, amikor megpillantottam a hord\u00e1gyon a mosdatlan beteget, s elcs\u00edptem az egyik \u00e1pol\u00f3 egy mondat\u00e1t: \u201dNincs senkije.\u201d Ekkor ugrott be a mott\u00f3nak v\u00e1lasztott id\u00e9zet. Ki tudja, ki volt, tisztess\u00e9ges volt-e, nem-e\u2026 A n\u00e9nik\u00e9nek csukva volt a szeme, de m\u00e9g \u00e9lt, kiss\u00e9 fordulni pr\u00f3b\u00e1lt, picit meglend\u00edtve egyik kez\u00e9t, abban a m\u00e1sodpercben megsajdult a sz\u00edvem \u00e9rte, a hord\u00e1gyat betasz\u00edtott\u00e1k a mellett\u00fcnk l\u00e9v\u0151 \u00fcres szob\u00e1ba. <!--more-->Csod\u00e1lkoztam is, bel\u00e1tva egy pillanatra, hogy az egy teljesen \u00fcres k\u00f3rterem, holott egyes szob\u00e1ban k\u00e9t beteg is volt egy-egy \u00e1gyban, azt rebesgett\u00e9k a r\u00e9g benn fekv\u0151 betegek. Vajon mi\u00e9rt, vajon mi\u00e9rt, tudat alatt kerestem erre a v\u00e1laszt elalv\u00e1s helyett, le sem hunytam a szemem, mert meg\u00e9reztem, hogy ma \u00e9jjel meg fog halni.<br \/>\nSenki sincs mellette, t\u00f6rdeltem kezeim, de \u00e9n igen, gondolatban. Olyan m\u00e9lyen, legbel\u00fcl a lelkemben s\u00edrtam \u00e9rte, \u00e9rted, miatta, miattad. A r\u00e9gi, de \u00e1lland\u00f3sult m\u00e9ly f\u00e1jdalmam miattad, \u00e9s ez az \u00faj f\u00e1jdalom \u00f6ssze\u00e9rt bennem. \u00c9jf\u00e9lig csakis r\u00e1 gondoltam, l\u00e1ttam a csontsov\u00e1ny, feh\u00e9r arcocsk\u00e1j\u00e1t, mely a r\u00e1ncai ellen\u00e9re is meg\u0151rizte sz\u00e9p von\u00e1sait. Fel\u00fcltem, \u00e9s magamban gy\u00e1rtott imaszer\u0171 mondatokat mormoltam. Furcsa \u00e9rz\u00e9s volt, hogy egy teljesen idegen ember\u00e9rt olyan m\u00e9lyen, ott bel\u00fcl, a lelkemben s\u00edrtam, rosszabb volt, mintha patakban folyt volna a k\u00f6nnyem, \u00fagy \u00e9reztem, mentem megulladok. Sok\u00e1ig, nagyon sok\u00e1ig csak r\u00e1 gondoltam, mintha k\u00f6z\u00f6m lenne hozz\u00e1, \u00e9s elk\u00e9pzeltem, hogy m\u00e1r r\u00f6videsen \u0151t is \u201ekiter\u00edtik.\u201d<br \/>\n\u00c9jf\u00e9l ut\u00e1n ki kellett mennem a mosd\u00f3ba, az ajt\u00f3 t\u00e1rva-nyitva, nem \u00e1lltam meg, hogy be ne l\u00e9pjek. Meg\u00e1lltam az \u00e1gya mellett, nem tudom, mennyi ideig, csak a folyos\u00f3r\u00f3l besz\u0171r\u0151d\u0151 f\u00e9nyben pillantottam meg \u00fajra az arc\u00e1t, \u00e9s olyan b\u00e9k\u00e9snek t\u0171nt, mintha a r\u00e1ncai is kisimultak volna. Ekkor a kezem akaratlanul meg\u00e9rintette az egyik kez\u00e9t, \u00e9s \u00e9reztem, kezdett m\u00e1r kih\u0171lni, de nem volt m\u00e9g eg\u00e9szen merev, r\u00e9m\u00fclten l\u00e9ptem vissza, remegtek a l\u00e1baim, a lelkem, mert \u00e9n m\u00e9g nem l\u00e1ttam senkit meghalni, igaz volt a meg\u00e9rz\u00e9sem, m\u00e1r bizonyosan tudtam, halott.<br \/>\nEgyed\u00fcl volt hal\u00e1la pillanat\u00e1ban, ak\u00e1r csak te, \u00c9desem. Ez\u00e9rt kellett m\u00e9gis, hogy \u00e9n legal\u00e1bb, egy teljesen idegen szem\u00e9ly ott legyek vele akkor, ha m\u00e1r veled nem lehettem\u2026<br \/>\nEl\u00e9g sok\u00e1ig \u00e1lldog\u00e1ltam, m\u00e1r-m\u00e1r \u00e9reztem, \u00f6sszeroskadok, ekkor zajt hallottam, azonnal visszaosontam a k\u00f3rtermembe, szerencs\u00e9re az asszisztensek nem l\u00e1ttak meg.<br \/>\nAz \u00e1gyamban azt\u00e1n val\u00f3s\u00e1gosan is eleredtek a k\u00f6nnyeim, ism\u00e9t s\u00edrni tudtam, \u201es\u00edrni, s\u00edrni, s\u00edrni\u201d, ugrott be az agyamba Ady egyik vers\u00e9nek c\u00edme . Egyszerre s\u00edrni \u00e9retted, \u00e9rette&#8230; \u00c9s magam el\u0151tt l\u00e1ttam a megboldogult arc\u00e1t, valamikor nagyon sz\u00e9p lehetett, sz\u00e9ps\u00e9ge a gyermekkori bar\u00e1tn\u0151mre eml\u00e9keztetett, aki m\u00e1r szint\u00e9n elt\u00e1vozott a f\u00f6ldi vil\u00e1gb\u00f3l, s r\u00e1 is eml\u00e9kezve, a n\u00e9nit is bec\u00e9zgetni kezdtem magamban, nevet adtam neki: \u201eD\u00f3ri, D\u00f3ri, csendes pihen\u00e9st!\u201d<br \/>\nAzt\u00e1n csak azon agg\u00f3dtam, hogy vinn\u00e9k el szeg\u00e9nyt, miel\u0151tt a betegek fel\u00e9brednek, mintha m\u00e1r a t\u00f6bbi beteget is \u00f3vni akartam volna a hal\u00e1l gondolat\u00e1t\u00f3l is. V\u00e9g\u00fcl, teljes\u00fclt a v\u00e1gyam, a besz\u0171r\u0151d\u0151 zajokb\u00f3l hallottam, elsz\u00e1ll\u00edtott\u00e1k. A t\u00f6bbi beteg b\u00e9k\u00e9sen aludt, mit sem sejtve az \u00e9jjeli t\u00f6rt\u00e9n\u00e9sekr\u0151l.<br \/>\nEkkor kezdett pirkadni az \u00e9g kelet fel\u0151l. Mintha ez a virradati hom\u00e1ly lett volna a D\u00f3ri halotti leple, amelyet \u00e9n k\u00e9pzeletben r\u00e1bor\u00edtottam\u2026<br \/>\nAludni reggelig szemhuny\u00e1snyit sem tudtam, \u00fajra ki kellett mennem a mosd\u00f3ba, \u00e9s megk\u00f6nnyebb\u00fclve tapasztaltam: \u00fcres volt m\u00e1r az \u00e1gya, elvitt\u00e9k.<br \/>\nAz \u00e1gy p\u00e9ld\u00e1san bevetve.<\/p>\n<hr \/>\n<p><em>(Szatm\u00e1rn\u00e9meti, 1996)<\/em><\/p>\n","protected":false},"excerpt":{"rendered":"<p>\u201eM\u00e9rt legyek \u00e9n tisztess\u00e9ges? Kiter\u00edtenek \u00fagyis! M\u00e9rt ne legyek tisztess\u00e9ges! Kiter\u00edtenek \u00fagyis.\u201d (J\u00f3zsef Attila: K\u00e9t hexameter) \u00d6csik\u00e9m! Ma \u00e9jjel virrasztottam egy ismeretlen, roncs roma \u00f6regasszony miatt. Kinn voltam a folyos\u00f3n, amikor megpillantottam a hord\u00e1gyon a mosdatlan beteget, s elcs\u00edptem az egyik \u00e1pol\u00f3 egy mondat\u00e1t: \u201dNincs senkije.\u201d Ekkor ugrott be a mott\u00f3nak v\u00e1lasztott id\u00e9zet. Ki tudja, [&hellip;]<\/p>\n","protected":false},"author":3,"featured_media":0,"comment_status":"open","ping_status":"open","sticky":false,"template":"","format":"standard","meta":{"_monsterinsights_skip_tracking":false,"_monsterinsights_sitenote_active":false,"_monsterinsights_sitenote_note":"","_monsterinsights_sitenote_category":0,"ngg_post_thumbnail":0,"footnotes":""},"categories":[23],"tags":[],"class_list":["post-87900","post","type-post","status-publish","format-standard","hentry","category-rovidproza"],"_links":{"self":[{"href":"https:\/\/ujkafe.website\/index.php?rest_route=\/wp\/v2\/posts\/87900","targetHints":{"allow":["GET"]}}],"collection":[{"href":"https:\/\/ujkafe.website\/index.php?rest_route=\/wp\/v2\/posts"}],"about":[{"href":"https:\/\/ujkafe.website\/index.php?rest_route=\/wp\/v2\/types\/post"}],"author":[{"embeddable":true,"href":"https:\/\/ujkafe.website\/index.php?rest_route=\/wp\/v2\/users\/3"}],"replies":[{"embeddable":true,"href":"https:\/\/ujkafe.website\/index.php?rest_route=%2Fwp%2Fv2%2Fcomments&post=87900"}],"version-history":[{"count":0,"href":"https:\/\/ujkafe.website\/index.php?rest_route=\/wp\/v2\/posts\/87900\/revisions"}],"wp:attachment":[{"href":"https:\/\/ujkafe.website\/index.php?rest_route=%2Fwp%2Fv2%2Fmedia&parent=87900"}],"wp:term":[{"taxonomy":"category","embeddable":true,"href":"https:\/\/ujkafe.website\/index.php?rest_route=%2Fwp%2Fv2%2Fcategories&post=87900"},{"taxonomy":"post_tag","embeddable":true,"href":"https:\/\/ujkafe.website\/index.php?rest_route=%2Fwp%2Fv2%2Ftags&post=87900"}],"curies":[{"name":"wp","href":"https:\/\/api.w.org\/{rel}","templated":true}]}}