
{"id":89877,"date":"2020-05-03T02:50:31","date_gmt":"2020-05-03T02:50:31","guid":{"rendered":"https:\/\/ujkafe.website\/?p=89877"},"modified":"2020-05-02T14:12:55","modified_gmt":"2020-05-02T14:12:55","slug":"az-ajtomban-negy-szep-orzo-angyal-van","status":"publish","type":"post","link":"https:\/\/ujkafe.website\/?p=89877","title":{"rendered":"\u201eAz ajt\u00f3mban n\u00e9gy sz\u00e9p \u0151rz\u0151 angyal van\u201d"},"content":{"rendered":"<h2><em><strong>Mamut mail-interj\u00fa Feh\u00e9r Ill\u00e9ssel \/ 6. r\u00e9sz<\/strong><\/em><\/h2>\n<p><strong>K\u00e9rdezett arr\u00f3l besz\u00e9l, hogy nem vall\u00e1sos, de tiszteli az \u00fcnnepek magasztoss\u00e1g\u00e1t&#8230; Elkapja a skarl\u00e1tot, majd a t\u00edfuszt, de meg\u00e9l&#8230; Lemond a Fulbright \u00f6szt\u00f6nd\u00edjr\u00f3l\u2026.<\/strong><\/p>\n<p><em>12. k\u00e9rd\u00e9s:<\/em><br \/>\n<em>H\u00fasv\u00e9t k\u00f6zeledik*, emelkedett hang\u00fa h\u00e1t a k\u00e9rd\u00e9s: a versekben, amelyekr\u0151l eddig sz\u00f3 volt, mintha nem tal\u00e1ln\u00e1m J\u00e9zust, azaz a felt\u00e1mad\u00e1st. Ink\u00e1bb csak h\u00e1bor\u00fa van, viszonzott vagy viszonzatlan szerelem, t\u00e9vedn\u00e9k?<\/em><\/p>\n<p>Nagyon s\u00falyos a k\u00e9rd\u00e9s \u2013 nem \u00fcnnepi. V\u00e1logat\u00e1som \u2013 eddig \u00e9s a k\u00f6vetkez\u0151kben is ilyen lesz: minden el\u0151zetes meggondol\u00e1s n\u00e9lk\u00fcli. Eredend\u0151en a meg\u00e9rz\u00e9sek embere vagyok \u2013 az \u00e9let minden ter\u00e9n, m\u00e9g a tudom\u00e1nyban is. Hogy ez mik\u00e9nt lehets\u00e9ges? Megpr\u00f3b\u00e1lom egy p\u00e9ld\u00e1val illusztr\u00e1lni. Mengyelejev, mikor fel\u00e1ll\u00edtotta a peri\u00f3dusos rendszert, nem tudta bizony\u00edtani \u2013 r\u00e1\u00e9rzett \u00e9s k\u00f6zz\u00e9tette. A bizony\u00edt\u00e1s, k\u00e9t \u00e9vvel k\u00e9s\u0151bb, egy n\u00e9met tud\u00f3st\u00f3l** sz\u00e1rmazik. <!--more-->Nev\u00e9t m\u00e9g \u00e9n sem jegyeztem meg. Nem szeretn\u00e9m, ha b\u00e1rki azt hinn\u00e9, \u201emendelejevi magass\u00e1gokban\u201d \u00e9rzem magam, mert nem \u00e9rzem, nem ott vagyok.<br \/>\nIgen: a meg\u00e9rz\u00e9sek embere vagyok. Ez a mentalit\u00e1s seg\u00edtett is, r\u00e1 is f\u00e1ztam. Ez k\u00fcl\u00f6n mese \u2013 m\u00e1st k\u00e9rdezt\u00e9l.<\/p>\n<div id=\"attachment_89894\" style=\"width: 398px\" class=\"wp-caption alignnone\"><a href=\"https:\/\/ujkafe.website\/wp-content\/uploads\/2020\/05\/mamut.jpg\"><img loading=\"lazy\" decoding=\"async\" aria-describedby=\"caption-attachment-89894\" class=\"wp-image-89894\" src=\"https:\/\/ujkafe.website\/wp-content\/uploads\/2020\/05\/mamut-221x300.jpg\" alt=\"\" width=\"388\" height=\"527\" srcset=\"https:\/\/ujkafe.website\/wp-content\/uploads\/2020\/05\/mamut-221x300.jpg 221w, https:\/\/ujkafe.website\/wp-content\/uploads\/2020\/05\/mamut.jpg 500w\" sizes=\"auto, (max-width: 388px) 100vw, 388px\" \/><\/a><p id=\"caption-attachment-89894\" class=\"wp-caption-text\"><em>Bernardino Luini: Angyal<\/em><\/p><\/div>\n<p>\u00c9letem sor\u00e1n, az \u00e9rtes\u00fcl\u00e9sek halmaz\u00e1b\u00f3l meghat\u00e1roz\u00f3 szerep jutott a h\u00e1bor\u00fanak \u00e9s a szerelemnek \u2013 ez t\u00e9ny. Hogy ez t\u00fckr\u00f6z\u0151dik (ebben) a versv\u00e1logat\u00e1somban (is) \u2013 erre sosem gondoltam. Most, hogy eml\u00edted \u2013 j\u00e9! R\u00e1csod\u00e1lkoztam. T\u00e9ny az is \u2013 att\u00f3l f\u00fcggetlen\u00fcl, hogy sz\u00fcleim m\u00e9lyen vall\u00e1sosak voltak (ap\u00e1m addig, m\u00edg kish\u00fagom meg nem halt \u2013 ut\u00e1na nem volt hajland\u00f3 templomba j\u00e1rni), sokat ministr\u00e1ltam is, \u00e1m nem vagyok vall\u00e1sos. De nem vagyok istentagad\u00f3 \u2013 s\u0151t, vallom: ha nem lenne, a vall\u00e1st ki kellene tal\u00e1lni. Sok embernek megnyugv\u00e1st ny\u00fajt\u2026 ez nagy dolog. Teh\u00e1t nem vagyok vall\u00e1sos \u2013 de tisztelem a vall\u00e1st. B\u00e1rmelyikr\u0151l is legyen sz\u00f3 addig, am\u00edg a szents\u00e9g nev\u00e9ben \u2013 hitt\u00e9r\u00edt\u00e9si alapon, nem kezdenek gyilkolni. Am\u00edg elfogadj\u00e1k \u2013 lehet\u00fcnk k\u00fcl\u00f6nb\u00f6z\u0151ek, de ha emberi m\u00f3don gondolkodunk, megtal\u00e1ljuk a k\u00f6z\u00f6s nevez\u0151t.<br \/>\nMire gondolok&#8230;?<br \/>\n1970 j\u00fanius\u00e1ban \u00e9rkeztem Boszni\u00e1ba. \u00c9rkez\u00e9sem ut\u00e1n p\u00e1r nappal meghalt egyik technikusn\u0151m \u2013 muzulm\u00e1n &#8211; \u00e9desapja. Term\u00e9szetesen a temet\u00e9sen ott voltam. A mecset udvar\u00e1ban az egyik sarokban gy\u00fclekeztek a tiszteletad\u00f3k, az udvar eg\u00e9szen m\u00e1sik r\u00e9sz\u00e9n a ravataloz\u00f3 \u2013 ott senki. Kereszt\u00e9ny szok\u00e1s szerint \u2013 bel\u00e9ptem, elmormoltam egy miaty\u00e1nkot \u00e9s\u2026 Sosem felejtem el a r\u00e1m z\u00fadul\u00f3 tekintetekb\u0151l ered\u0151 megr\u00f6k\u00f6ny\u00f6d\u00e9st. Temet\u00e9s ut\u00e1n megmagyar\u00e1zt\u00e1k: a muzulm\u00e1n vall\u00e1s szerint, a halott nyugalm\u00e1t nem szabad megzavarni. Megmagyar\u00e1zt\u00e1k \u2013 gesztusomat nem vette senki zokon: tudt\u00e1k, m\u00e1s vid\u00e9kr\u0151l j\u00f6v\u00f6k\u2026<br \/>\nNem vagyok vall\u00e1sos, de m\u00e9lyen tisztelem \u00e9s magam\u00e9nak tudom a Kar\u00e1csony, a H\u00fasv\u00e9t \u2026 egy\u00e1ltal\u00e1n az \u00fcnnepek magasztoss\u00e1g\u00e1t. Ezek szerint valamilyen m\u00f3don m\u00e9gis vall\u00e1sos vagyok?<br \/>\n\u00c9s blogom olvas\u00f3it Kar\u00e1csonykor, H\u00fasv\u00e9tkor k\u00fcl\u00f6n, alkalmi ford\u00edt\u00e1sokkal is k\u00f6sz\u00f6nt\u00f6m.<br \/>\n<a href=\"https:\/\/feherilles.blogspot.com\/search\/label\/Archaikus%20n%C3%A9pi%20im%C3%A1ds%C3%A1g%20%E2%80%93%20Arhai%C4%8Dna%20ma%C4%91arska%20narodna%20molitva\">https:\/\/feherilles.blogspot.com\/search\/label\/Archaikus%20n%C3%A9pi%20im%C3%A1ds%C3%A1g%20%E2%80%93%20Arhai%C4%8Dna%20ma%C4%91arska%20narodna%20molitva<\/a><\/p>\n<p>\u00cdme egy p\u00e9lda alkalmi ford\u00edt\u00e1sra:<\/p>\n<p><em><strong>Archaikus n\u00e9pi im\u00e1ds\u00e1g<\/strong><\/em><\/p>\n<p>***<\/p>\n<p>\u00c9gen megy egy kis mad\u00e1r,<br \/>\nSz\u00e1rnya alatt szent \u00f3t\u00e1r,<br \/>\nSzent \u00f3t\u00e1rban igaz sz\u0171z,<br \/>\nIgaz sz\u0171zbe sz\u0171z M\u00e1ria,<br \/>\nK\u00e9rdi ki h\u00e1za?<br \/>\nSzent Benedek k\u00f3rh\u00e1za,<br \/>\nAz \u00e9n h\u00e1zamnak k\u0171,s\u0171 fala vas ajtaja<br \/>\nT\u00f6mj\u00e9n az ablaka,<br \/>\nAz ajt\u00f3mban n\u00e9gy sz\u00e9p \u0151rz\u0151 angyal van,<br \/>\n\u0150rizzetek szent angyalok,<br \/>\nForogjatok szent keresztek,<br \/>\nM\u00e1ri\u00e1nak kebelibe,<br \/>\nKrisztusnak mark\u00e1ba,<br \/>\nSzent J\u00e1nosnak \u00e1ld\u00e1s\u00e1ba \u00e1ltal, \u00e1ment.<\/p>\n<p>\u00c9s egy \u00fajabb p\u00e9lda:<\/p>\n<p><a href=\"https:\/\/feherilles.blogspot.com\/2019\/04\/jasz-attila-nagycsutortok-delben.html\">https:\/\/feherilles.blogspot.com\/2019\/04\/jasz-attila-nagycsutortok-delben.html<\/a><\/p>\n<p><em><strong>J\u00e1sz Attila: [NAGYCS\u00dcT\u00d6RT\u00d6K D\u00c9LBEN. Zajnapl\u00f3]<\/strong><\/em><\/p>\n<p style=\"padding-left: 80px;\"><em>Fausztina N\u0151v\u00e9rrel a Hegyen, Lovasi A-nak<\/em><\/p>\n<p>Nem akartunk sehova menni, csak b\u00e9k\u00e9t, nyugalmat<br \/>\n\u00e9lvezni a naps\u00fct\u00e9sben, feh\u00e9rszirm\u00fa meggy- \u00e9s<br \/>\ncseresznyef\u00e1k k\u00f6z\u00f6tt, Dsid\u00e1t olvasni a napon, vagy<br \/>\nnem olvasni, felh\u0151k alakjaib\u00f3l t\u00f6rt\u00e9neteket kital\u00e1lni,<\/p>\n<p>de minden szomsz\u00e9d a hegyen \u00fagy gondolta aznap,<br \/>\nmindenki csak minket zaklat, tereprendez\u00e9s<br \/>\nszemben a dombon, az \u00f3ri\u00e1stuj\u00e1k m\u00f6g\u00f6tt g\u00e9pek<br \/>\nberregnek, hi\u00e1ba hall\u00e1sk\u00e1r, nem seg\u00edt m\u00e1r, k\u00e1r, k\u00e1r, k\u00e1r,<\/p>\n<p>h\u00e1t akkor bet\u00f6mj\u00fck a f\u00fcl\u00fcnket a teraszon dug\u00f3s<br \/>\nf\u00fclhallgat\u00f3val, \u00e9s indulhat is a T\u0171zij\u00e1t\u00e9k d\u00e9lben,<br \/>\nmert d\u00e9l volt \u00e9ppen, \u00e9s megnyugodtunk v\u00e9gre,<br \/>\ntett\u00fcnk valamit mi is a zaj \u00e9rdek\u00e9ben, \u00e9s akkor<\/p>\n<p>elhallgatott minden, vagy csak a zene sz\u00f3lt m\u00e1r, \u00e9s<br \/>\nelaludtunk hirtelen a napon, a nyug\u00e1gyban nagyon,<br \/>\nvel\u00fcnk P\u00e9ter, J\u00e1nos, Jakab, M\u00e1t\u00e9, mind, kicsit m\u00e9g \u0150 is lepihen,<br \/>\nmiel\u0151tt indul, \u00e9s kezd\u0151dik az a r\/\u00e9gi v\u00e9res zajoz\u00e1s mindj\u00e1rt.<\/p>\n<p>J\u00e1sz Attila vers\u00e9ben is megjelenik a v\u00e9r\u2026<\/p>\n<p>Mindenkinek \u00e1ldott H\u00fasv\u00e9ti \u00dcnnepeket k\u00edv\u00e1nok a felt\u00e1mad\u00e1s rem\u00e9ny\u00e9ben!<\/p>\n<p><em>*A mail-interj\u00fa \u00e1prilis h\u00f3napban k\u00e9sz\u00fclt, napj\u00e1ra egy k\u00e9rd\u00e9s-egy v\u00e1lasz jutott, ez a k\u00e9rd\u00e9s-felelet \u00e9ppen H\u00fasv\u00e9t napj\u00e1n fogalmaz\u00f3dott meg<\/em><br \/>\n<em>** Lothar Meyer<\/em><\/p>\n<hr \/>\n<p><em>13. k\u00e9rd\u00e9s,<\/em><br \/>\n<em>Tulajdonk\u00e9ppen csak r\u00e9szben v\u00e1laszolt\u00e1l a k\u00e9rd\u00e9semre, a vall\u00e1soss\u00e1gra terel\u0151d\u00f6tt a figyelem. Hadd konkretiz\u00e1ljak h\u00e1t: annyi jugoszl\u00e1viai nyomor\u00fas\u00e1g ut\u00e1n \u00e9l-e a rem\u00e9ny a mag\u00e1nember \u00e9s a m\u0171ford\u00edt\u00f3 Feh\u00e9r Ill\u00e9sben meg az \u00e1ltala v\u00e1lasztott k\u00f6lt\u0151kben arra, hogy lehet \u00e9rtelmes, tartalmas \u00e9letet \u00e9lni azon a f\u00f6ld\u00f6n?<\/em><\/p>\n<p>S\u00falyos k\u00e9rd\u00e9s ut\u00e1n ism\u00e9t s\u00falyos v\u00e1lasz k\u00f6vetkezik.<br \/>\nAz elej\u00e9r\u0151l kezdem: amire gyerekkoromb\u00f3l eml\u00e9kszem (att\u00f3l f\u00fcggetlen\u00fcl, hogy gyerekkoromra sz\u00edvesen gondolok vissza \u2013 err\u0151l tal\u00e1n m\u00e1skor), az a mindennapi keny\u00e9r\u00e9rt val\u00f3 k\u00fczdelem\u2026 1948 tel\u00e9n skarl\u00e1ttal h\u00f3napokig fek\u00fcdtem az \u00e1gyban, csak \u00e9ppen sehogy sem m\u00falott el. Ap\u00e1m gy\u00f3gyszer\u00e9sz l\u00e9v\u00e9n, beszerezte az akkor m\u00e9g szinte ismeretlen penicillint \u00e9s \u2013 \u00fagyis meg fog halni, pr\u00f3b\u00e1ljuk ki felki\u00e1lt\u00e1ssal \u2013 bel\u00e9m d\u00f6fk\u00f6dt\u00e9k. P\u00e1r napra r\u00e1 m\u00e1r bukfenceztem, \u00e1m akkor kider\u00fclt: a skarl\u00e1t mellett siker\u00fclt a t\u00edfuszt is \u00f6sszeszednem. Ami ebben a mes\u00e9ben l\u00e9nyeges: az ablak el\u0151tt fek\u00fcdtem, \u00f3r\u00e1kig b\u00e1multam a vel\u00fcnk szemben l\u00e9v\u0151 gy\u00f3gyszert\u00e1r felirat\u00e1t: Apoteka \u00e9s oda-vissza hajtottam: a ka eka teka oteka poteka apoteka. A mai napig \u00e9l\u2026 \u00e9s \u2013 mert utc\u00e1nkon kereszt\u00fcl is el lehetett jutni a vas\u00fat\u00e1llom\u00e1sig \u2013 sz\u00edvszorongva a \u201estr\u00e1fkocsikra\u201d felpakolt zsid\u00f3 csal\u00e1dok vonul\u00e1s\u00e1t. T\u00f6meges kiteleped\u00e9s\u00fck abban az id\u0151ben zajlott\u2026 Az a szomor\u00fa menetel\u00e9s is el\u0151ttem van.<\/p>\n<p>Ahogy az \u00e9retts\u00e9gi fel\u00e9 haladtam, egyre k\u00f6nnyebben \u00e9lt\u00fcnk \u00e9s nem volt k\u00e9rd\u00e9ses: mehetek az egyetemre. S\u0151t, az egyetem elv\u00e9gz\u00e9se ut\u00e1n tanulm\u00e1nyaimat a magiszteri fokozaton (ma PHd) is folytathattam \u2013 igaz: \u00f6szt\u00f6nd\u00edjask\u00e9nt, de folytathattam. 1964-ben diplom\u00e1ztam, ap\u00e1m akkor azt mondta: \u201eFiam \u2013 \u00e9n m\u00e1r nem \u00e9rem meg, hogy aut\u00f3d legyen, de sz\u00edvb\u0151l k\u00edv\u00e1nom \u2013 legyen.\u201d Lett. M\u00e1r 1969-ben. Skoda 1000 MB.<br \/>\nA hatvanas \u00e9vek k\u00f6zep\u00e9t\u0151l rohamosan emelkedett az \u00e9letsz\u00ednvonal. J\u00f3l \u00e9reztem magamat Jugoszl\u00e1vi\u00e1ban \u2013 az orsz\u00e1got magam\u00e9nak tudtam. Annyira, hogy 1972-ben m\u00e9g a Fulbright \u00f6szt\u00f6nd\u00edjr\u00f3l is lemondtam. Mert: ha kimegyek \u00e9s megszokom a magasabb \u00e9letsz\u00ednvonalat, nem fogok visszaj\u00f6nni, de ott sosem fogom otthon \u00e9rezni magamat. \u00cdgy \u00e9n. Otthon \u00e9rezni magamat \u2013 ez a l\u00e9nyeg.<\/p>\n<p>1980. m\u00e1jus 4. \u2013 Tito hal\u00e1la. Az orsz\u00e1g siratta. Nem tudtuk, hogy vele egy\u00fctt azt az orsz\u00e1got, melyet szeret\u00fcnk \u2013 Jugoszl\u00e1vi\u00e1t \u2013 is sirattuk.<\/p>\n<p>1991-ben a nemzetis\u00e9gi alapon egym\u00e1st gy\u0171l\u00f6l\u0151 politikusoknak k\u00f6sz\u00f6nhet\u0151en kirobbant a t\u00edz \u00e9ven kereszt\u00fcl puszt\u00edt\u00f3 d\u00e9lszl\u00e1v polg\u00e1rh\u00e1bor\u00fa. \u00c1t kellett \u00e9lni a le\u00edrhatatlan mozg\u00f3s\u00edt\u00e1si szorong\u00e1st\u2026 Hogy \u201enem vittek el\u201d, egy bennfentes j\u00f3akar\u00f3mnak k\u00f6sz\u00f6nhetem. P\u00e1r perccel (a sz\u00f3 legszorosabb \u00e9rtelm\u00e9ben) a mozg\u00f3s\u00edt\u00e1si parancs k\u00e9zbes\u00edt\u00e9se el\u0151tt telefon\u00e1lt\u2026 el is t\u0171ntem. Katonasz\u00f6kev\u00e9nyk\u00e9nt bujdostam \u2013 m\u00edg az Eg\u00e9szs\u00e9g\u00fcgyi k\u00f6zpont el nem int\u00e9zte: nyugodtan hazamehetek, a beh\u00edv\u00f3 helyett munkahelyem v\u00e1r. M\u00e9g \u00e1t kellett \u00e9lnem a hiperinfl\u00e1ci\u00f3 korszak\u00e1t, amikor \u00f3r\u00e1nk\u00e9nt zuhant a p\u00e9nz \u00e9rt\u00e9ke, fizet\u00e9sem mintegy 10 DM volt. 1994 december\u00e9ben h\u00e1rom: 11, 25, illetve 115 DM-et p\u00e9nzt tartalmaz\u00f3 bor\u00edt\u00e9kot tettem az asztalra. Hazavittem a fizet\u00e9semet, b\u00e9lyeggy\u0171jt\u0151k\u00e9nt \u201esefteltem\u201d \u00e9s a gy\u00fcm\u00f6lcs\u00f6s\u00f6mben kif\u0151z\u00f6tt p\u00e1link\u00e1b\u00f3l adtam el. Fizet\u00e9sem 11 DM-ot \u00e9rt. Tulajdonk\u00e9ppen a gy\u00fcm\u00f6lcs\u00f6sb\u0151l \u00e9lt\u00fcnk \u2013 \u00e9vente kb. 450 liter p\u00e1link\u00e1t f\u0151ztem ki. Nesze neked, tudom\u00e1nyok doktora\u2026<\/p>\n<p>Ezeket az \u00e9veket nem lehet feledni, de szerencs\u00e9re m\u00f6g\u00f6tt\u00fcnk vannak. Meg volt h\u00e1rom f\u00e9lresiker\u00fclt h\u00e1zass\u00e1gom is. 2005-ben, \u00e9letem alkony\u00e1n tal\u00e1lkoztam Asszonyk\u00e1mmal \u2013 azzal az asszonnyal, akir\u0151l mindig \u00e1lmodtam. 2010-t\u0151l vagyunk hivatalosan is h\u00e1zasok, v\u00e1llvetve t\u00e1mogatjuk egym\u00e1st, a lehet\u0151s\u00e9gekhez k\u00e9pest nyugodtan, anyagi gondok n\u00e9lk\u00fcl \u00e9l\u00fcnk. Ezt a jelenleg Szerbi\u00e1ban uralkod\u00f3 ar\u00e1nylag nyugodt k\u00f6r\u00fclm\u00e9nyeknek is k\u00f6sz\u00f6nhetj\u00fck.<\/p>\n<p>K\u00e9rded: lehet-e \u00e9rtelmes, tartalmas \u00e9letet \u00e9lni azon a f\u00f6ld\u00f6n?<br \/>\nHa nagyon akarsz: igen.<\/p>\n<p>2001-t\u0151l 2010-ig mint kutat\u00f3. k\u00f6rnyezetv\u00e9delemmel foglalkoztam, nemzetk\u00f6zi kutat\u00f3csoportot vezettem \u2013 a Tisza \u00f6kol\u00f3giai rendszer\u00e9t tanulm\u00e1nyoztuk. 4 \u00e9ven kereszt\u00fcl a MTA Arany J\u00e1nos Alap\u00edtv\u00e1ny\u00e1nak, 6 \u00e9ven kereszt\u00fcl pedig a Vajadas\u00e1gi V\u00e9grehajt\u00f3 Tan\u00e1cs Tudom\u00e1nyos titk\u00e1rs\u00e1g\u00e1nak k\u00f6sz\u00f6nhet\u0151en. 2010-ben, nyugd\u00edjba vonul\u00e1somkor a munka abbamaradt.<\/p>\n<p>L\u00e1thatod, a k\u00f6ltem\u00e9nyek mindennapos \u00fatit\u00e1rsaim, tavaly decemberben jelent meg az \u00f6t\u00f6dik k\u00e9tnyelv\u0171 ford\u00edt\u00e1sk\u00f6tetem, tarsolyomban tov\u00e1bbi tervek\u2026<\/p>\n<p>Mindennek ellen\u00e9re, nagyon halkan megjegyzem: ha ma lenn\u00e9k 31 \u00e9ves \u2013 a Fulbright \u00f6szt\u00f6nd\u00edjat nem utas\u00edtan\u00e1m el.<\/p>\n<p><em><strong>K\u00e9rdezett: Gergely Tam\u00e1s<\/strong><\/em><\/p>\n<p><em>(Folytatjuk)<\/em><\/p>\n<p>A mamut-interj\u00fa eddig megjelent r\u00e9szei:<\/p>\n<p>1. <a href=\"https:\/\/ujkafe.website\/?p=89566\">\u201eMegmenteni az ismeretleneket\u201c<\/a><br \/>\n2. \u201e<a href=\"https:\/\/ujkafe.website\/?p=89634\">Saj\u00e1t \u00f6r\u00f6m\u00f6mre teszem<\/a>\u201c<br \/>\n3. <a href=\"https:\/\/ujkafe.website\/?p=89695\">\u201eSzerelmemnek nevezett\u201c<\/a><br \/>\n4. <a href=\"https:\/\/ujkafe.website\/?p=89750\">Banka Luka azaz Orb\u00e1szv\u00e1r<\/a><br \/>\n5. <a href=\"https:\/\/ujkafe.website\/?p=89832#more-89832\">\u201e\u00e9n lenni pap\u201c<\/a><\/p>\n","protected":false},"excerpt":{"rendered":"<p>Mamut mail-interj\u00fa Feh\u00e9r Ill\u00e9ssel \/ 6. r\u00e9sz K\u00e9rdezett arr\u00f3l besz\u00e9l, hogy nem vall\u00e1sos, de tiszteli az \u00fcnnepek magasztoss\u00e1g\u00e1t&#8230; Elkapja a skarl\u00e1tot, majd a t\u00edfuszt, de meg\u00e9l&#8230; Lemond a Fulbright \u00f6szt\u00f6nd\u00edjr\u00f3l\u2026. 12. k\u00e9rd\u00e9s: H\u00fasv\u00e9t k\u00f6zeledik*, emelkedett hang\u00fa h\u00e1t a k\u00e9rd\u00e9s: a versekben, amelyekr\u0151l eddig sz\u00f3 volt, mintha nem tal\u00e1ln\u00e1m J\u00e9zust, azaz a felt\u00e1mad\u00e1st. Ink\u00e1bb csak h\u00e1bor\u00fa [&hellip;]<\/p>\n","protected":false},"author":3,"featured_media":0,"comment_status":"open","ping_status":"open","sticky":false,"template":"","format":"standard","meta":{"_monsterinsights_skip_tracking":false,"_monsterinsights_sitenote_active":false,"_monsterinsights_sitenote_note":"","_monsterinsights_sitenote_category":0,"ngg_post_thumbnail":0,"footnotes":""},"categories":[122],"tags":[],"class_list":["post-89877","post","type-post","status-publish","format-standard","hentry","category-interju"],"_links":{"self":[{"href":"https:\/\/ujkafe.website\/index.php?rest_route=\/wp\/v2\/posts\/89877","targetHints":{"allow":["GET"]}}],"collection":[{"href":"https:\/\/ujkafe.website\/index.php?rest_route=\/wp\/v2\/posts"}],"about":[{"href":"https:\/\/ujkafe.website\/index.php?rest_route=\/wp\/v2\/types\/post"}],"author":[{"embeddable":true,"href":"https:\/\/ujkafe.website\/index.php?rest_route=\/wp\/v2\/users\/3"}],"replies":[{"embeddable":true,"href":"https:\/\/ujkafe.website\/index.php?rest_route=%2Fwp%2Fv2%2Fcomments&post=89877"}],"version-history":[{"count":0,"href":"https:\/\/ujkafe.website\/index.php?rest_route=\/wp\/v2\/posts\/89877\/revisions"}],"wp:attachment":[{"href":"https:\/\/ujkafe.website\/index.php?rest_route=%2Fwp%2Fv2%2Fmedia&parent=89877"}],"wp:term":[{"taxonomy":"category","embeddable":true,"href":"https:\/\/ujkafe.website\/index.php?rest_route=%2Fwp%2Fv2%2Fcategories&post=89877"},{"taxonomy":"post_tag","embeddable":true,"href":"https:\/\/ujkafe.website\/index.php?rest_route=%2Fwp%2Fv2%2Ftags&post=89877"}],"curies":[{"name":"wp","href":"https:\/\/api.w.org\/{rel}","templated":true}]}}