
{"id":90480,"date":"2020-06-01T02:58:33","date_gmt":"2020-06-01T02:58:33","guid":{"rendered":"https:\/\/ujkafe.website\/?p=90480"},"modified":"2020-05-31T13:22:20","modified_gmt":"2020-05-31T13:22:20","slug":"para-olga-szerepcsere","status":"publish","type":"post","link":"https:\/\/ujkafe.website\/?p=90480","title":{"rendered":"Para Olga: Szerepcsere"},"content":{"rendered":"<p>Minden rosszban van valami j\u00f3, most a karant\u00e9nban mama is visszakapta kis iskol\u00e1s unok\u00e1j\u00e1t, ha a val\u00f3s\u00e1gban nem, de virtu\u00e1lisan egy\u00fctt lehettek ak\u00e1r eg\u00e9sz nap, mert a sz\u00fcl\u0151k online oktat\u00e1sban oktattak, \u00e9s nagyon el voltak foglalva. J\u00f3 m\u00f3ka volt, mert az unoka kedv\u00e9\u00e9rt, most mindent ford\u00edtva kellett csin\u00e1lni, a mama lett a kis nebul\u00f3, aki h\u0171s\u00e9gesen vedlett \u00e1t gyerekk\u00e9, hisz ez m\u00e1r nem is oly neh\u00e9z a m\u00e1sodik gyerekkorban, \u00e9s az eg\u00e9sz \u00e9lvezetes volt.<br \/>\nAz unoka lett a tan\u00edt\u00f3 b\u00e1csi.<!--more--><br \/>\nAz els\u0151 \u00f3ra rajz\u00f3ra volt. Legel\u0151bb \u00edgy \u00f3vod\u00e1ss\u00e1 vedlett a mama, de a Paint rajzprogramba rajzolnia oly neh\u00e9znek t\u0171nt neki, mintha csakugyan h\u00e1rom \u00e9veske lenne, j\u00f3l sz\u00f3rakozott rajta a tan\u00edt\u00f3 b\u00e1csija\u2026<br \/>\n&#8211; H\u00e1t ez mi? Rajzolj egy fejet, megmutatom, hogyan kell!<br \/>\nMama h\u0171s\u00e9gesen pr\u00f3b\u00e1lkozott, de nagyon id\u00e9tlenre siker\u00fclt, a szemek igen kicsik lettek, az orr \u00f3ri\u00e1si, sz\u00e1j el\u00e9gg\u00e9 form\u00e1s, de haj semmi, kopasz.<br \/>\n&#8211; F\u00fcle?<br \/>\n&#8211; T\u00e9nyleg, elfelejtettem, de hamar rajzolom, most, j\u00f3?<br \/>\n&#8211; Mondjuk\u2026<br \/>\n&#8211; Tal\u00e1n most kicsit szebb lett, de el\u00e9g lehetetlen, fura mesefigura kerekedett ki a rajzom nyom\u00e1n &#8211; magyar\u00e1zza mami, de m\u00e1ris \u00fajabb feladatot kap:<br \/>\n&#8211; Adj\u00e1l nevet neki!<br \/>\n&#8211; J\u00f3, j\u00f3! -lelkendezett mama .<br \/>\n&#8211; J\u00f3fej\u0171 Ferk\u00f3! \u2013 ez a neve, ez j\u00f3, Kincsem &#8211; bocs\u00e1nat, Tan\u00edt\u00f3 b\u00e1csi k\u00e9rem -, a n\u00e9v m\u00e1r kiss\u00e9 besz\u00e9l is, jellemzi a figur\u00e1mat.<br \/>\n&#8211; Val\u00f3ban. J\u00f3, elfogadom &#8211; felelt szigor\u00faan a tan\u00edt\u00f3. Azt\u00e1n \u00fajabb feladat k\u00f6vetkezett:<br \/>\n&#8211; Most besz\u00e9ltessed, l\u00e1ssuk, tud-e?<br \/>\n&#8211; Jaj, jaj, h\u00e1t duruzsol a f\u00fclembe, de egy sz\u00f3t sem \u00e9rtek, angolul, n\u00e9met\u00fcl, de arra k\u00e9rem, hogy besz\u00e9ljen a mi sz\u00e9p anyanyelv\u00fcnk\u00f6n, ha tud. K\u00e9pzeld, azt felelte, hogy a vil\u00e1g minden nyelv\u00e9n tud, de a kedvem\u00e9rt most az \u00e9des anyanyelvemen sz\u00f3l hozz\u00e1m, csuda \u00e9rtelmesen, val\u00f3ban, k\u00e1r, hogy te nem hallhatod, Kincsem!<br \/>\nVal\u00f3ban k\u00e1r, hogy csak \u00e9n \u00e9rtem meg, elv\u00e9gre is az \u00e9n figur\u00e1m, \u00e9n rajzoltam, ez\u00e9rt. Igen \u00e1m, de megelevenedett, \u00e9s m\u00e1r itt t\u00e1ncol el\u0151ttem, \u00e9s k\u00e9pzeld, miket \u00e1ll\u00edt mag\u00e1r\u00f3l! Csakhogy az \u00e9n t\u00e9rfelemen van, az\u00e9rt nem l\u00e1thatod te, \u00e9s azt mind magyar\u00e1zza nekem, hogy nem is \u00e9n tal\u00e1ltam ki, mert \u0151 m\u00e1r l\u00e9tezett a Meseorsz\u00e1gban is, \u00e9s most megjelent, s hadarta:<br \/>\n\u201e\u00cdme, itt vagyok, ilyen vagyok, de csak l\u00e1tszatra cs\u00fany\u00e1cska, mert bel\u00fcl van a l\u00e9lek sz\u00e9ps\u00e9ge, ez els\u0151 l\u00e1t\u00e1sra nem t\u0171nik fel, de ha megsz\u00f3lalok, az okos szavaimt\u00f3l egyre szebb\u00e9 v\u00e1lok, \u00e9s \u00e9n vagyok a legokosabb is a Mes\u00e9k Birodalm\u00e1ban!\u201d<br \/>\n\u2026No, m\u00e9g azt is megs\u00fagja, hogy \u0151 igenis nem ak\u00e1rki, hanem a mes\u00e9k legokosabb Var\u00e1zsl\u00f3ja, \u00e9s sz\u00e1m\u00e1ra nincs lehetetlen. Ki lehet pr\u00f3b\u00e1lni! \u00c9s ha m\u00e1r megeleven\u00edtett\u00fck, \u0151 szolg\u00e1latunkra el\u0151\u00e1llt, \u00e9s teljes\u00edti a k\u00edv\u00e1ns\u00e1gainkat, a k\u00edv\u00e1ns\u00e1glist\u00e1nk alapj\u00e1n azt\u00e1n kital\u00e1lja, kik is vagyunk val\u00f3j\u00e1ban, \u00e9rdemes-e vel\u00fcnk sz\u00f3ba \u00e1llnia\u2026<br \/>\n&#8211; Teh\u00e1t, el\u0151, toll, pap\u00edr, soroljuk fel a k\u00edv\u00e1ns\u00e1gainkat! Jaj, mit is \u00edrjak? Lehet, hossz\u00fa lesz a list\u00e1m, az nem baj?<br \/>\n&#8211; Nem, nem, csak \u00edrjad b\u00e1tran!<br \/>\nA mama kuncog mag\u00e1ban, mert a kis unoka most m\u00e1r j\u00f3 kedvvel, sz\u00edvvel-l\u00e9lekkel nekifog -j\u00f3 kis \u00edr\u00e1sgyakorlat\u2026-.<br \/>\n&#8211; Ez roppant \u00e9rdekes, most gyorsan \u00edrjunk! De j\u00f3 sok csokit k\u00e9rek legel\u0151bb!<br \/>\n-Jaj, vigy\u00e1zzunk, kicsi tan\u00edt\u00f3 b\u00e1csi, h\u00e1tha a helyes\u00edr\u00e1s is sz\u00e1m\u00edt neki!<br \/>\nElolvass\u00e1k mindk\u00e9t list\u00e1t, \u00e9s a mama sz\u00e1nd\u00e9kosan ejtett hib\u00e1it a tan\u00edt\u00f3 b\u00e1csi \u00e9lvezettel fedezi fel, megr\u00f3ja a tanul\u00f3t:<br \/>\n&#8211; A sz\u00f3 elej\u00e9n a j\u00e9g sz\u00f3ban pontos j van, nem tanultad meg a szab\u00e1lyt?<br \/>\n&#8211; Jaj, t\u00e9nyleg, bocs\u00e1nat, pedig m\u00e9g azt is tudom, mi a kiv\u00e9tel.<br \/>\n&#8211; H\u00e1t a lyuk sz\u00f3 \u00e9s sz\u00e1rmaz\u00e9kai &#8211; magyar\u00e1zza b\u00fcszk\u00e9n az \u00fajdons\u00fclt tan\u00edt\u00f3 b\u00e1csi.<br \/>\n-Igaz, Kincsem, de siess\u00fcnk, mert s\u00fcrget a figura Ferk\u00f3, megadta a e-mail c\u00edm\u00e9t, erre k\u00fcldj\u00fck a list\u00e1nkat.<br \/>\n\u201elegokosabb Ferko@gmail.com\u201d<br \/>\n\u00c9s csatolva k\u00fcldj\u00fck, de aj\u00e1nd\u00e9kk\u00e9nt v\u00e1r egy nagyon sz\u00e9p rajzot is \u00e1m, de sz\u00ednes legyen \u00e9s nagyon sz\u00e9p!- tolm\u00e1csolja mama m\u00e9g a k\u00e9r\u00e9s\u00e9t.<br \/>\n&#8211; Nah\u00e1t, akkor most rajzoljunk, l\u00e1ssuk, sz\u00e9pnek tal\u00e1lja -e Ferk\u00f3! \u00c9n egy \u0171rhaj\u00f3t rajzolok.<br \/>\nMama el\u0151bb tan\u00e1cstalan, azt\u00e1n lerajzolja a vir\u00e1goskertje legszebb vir\u00e1gait.<br \/>\nMegy a munka, k\u00f6zben d\u00fadolnak \u00e9s rajzolnak, a rajzok is hamar elk\u00e9sz\u00fclnek.<br \/>\nEl is k\u00fcldik Ferk\u00f3nak. T\u00fcrelmetlen\u00fcl f\u00e9szkel\u0151dik a tan\u00edt\u00f3 b\u00e1csi, de hogy gyorsan teljenek a v\u00e1rakoz\u00e1s percei, mami a tan\u00edt\u00f3 b\u00e1csinak ezt mondja:<br \/>\n&#8211; Olvassak egy mes\u00e9t, amit nem ismer a tan\u00edt\u00f3 b\u00e1csi?<br \/>\n&#8211; Igen, igen!<br \/>\n-J\u00f3. A c\u00edme: A fest\u0151doboz (Marcel Aym\u00e9), francia mese..<br \/>\n&#8211; H\u00e1t persze, de sz\u00e9pen, hangosan!<br \/>\nMost mama mint kisdi\u00e1k olvas, a vil\u00e1girodalom egyik legszebb mes\u00e9j\u00e9t .<br \/>\n\u2014 Nah\u00e1t, ezt csakugyan nem ismertem, nagyon j\u00f3! &#8211; b\u00f3logat elismer\u0151leg a a tan\u00edt\u00f3 b\u00e1csi.<br \/>\nBelefelejtkeznek a mes\u00e9be mindketten, \u00e9pp mire a v\u00e9g\u00e9re \u00e9rnek, meg\u00e9rkezik a vill\u00e1mpost\u00e1n az \u00fczenet.<br \/>\n&#8211; Tan\u00edt\u00f3 b\u00e1csi, megj\u00f6tt az \u00fczenet!<br \/>\n&#8211; Hamar olvasd fel!<br \/>\n&#8211; H\u0171, milyen sz\u00e9p \u00edr\u00e1s, no olvasom:<br \/>\n\u201eNAGY DICS\u00c9RET A KICSI TAN\u00edT\u00d3 B\u00c1CSINAK ! \u201e \u2013csupa nagy bet\u0171kkel &#8211; a j\u00f3 magaviselet\u00e9rt, a nagyon j\u00f3 helyes\u00edr\u00e1s\u00e9rt! De az aj\u00e1nd\u00e9kok\u00e9rt m\u00e9g a k\u00f6vetkez\u0151 napokban is szorgalmasan kell dolgozni, \u00edrni, sz\u00e1molni, rajzolni. De annyit m\u00e1r most el\u00e1rulhatok, hogy olyan j\u00f3l siker\u00fclt az \u0171rhaj\u00f3, hogy m\u00e1r ki is pr\u00f3b\u00e1ltam, mert bev\u00e1lt a titkos var\u00e1zssz\u00f3m, \u00e9s \u00e1tv\u00e1ltozott igaziv\u00e1! Szuper volt a sz\u00e1guld\u00e1s vele, \u00d6csk\u00f6s! K\u00f6sz\u00f6n\u00f6m, mondd meg neki, Nagyany\u00f3! Ha j\u00f3 lesz, m\u00e1skor is meg\u00f6rvendeztetlek jelenl\u00e9temmel, mert szimpatikus kis unok\u00e1d van, Mami!<br \/>\n&#8211; De j\u00f3, de j\u00f3, nagyon j\u00f3 volt, mami, holnap is sz\u00edvesen leszek a tan\u00edt\u00f3 b\u00e1csid!<br \/>\n&#8211; Akkor holnap folytatjuk, Kincsem\u2026 Aludj j\u00f3l!<br \/>\nK\u00fcld\u00f6k egy virtu\u00e1lis j\u00f3\u00e9jt puszit!<\/p>\n<p><em>(Sepsiszentgy\u00f6rgy, 2020. m\u00e1jus 30.)<\/em><\/p>\n","protected":false},"excerpt":{"rendered":"<p>Minden rosszban van valami j\u00f3, most a karant\u00e9nban mama is visszakapta kis iskol\u00e1s unok\u00e1j\u00e1t, ha a val\u00f3s\u00e1gban nem, de virtu\u00e1lisan egy\u00fctt lehettek ak\u00e1r eg\u00e9sz nap, mert a sz\u00fcl\u0151k online oktat\u00e1sban oktattak, \u00e9s nagyon el voltak foglalva. J\u00f3 m\u00f3ka volt, mert az unoka kedv\u00e9\u00e9rt, most mindent ford\u00edtva kellett csin\u00e1lni, a mama lett a kis nebul\u00f3, aki [&hellip;]<\/p>\n","protected":false},"author":3,"featured_media":0,"comment_status":"open","ping_status":"open","sticky":false,"template":"","format":"standard","meta":{"_monsterinsights_skip_tracking":false,"_monsterinsights_sitenote_active":false,"_monsterinsights_sitenote_note":"","_monsterinsights_sitenote_category":0,"ngg_post_thumbnail":0,"footnotes":""},"categories":[7],"tags":[],"class_list":["post-90480","post","type-post","status-publish","format-standard","hentry","category-novella"],"_links":{"self":[{"href":"https:\/\/ujkafe.website\/index.php?rest_route=\/wp\/v2\/posts\/90480","targetHints":{"allow":["GET"]}}],"collection":[{"href":"https:\/\/ujkafe.website\/index.php?rest_route=\/wp\/v2\/posts"}],"about":[{"href":"https:\/\/ujkafe.website\/index.php?rest_route=\/wp\/v2\/types\/post"}],"author":[{"embeddable":true,"href":"https:\/\/ujkafe.website\/index.php?rest_route=\/wp\/v2\/users\/3"}],"replies":[{"embeddable":true,"href":"https:\/\/ujkafe.website\/index.php?rest_route=%2Fwp%2Fv2%2Fcomments&post=90480"}],"version-history":[{"count":0,"href":"https:\/\/ujkafe.website\/index.php?rest_route=\/wp\/v2\/posts\/90480\/revisions"}],"wp:attachment":[{"href":"https:\/\/ujkafe.website\/index.php?rest_route=%2Fwp%2Fv2%2Fmedia&parent=90480"}],"wp:term":[{"taxonomy":"category","embeddable":true,"href":"https:\/\/ujkafe.website\/index.php?rest_route=%2Fwp%2Fv2%2Fcategories&post=90480"},{"taxonomy":"post_tag","embeddable":true,"href":"https:\/\/ujkafe.website\/index.php?rest_route=%2Fwp%2Fv2%2Ftags&post=90480"}],"curies":[{"name":"wp","href":"https:\/\/api.w.org\/{rel}","templated":true}]}}