
{"id":93500,"date":"2020-11-16T02:53:59","date_gmt":"2020-11-16T02:53:59","guid":{"rendered":"https:\/\/ujkafe.website\/?p=93500"},"modified":"2020-11-13T17:46:06","modified_gmt":"2020-11-13T17:46:06","slug":"impressziok-egy-verskotet-margojara","status":"publish","type":"post","link":"https:\/\/ujkafe.website\/?p=93500","title":{"rendered":"Impresszi\u00f3k \u2013 k\u00e9t r\u00e9szletben"},"content":{"rendered":"<p><em><strong>Debreczeny Gy\u00f6rgy: H\u00e1rom menetben, koll\u00e1zs n\u00e9lk\u00fcl<\/strong><\/em><\/p>\n<p><strong>Els\u0151 r\u00e9szlet<\/strong><\/p>\n<p><em>1. menet<\/em><\/p>\n<p><em><strong>Debreczeny Gy\u00f6rgy: a lila kab\u00e1tos h\u00f6lgy<\/strong><\/em><\/p>\n<p>a lila kab\u00e1tos h\u00f6lgy<br \/>\nott \u00e1llt a h\u00e1z el\u0151tt<br \/>\n\u00e9s cigarett\u00e1zott<!--more--><\/p>\n<p>a lila kab\u00e1tos h\u00f6lgy<br \/>\nott \u00e1llt \u00e9s cigarett\u00e1zott<br \/>\nm\u00f6g\u00f6tte a h\u00e1z<\/p>\n<p>a lila kab\u00e1tos h\u00f6lgy<br \/>\na h\u00e1z el\u0151tt \u00e1llt<br \/>\n\u00e9s ott cigarett\u00e1zott<\/p>\n<p>a h\u00e1z ott \u00e1llt<br \/>\na lila kab\u00e1tos h\u00f6lgy m\u00f6g\u00f6tt<br \/>\naki cigarett\u00e1zott<\/p>\n<p>a cigaretta a lila kab\u00e1tos<br \/>\nh\u00f6lgy sz\u00e1j\u00e1ban volt<br \/>\nott a h\u00e1z el\u0151tt<\/p>\n<p>a lila kab\u00e1tos cigaretta<br \/>\nott h\u00e1zalt a h\u00f6lgy el\u0151tt<br \/>\naki \u00e1llt<\/p>\n<p>a h\u00e1zon nem volt lila kab\u00e1t<br \/>\n\u00e9s nem cigarett\u00e1zott<br \/>\nm\u00e9gis ott el\u0151tte \u00e1llt a h\u00f6lgy<\/p>\n<hr \/>\n<p>Minden k\u00f6nyvre, olvasm\u00e1nyra r\u00e1 kell hangol\u00f3dni, ahhoz, hogy igaz\u00e1n \u00e9rt\u00e9kelhess\u00fck.<br \/>\nNekem az al\u00e1bbi esem\u00e9nyek seg\u00edtettek megfelel\u0151 lelki\u00e1llapotba ker\u00fclni a t\u00e9m\u00e1ul v\u00e1lasztott versesk\u00f6tethez.<\/p>\n<p><strong>1.<\/strong><br \/>\n\u00c1lmomban Nemes Levent\u00e9vel hahot\u00e1ztam, olyan j\u00f3\u00edz\u0171en, ahogy csak k\u00e9t kult\u00farember tud, akik \u00e9ppen megint belecs\u00f6m\u00f6rl\u00f6ttek a kisszer\u0171, megoldhatatlan anom\u00e1li\u00e1kba. \u00c1tj\u00f6tt hozz\u00e1nk \u00e9s a sz\u00e9tvert lak\u00e1somban helyretett valamit, neh\u00e9z k\u0151m\u0171vesmunk\u00e1val. \u00c9n nevetve nyitottam r\u00e1. \u2013 Fizetni szeretn\u00e9k! \u2013 mondtam. L\u00e1tva reag\u00e1l\u00e1s\u00e1t, t\u00e1tott sz\u00e1jjal, leesett \u00e1llal n\u00e9zett r\u00e1m, szeme csillogott \u00e1ll\u00edt\u00e1som k\u00e9ptelens\u00e9g\u00e9n a huncuts\u00e1gt\u00f3l, hozz\u00e1tettem: \u2013 De tudom, hogy nem fogadod eeel\u2026 \u2013 \u00e9s kirobbant bel\u0151l\u00fcnk az a nevet\u00e9s, aminek csak brancsbeliek ismerhetik az ok\u00e1t s az \u00edz\u00e9t.<\/p>\n<p><strong>2.<\/strong><br \/>\nElalv\u00e1s el\u0151tt a bar\u00e1tn\u0151mmel besz\u00e9lt\u00fcnk telefonon. Elmes\u00e9lte milyen hat\u00e1sok \u00e9rt\u00e9k a k\u00f6zelm\u00faltban, mindezt abban a hangnemben, amit sz\u00ednpadon haszn\u00e1lunk v\u00edgj\u00e1t\u00e9kban, felsz\u00ednes all\u0171r\u00f6kkel, s nekem olyan j\u00f3l esett nevetni a t\u00e9nyeken s az \u201eel\u0151ad\u00e1s\u00e1n\u201d is, mint r\u00e9gen, sz\u00edn\u00e9szkoromban, mikor a fesz\u00fclts\u00e9geket nagy nevet\u00e9sekkel oldottuk fel, kell\u0151 \u00f6ng\u00fannyal f\u0171szerezve.<\/p>\n<p><strong>3.<\/strong><br \/>\nA t\u00e9v\u00e9 Szt\u00e1rban szt\u00e1r-ban is \u00edgy szabadult el mindig a vid\u00e1m pokol a zs\u0171rivel Till Attila m\u0171sorvezet\u00e9s\u00e9vel, mert igaz\u00e1n \u0151k a f\u0151szerepl\u0151i a m\u0171sornak, a versenyz\u0151k gyakorlatilag csak az aprop\u00f3t adj\u00e1k, ami persze nagyon komoly felk\u00e9sz\u00fcl\u00e9st, tehets\u00e9get k\u00edv\u00e1n, de \u00e9pp ez\u00e9rt tud kirobban\u00f3an mulats\u00e1gos lenni a zs\u0171ritagok r\u00e9sz\u00e9r\u0151l egym\u00e1s vill\u00e1ra v\u00e9tele. A nevet\u00e9s \u00fagy kell a l\u00e9leknek, mint a leveg\u0151. Az \u00e9let egy nagy kabar\u00e9, aminek a v\u00e9ge trag\u00e9dia \u00e9s ezen csak s\u00edrni meg nevetni lehet \u2013 ez minden v\u00edgj\u00e1t\u00e9k alapja. Ott lapul minden els\u00fct\u00f6tt po\u00e9n alj\u00e1n a trag\u00e9dia, m\u00e1sk\u00e9pp el sem s\u00fclne. Tudta \u00e9s tudja ezt minden v\u00e9rbeli m\u0171v\u00e9sz. Ha nem kacsintana ki a holttest m\u00f6g\u00fcl, kib\u00edrhatatlan lenne.<br \/>\nEnnyit felvezet\u00e9sk\u00e9nt.<\/p>\n<p>*<\/p>\n<p>Debreczeny Gy\u00f6rgy versei is ilyen irodalmi nevet\u00e9sek az \u00e9let \u00e9s az irodalmi l\u00e9t s\u0171r\u0171j\u00e9r\u0151l, annak perem\u00e9n egyens\u00falyozva. Az \u00e9letet a fon\u00e1kj\u00e1r\u00f3l l\u00e1tni, ez a titka nevettet\u0151 szat\u00edr-verseinek. H\u00e1rom menetben, koll\u00e1zs n\u00e9lk\u00fcl c. k\u00f6tet\u00e9ben ugyanazt az \u00e9lm\u00e9nyt ny\u00fajtotta, amir\u0151l fentebb \u00edrtam. K\u00ednj\u00e1ban r\u00f6h\u00f6g az ember, ha kult\u00far. Ha kult\u00farr\u00f6h\u00f6gn\u00f6d kell, legyen k\u00ednod. Ami van, ki van ford\u00edtva, ami nincs, be van fordulva.<br \/>\nD.G. az a k\u00f6lt\u00e9szetnek, mint Hofi, Latab\u00e1r, Karinthy Frigyes a magyar kult\u00far\u00e1nak. S\u00f3, bors. N\u00e9lk\u00fcle \u00edzetlen lenne az \u00e9rtelmetlenn\u00e9 fejl\u0151d\u00f6tt \u00e9let, hogy r\u00e1m ragadt \u0151r\u00fclt hasonlatk\u00e9nyszerrel \u00e9ljek.<br \/>\nVolt koll\u00e9g\u00e1mmal, aki az\u00e9rt csak volt, mert \u00e9n visszavonultam k\u00f6z\u00f6s p\u00e1ly\u00e1nkr\u00f3l, de am\u00edg egy\u00fctt utaztunk rajta irt\u00f3zatosan j\u00f3kat tudtam kacagni fanyar, ecetesuborka humor\u00e1n, ami mindig \u00fariemberes volt, \u00f6lt\u00f6ny\u00f6s, eleg\u00e1ns. Ez\u00e9rt robbant visszafoghatatlanul, \u00e9pp \u00fagy, mint mikor temet\u00e9sen nem tudod meg\u00e1ll\u00edtani a felt\u00f6r\u0151 nevet\u00e9st. Nincs enn\u00e9l er\u0151sebb \u00e9s r\u00f6videbb gy\u00f6ny\u00f6re az \u00e9rtelmis\u00e9ginek, aki folyton \u00edvbe fesz\u00fclve szenvedi \u00e1t ezt az \u00e9letet. Mert Debreczeny annak minden ter\u00fclet\u00e9re reag\u00e1l soraiban.<br \/>\nNos, ezt a feelinget hozza a H\u00e1rom menetben, koll\u00e1zs n\u00e9lk\u00fcl, ami st\u00edlusosan az Aj T\u00e9ka Kiad\u00f3 (Szeged) gondoz\u00e1s\u00e1ban jelent meg. Keresve sem tal\u00e1lhatott volna k\u00f6lt\u0151 enn\u00e9l hozz\u00e1ill\u0151bb nev\u0171 kiad\u00f3t. Ha nem \u00edrt volna ennek a kiad\u00f3nak, csak \u00edgy, Aj T\u00e9ka! fels\u00f3hajjal \u00edrhatna b\u00e1rki, aki Debreczeny Gy\u00f6rgy.<br \/>\nDe bel\u0151le nincs t\u00f6bb, ett\u0151l k\u00f6zismerten k\u00f6zkelet\u0171 k\u00f6lt\u0151i berkekben. A tumoron humorral kell \u00e1tr\u00f6h\u00f6gni magunkat &#8211; s\u00fcletlen hasonlattal \u00edzetlenkedem \u2013, hogy \u00e9rz\u00e9keltessem, komolyan aj\u00e1nlom versolvas\u00f3knak: tessenek intellektu\u00e1lis \u00e9s mindenf\u00e9le t\u00e1rsadalmi k\u00ednjaikra magukba olvasni ezeket a verspirul\u00e1kat. \u00c9s h\u00e1t brancsbelinek lenni, legal\u00e1bb \u00edzl\u00e9sben, hogy siker\u00fclj\u00f6n is. A hat\u00e1s garant\u00e1ltan nem marad el.<\/p>\n<p style=\"text-align: right;\"><em><strong>N\u00e1szta Katalin<\/strong><\/em><\/p>\n<p>*<\/p>\n<p><a href=\"https:\/\/ujkafe.website\/wp-content\/uploads\/2020\/11\/Debreczeny-Gy\u00f6rgy-k\u00f6tete-3.jpg\"><img loading=\"lazy\" decoding=\"async\" class=\"alignnone  wp-image-93503\" src=\"https:\/\/ujkafe.website\/wp-content\/uploads\/2020\/11\/Debreczeny-Gy\u00f6rgy-k\u00f6tete-3-214x300.jpg\" alt=\"\" width=\"322\" height=\"451\" srcset=\"https:\/\/ujkafe.website\/wp-content\/uploads\/2020\/11\/Debreczeny-Gy\u00f6rgy-k\u00f6tete-3-214x300.jpg 214w, https:\/\/ujkafe.website\/wp-content\/uploads\/2020\/11\/Debreczeny-Gy\u00f6rgy-k\u00f6tete-3.jpg 612w\" sizes=\"auto, (max-width: 322px) 100vw, 322px\" \/><\/a><\/p>\n<p><em>\u00a02. menet<\/em><\/p>\n<h2><strong>Debreczeny Gy\u00f6rgy: egy tucat bagatell<\/strong><\/h2>\n<p><em><strong>j\u00f3 az ir\u00e1ny<\/strong><\/em><\/p>\n<p>j\u00f3 ir\u00e1nyba halad<br \/>\na tolat\u00e1s<\/p>\n<p><em><strong>kolb\u00e1sz<\/strong><\/em><\/p>\n<p>n\u00e1lunk m\u00e9g a kolb\u00e1sz is<br \/>\nker\u00edt\u00e9sb\u0151l van<\/p>\n<p><em><strong>h\u00edv\u00e1s<\/strong><\/em><\/p>\n<p>rend\u0151rt h\u00edvtak<br \/>\nmert migr\u00e1nsnak n\u00e9zt\u00e9k<br \/>\nmagukat a t\u00fck\u00f6rben<\/p>\n<p><em><strong>kutya<\/strong><\/em><\/p>\n<p>k\u00f6teless\u00e9gnek<br \/>\nk\u00f6teless\u00e9get sz\u00fclni<br \/>\nkutyak\u00f6teless\u00e9g<\/p>\n<p><em><strong>fedett<\/strong><\/em><\/p>\n<p>hull\u00e1mpal\u00e1val fedett \u00fcgyn\u00f6k\u00f6k<br \/>\nnem tudj\u00e1k<br \/>\naz azbesztsz\u00e1lakat felk\u00f6h\u00f6gni<\/p>\n<p><em><strong>j\u00f3 volt<\/strong><\/em><\/p>\n<p>j\u00f3 volt hogy elk\u00eds\u00e9rt\u00e9l<br \/>\nk\u00f6sz\u00f6net \u00e9rte<br \/>\ninnen m\u00e1r egyed\u00fcl is<br \/>\nelt\u00e9vedek<\/p>\n<p>*<\/p>\n<p><strong>\u00e9s m\u00e9g n\u00e9h\u00e1ny bagatell<\/strong><\/p>\n<p><em><strong>porszem<\/strong><\/em><\/p>\n<p>hibban a porszem<br \/>\na te teaszob\u00e1dban<br \/>\ncsak \u00e9n dadogok<\/p>\n<p><em><strong>pillang\u00f3<\/strong><\/em><\/p>\n<p>ha kis\u00fct a nap<br \/>\ntal\u00e1n pillang\u00f3 sz\u00e1ll r\u00e1m<br \/>\na rorschach tesztb\u0151l<\/p>\n<p><em><strong>\u00fcveghang<\/strong><\/em><\/p>\n<p>bar\u00e1tom ha \u00fcveghangot hallasz<br \/>\naz \u00fcvegvisszav\u00e1lt\u00f3 el\u0151tt<br \/>\nnem biztos hogy Radics B\u00e9la git\u00e1rozik<\/p>\n<p><em><strong>telefon<\/strong><\/em><\/p>\n<p>a telefonom<br \/>\nkab\u00e1tzsebemben maradt<br \/>\nma sz\u00e9p napunk lesz<\/p>\n<p>*<\/p>\n<p><em><strong>j\u00f3<\/strong><\/em><\/p>\n<p>a j\u00f3 helyeken<br \/>\nmindig van egy j\u00f3 szomsz\u00e9d<br \/>\naki feljelent<\/p>\n<p><em><strong>szel\u00edd esti k\u00e9rd\u00e9s<\/strong><\/em><\/p>\n<p>csahol\u00e1saink<br \/>\ntesznek er\u0151s ebekk\u00e9<br \/>\nvagy ugat\u00e1sunk?<\/p>\n<p><em><strong>term\u00e9szeti k\u00e9p<\/strong><\/em><\/p>\n<p>cigarettav\u00e9g<br \/>\n\u00e9s cigarettakezdet<br \/>\nh\u0171s patakv\u00edzben<\/p>\n<p>*<\/p>\n<p><em><strong>fiamnak mondom<\/strong><\/em><\/p>\n<p>a sz\u00fanyogokat irtom<br \/>\nhogy a patk\u00e1nyok is<br \/>\n\u00e9rtsenek bel\u0151le<\/p>\n<p><em><strong>tengeri<\/strong><\/em><\/p>\n<p>\u00f3 mily gy\u00f6ny\u00f6r\u0171<br \/>\nb\u00e1rk\u00e1kra leltem mikor<br \/>\nelnyelt a tenger<\/p>\n<p><em><strong>megyek dolgozni<\/strong><\/em><\/p>\n<p>dolgozni megyek<br \/>\nfut\u00f3szalag mell\u00e9 a<br \/>\nhaikugy\u00e1rba<\/p>\n<p><em><strong>a tr\u00e1gyadombon<\/strong><\/em><\/p>\n<p>hosszas \u00e9s alapos vizsg\u00e1latuk sor\u00e1n<br \/>\narra a k\u00f6vetkeztet\u00e9sre jutottak<br \/>\na szag\u00e9rt\u0151k<\/p>\n<p>hogy b\u00fcd\u00f6s van<\/p>\n<p><em><strong>k\u00e9rd\u00e9s<\/strong><\/em><\/p>\n<p>m\u00e9gis kinek az<br \/>\neldobott pelenk\u00e1ja<br \/>\nez a kis orsz\u00e1g?<\/p>\n<p>*<\/p>\n<p><strong>t\u00f6red\u00e9k f\u0151hajt\u00e1sok<\/strong><\/p>\n<p>csod\u00e1k pedig nincsenek<br \/>\ncsord\u00e1k pedig vannak<br \/>\n*<\/p>\n<p>mindent el\u00e9rtem<br \/>\namit akartam<br \/>\naz aut\u00f3buszt<br \/>\n\u00e9s azt\u00e1n a villamost is<br \/>\n*<\/p>\n<p>rend\u0151rk\u00e9zen a rend\u0151rcsizma<br \/>\n*<\/p>\n<p>minden tan\u00edt\u00e1s<br \/>\na tan\u00edt\u00e1si sz\u00fcnet is<\/p>\n<p>*<\/p>\n<p>vissza lehet bontani<br \/>\naz embereket<br \/>\nde hol laknak majd<br \/>\na panelek?<\/p>\n<p>*<\/p>\n<p>felt\u00e9tlen\u00fcl hagyja ki<br \/>\nvill\u00e1makci\u00f3nkat<br \/>\nvagy szereltessen fel<br \/>\nvill\u00e1mh\u00e1r\u00edt\u00f3t<\/p>\n<p>*<\/p>\n<p>a szavak embere<br \/>\nfeh\u00e9r botj\u00e1val \u00fctlegeli<br \/>\naz \u00e9rtelmez\u0151 sz\u00f3t\u00e1rt<\/p>\n<p>*<\/p>\n<p>t\u00f6k\u00e9letess\u00e9gre t\u00f6rekedik<br \/>\na kisebbrend\u0171s\u00e9gi \u00e9rz\u00e9s<\/p>\n<p>*<\/p>\n<p>a t\u00f6rt\u00e9nelem vizelet\u00e9ben<br \/>\nminden egyar\u00e1nt fontos \u00fcled\u00e9k<\/p>\n<p>*<\/p>\n<p>hogy egyik szavamat<br \/>\na m\u00e1sikba ne k\u00f6pjem<\/p>\n<p>*<\/p>\n<p>pr\u00f3b\u00e1lja megk\u00fcl\u00f6nb\u00f6ztetni<br \/>\naz agyb\u00f3l \u00e9s a h\u00f3lyagb\u00f3l<br \/>\n\u00e9rkez\u0151 jelz\u00e9seket<br \/>\nde nem siker\u00fcl<\/p>\n<p>*<\/p>\n<p>ez a sz\u00e9p vers de ronda<\/p>\n<p>*<\/p>\n<p>jaj de sz\u00e9pen zokogtok<br \/>\nmenetrendi okokb\u00f3l<\/p>\n<p>*<\/p>\n<p>ismerj\u00fck egym\u00e1st<br \/>\nnem b\u00edzunk egym\u00e1sban<\/p>\n<p>*<\/p>\n<p>hashajt\u00e1s<br \/>\nakarom mondani<br \/>\nf\u0151hajt\u00e1s<br \/>\naz olvas\u00f3 el\u0151tt<\/p>\n<hr \/>\n<p><em><strong>M\u00e1sodik r\u00e9szlet<\/strong><\/em><\/p>\n<p>Esetlegess\u00e9g \u2013 ez jut eszembe verssorair\u00f3l, ahogy folyton \u00fajrarendezett sorrendben illeszti egym\u00e1s mell\u00e9 a szavakat, egym\u00e1s al\u00e1 a sorokat, mindig m\u00e1s \u00e9rtelmet adva \u00edgy a mondatnak, mint aki tudja, s tudja, a vil\u00e1gban semmi sem az, aminek l\u00e1tszik. Vill\u00e1(j\u00e1)ra veszi, miel\u0151tt be(nem)kapn\u00e1, mint (nem) j\u00f3 falatot. Nem vesz komolyan semmit, mert minden komolyan komolytalan. Nem kig\u00fanyol, csak \u00e1tgondolja, \u00fajragondolja \u00e9s szervezi vil\u00e1g\u00e1t abban a k\u00f6zegben, amiben l\u00e9tezik \u2013 nem t\u00faloz azzal a sz\u00f3val, hogy \u00e9l \u2013 s \u00e9n sem mer\u00e9szelem ezt. A pszichi\u00e1tri\u00e1n l\u00e1thatta ilyet\u00e9n m\u0171k\u00f6d\u00e9sben a l\u00e9tet.<br \/>\nA vil\u00e1g nem nyeri el tetsz\u00e9s\u00e9t, ez\u00e9rt \u00fajra\u00edrja, \u00fajraszervezi, \u00e1trakosgatja, \u00fajratervezi, ahogy gyerek kock\u00e1kb\u00f3l, leg\u00f3kb\u00f3l \u00e9p\u00edt v\u00e1rat, figur\u00e1kat \u2013 csak az anyag mennyis\u00e9ge szab hat\u00e1rt a v\u00e1ltozatoknak. Debreczeny Gy\u00f6rgy is j\u00e1tszik, rakosgat, nincs, amit ki ne ford\u00edtana. \u00c1tforgatja, \u00fajra\u00e9rtelmezi, elj\u00e1tszik a lehet\u0151s\u00e9gekkel. R\u00e1j\u00f6tt, hogy a vil\u00e1g darabokb\u00f3l \u00e1ll \u00e9s minden abb\u00f3l k\u00f6vetkezik, ahogy egym\u00e1sra van rakva \u201eak\u00e1r egy halom has\u00edtott fa\u201d. Csakhogy \u0151 nem fekszik al\u00e1ja, fel\u00fclr\u0151l n\u00e9zi, k\u00e9zbe veszi, sz\u00e9tszedi, m\u00e1st \u00e9p\u00edt ugyanabb\u00f3l. Kider\u00fcl, az eg\u00e9szet az hat\u00e1rozza meg, ki olvassa, ki n\u00e9zi, ki mit csin\u00e1l vele. Amit jobb h\u00edj\u00e1n elnevezt\u00fcnk \u00e9letnek. D. Gy. nem f\u00e9l, milyen\u00a0k\u00f6vetkezm\u00e9nye lehet annak, amit tesz, mert a pszichi\u00e1tri\u00e1kon mindig \u00fcresedik \u00e1gy, honnan a p\u00e1cienst visszal\u00f6kik oda, ahonnan bel\u00f6kt\u00e9k.<br \/>\nSzarkazmus, cinizmus \u2013 gyermeteg b\u00e1jjal le\u00f6ntve.<br \/>\nGyilkos szat\u00edra \u2013 \u00e1rtalmatlann\u00e1 var\u00e1zsolt der\u0171vel.<br \/>\n\u00c1rtalmatlan\u00edtott gyilok, aminek nincs t\u00f6bbessz\u00e1ma, nincs gyilokok, mik\u00f6zben \u00e1lland\u00f3an gyil(o)kolnak a gyil(o)kok.<br \/>\nM\u00e9lyebben, bennebb, f\u00f6nnebb van ann\u00e1l, ahonnan n\u00e9z, \u00edr, rakosgat, elemez, leleteket produk\u00e1l, lesz\u00e1ll\u00edtja a k\u00f6lt\u00e9szetet, felemeli a k\u00f6z\u00f6ns\u00e9gest, a szellemtelent.<\/p>\n<p><em><strong>3. menet<\/strong><\/em><\/p>\n<p><strong>Debreczeny Gy\u00f6rgy<\/strong><\/p>\n<p><strong>valami kiemelkedik<\/strong><\/p>\n<p>a szeretet nem n\u00e9zheti<br \/>\naz \u00f6sszeoml\u00e1st<br \/>\nsem a kiemelked\u00e9st<br \/>\nmert k\u00fcl\u00f6nben alkuv\u00e1<br \/>\nm\u00e9rlegel\u00e9ss\u00e9 v\u00e1lik<\/p>\n<p>a szeretet nem n\u00e9zheti<br \/>\na gy\u0171r\u0151d\u00e9ssel keletkezett<br \/>\nr\u00f6gh\u00f6z k\u00f6t\u00f6tt r\u00f6ghegys\u00e9geket<br \/>\na t\u00f6r\u00e9sek ment\u00e9n<br \/>\na k\u0151zett\u00f6mb\u00f6k elmozdulnak<\/p>\n<p>az \u00f6sszegy\u0171r\u0151d\u00f6tt<br \/>\nl\u00e1nchegys\u00e9geket is<br \/>\n\u00e1talak\u00edthatja a szeretet<br \/>\nr\u00f6ghegys\u00e9gekk\u00e9<br \/>\nn\u00e9h\u00e1ny milli\u00f3 \u00e9v alatt<br \/>\nhegytet\u0151k fenns\u00edkok les\u00fcllyednek<br \/>\nkiemelkedik egy-k\u00e9t k\u0151zett\u00f6meg<br \/>\n\u00f3 dr\u00e1ga h\u00f6lgyek<br \/>\n\u00edgy j\u00f6nnek l\u00e9tre a v\u00f6lgyek<br \/>\nde \u00e9gig \u00e9r a szeretet<\/p>\n<p>a szeretet nem n\u00e9zheti<br \/>\na hull\u00e1mh\u00f6lgyeket<br \/>\nakarom mondani hull\u00e1mv\u00f6lgyeket<br \/>\naz \u00f6sszeoml\u00e1st z\u0171rzavart kudarcot<br \/>\nsz\u00e9tes\u00e9st megsemmis\u00fcl\u00e9st<\/p>\n<p>buk\u00e1st fiask\u00f3t cs\u0151d\u00f6t kudarcot<br \/>\na szeretet nem szed hadisarcot<br \/>\nnem gy\u0171ri \u00f6ssze sz\u00e9p ruh\u00e1j\u00e1t<br \/>\nha a t\u00e1mad\u00e1s eredm\u00e9nytelen<br \/>\na szeretet behunyja szem\u00e9t<\/p>\n<p>a szeretet benn\u00fcnk el\u0151relapoz<br \/>\naz \u00f6sszeoml\u00e1s<br \/>\nsz\u00e9tsug\u00e1rozza mondanival\u00f3j\u00e1t<br \/>\nvalami kiemelkedik<br \/>\nvalami meggy\u0171r\u0151dik<\/p>\n<p><strong>sok \u00fcvegnek sok az alja<\/strong><\/p>\n<p>megr\u00e9m\u00edtett<br \/>\nmegn\u00e9m\u00edtott a messze st\u00e9g<br \/>\nde a szeretet elkis\u00e9rt<br \/>\na v\u00e9c\u00e9ajt\u00f3ban d\u00edsz\u0151rs\u00e9get \u00e1llt<br \/>\nha nem is nyitott senki r\u00e1m<br \/>\nde a gy\u0171l\u00f6let l\u00e1ngban \u00e1ll<br \/>\n\u00e9s l\u00e1ngban \u00e1ll a vers szerzetesek<br \/>\nti mit szereztetek?<\/p>\n<p>szerzetesek<br \/>\na toalett is l\u00e1ngban \u00e1ll<br \/>\n\u00e9s azok a parttalan besz\u00e9lget\u00e9sek<br \/>\nott a parton<br \/>\nnem \u00e9r r\u00e1 h\u00e1tran\u00e9zni<br \/>\na sztahanovista asszony<br \/>\nmert \u0151 is l\u00e1ngban \u00e1ll<br \/>\ngonosz m\u00f3kust szerzett<br \/>\n\u00e9s annyit is \u00e9r<\/p>\n<p>el\u0151fordul hogy h\u00e1trafordulok<br \/>\nsok \u00fcres \u00fcveget l\u00e1tok a parton<br \/>\nahol heher\u00e9szve hever\u00e9szek<br \/>\npedig az aljass\u00e1g szerzetesek<br \/>\nhogy az \u00fcvegnek is van alja<br \/>\n\u00e9s \u00e9n azt l\u00e1tom is<br \/>\n\u00e9s l\u00e1ngban \u00e1ll az is<br \/>\nde sok \u00fcvegnek sok az alja<\/p>\n<p>piknikez\u0151 ad\u00f3ellen\u0151r\u00f6k a r\u00e9ten<br \/>\nvizsg\u00e1lj\u00e1k a f\u0171sz\u00e1lak n\u00f6v\u00e9s\u00e9t<br \/>\naz \u00fcres \u00fcvegeket sz\u00e9tdob\u00e1lj\u00e1k<br \/>\nad\u00f3z\u00f3 piknikellen\u0151r\u00f6k a f\u0171ben<br \/>\ns a f\u00e1kon bet\u00e9pnek<br \/>\nmikor egy f\u0171sz\u00e1lat<br \/>\nvagy egy feljelent\u0151levelet let\u00e9pnek<br \/>\nde az ad\u00f3ellen\u0151rnek<br \/>\nki rendel szeren\u00e1dot<\/p>\n<p>mondj\u00e1tok szerzetesek<br \/>\nki ad sz\u00e1ml\u00e1t a szeren\u00e1dr\u00f3l<br \/>\nki ad sz\u00e1ml\u00e1t a szeretetr\u0151l<\/p>\n<p><em>2020-11-13<\/em><\/p>\n","protected":false},"excerpt":{"rendered":"<p>Debreczeny Gy\u00f6rgy: H\u00e1rom menetben, koll\u00e1zs n\u00e9lk\u00fcl Els\u0151 r\u00e9szlet 1. menet Debreczeny Gy\u00f6rgy: a lila kab\u00e1tos h\u00f6lgy a lila kab\u00e1tos h\u00f6lgy ott \u00e1llt a h\u00e1z el\u0151tt \u00e9s cigarett\u00e1zott<\/p>\n","protected":false},"author":3,"featured_media":0,"comment_status":"open","ping_status":"open","sticky":false,"template":"","format":"standard","meta":{"_monsterinsights_skip_tracking":false,"_monsterinsights_sitenote_active":false,"_monsterinsights_sitenote_note":"","_monsterinsights_sitenote_category":0,"ngg_post_thumbnail":0,"footnotes":""},"categories":[22,4],"tags":[],"class_list":["post-93500","post","type-post","status-publish","format-standard","hentry","category-recenzio","category-vers"],"_links":{"self":[{"href":"https:\/\/ujkafe.website\/index.php?rest_route=\/wp\/v2\/posts\/93500","targetHints":{"allow":["GET"]}}],"collection":[{"href":"https:\/\/ujkafe.website\/index.php?rest_route=\/wp\/v2\/posts"}],"about":[{"href":"https:\/\/ujkafe.website\/index.php?rest_route=\/wp\/v2\/types\/post"}],"author":[{"embeddable":true,"href":"https:\/\/ujkafe.website\/index.php?rest_route=\/wp\/v2\/users\/3"}],"replies":[{"embeddable":true,"href":"https:\/\/ujkafe.website\/index.php?rest_route=%2Fwp%2Fv2%2Fcomments&post=93500"}],"version-history":[{"count":0,"href":"https:\/\/ujkafe.website\/index.php?rest_route=\/wp\/v2\/posts\/93500\/revisions"}],"wp:attachment":[{"href":"https:\/\/ujkafe.website\/index.php?rest_route=%2Fwp%2Fv2%2Fmedia&parent=93500"}],"wp:term":[{"taxonomy":"category","embeddable":true,"href":"https:\/\/ujkafe.website\/index.php?rest_route=%2Fwp%2Fv2%2Fcategories&post=93500"},{"taxonomy":"post_tag","embeddable":true,"href":"https:\/\/ujkafe.website\/index.php?rest_route=%2Fwp%2Fv2%2Ftags&post=93500"}],"curies":[{"name":"wp","href":"https:\/\/api.w.org\/{rel}","templated":true}]}}