
{"id":94297,"date":"2021-01-23T02:55:33","date_gmt":"2021-01-23T02:55:33","guid":{"rendered":"https:\/\/ujkafe.website\/?p=94297"},"modified":"2021-01-15T13:32:35","modified_gmt":"2021-01-15T13:32:35","slug":"szekedi-ferenc-arcok-szavak-emlekek-117","status":"publish","type":"post","link":"https:\/\/ujkafe.website\/?p=94297","title":{"rendered":"Sz\u00e9kedi Ferenc: Arcok, szavak, eml\u00e9kek (117.)"},"content":{"rendered":"<h2><em><strong>Kuruczn\u00e9 Gy\u00f6rgy Zsuzsanna: Amikor Cs\u00edkba\u2019 megsz\u00fclettem<\/strong><\/em><\/h2>\n<p><em><strong>(Hargita Kiad\u00f3hivatal, Cs\u00edkszereda, 2007, lejegyezte, szerkesztette T\u00f3thn\u00e9 Barcs \u00c1gnes, a fot\u00f3kat k\u00e9sz\u00edtette Kurucz Istv\u00e1n, Tak\u00e1cs \u00c9va, T\u00f3th Bence)<\/strong><\/em><\/p>\n<p>N\u00e9gy esztend\u0151vel ezel\u0151tt jelent meg a Ga\u00e1l Andr\u00e1s (1936) fest\u0151m\u0171v\u00e9szr\u0151l \u00edrt monogr\u00e1fi\u00e1m, \u00e9s ebben egykori cs\u00edkszeredai rajztan\u00e1rom a Nagy Imr\u00e9vel (1893-1976) kapcsolatos eml\u00e9keir\u0151l is sz\u00f3lt.<!--more--><br \/>\nFelid\u00e9zte, hogy 1962 \u0151sz\u00e9n az akkor m\u00e1r hetvenedik \u00e9let\u00e9v\u00e9hez k\u00f6zeled\u0151, kev\u00e9s szav\u00fa, meglehet\u0151sen z\u00e1rk\u00f3zott zs\u00f6g\u00f6di fest\u0151vel hosszabb id\u0151t t\u00f6lt\u00f6ttek egy\u00fctt a hegyekben, rajzoltak, festettek \u00e9s besz\u00e9lgettek.<br \/>\n\u201dEgyik nap megl\u00e1togatott a k\u00e9s\u0151bbi feles\u00e9gem a bar\u00e1tn\u0151j\u00e9vel, k\u00e9t napot n\u00e9gyesben t\u00f6lt\u00f6tt\u00fcnk. Miut\u00e1n a l\u00e1nyok elmentek, azt mondta nekem, figyelj ide, \u00e9n nagyon megb\u00e1ntam azt, hogy nem n\u0151s\u00fcltem meg, nem lett csal\u00e1dom. H\u00e1t \u00e9n azt tan\u00e1csolom neked, n\u0151s\u00fclj meg.\u201d<br \/>\nApor M\u00e1ria (1935-2018), festm\u00e9nyeinek imm\u00e1r \u00f6r\u00f6k\u00e9let\u0171 modellje, Kacs\u00f3 Edit r\u00f3la k\u00e9sz\u00edtett 2003-as dokumentumfilmj\u00e9ben, az RTV magyar ad\u00e1s\u00e1ban viszont arr\u00f3l besz\u00e9lt, hogy a zs\u00f6g\u00f6di fest\u0151 a h\u00e1zass\u00e1gban, a csal\u00e1dban a m\u0171v\u00e9szi kiteljesed\u00e9s korl\u00e1tait l\u00e1tta \u00e9s mindennek bizony\u00edt\u00e1s\u00e1ra egyik kort\u00e1rs\u00e1nak a p\u00e9ld\u00e1j\u00e1t hozta fel.<br \/>\nKomor\u00f3czy Gy\u00f6rgy (1942) 2011-ben megjelent interj\u00fak\u00f6tet\u00e9ben Apor M\u00e1ria azt is r\u00e9szletezi, hogy a n\u00e1la t\u00f6bb mint negyven \u00e9vvel id\u0151sebb m\u0171v\u00e9sz megk\u00e9rte a kez\u00e9t, de tekintettel a kork\u00fcl\u00f6nbs\u00e9gre \u00e9s saj\u00e1t j\u00f6v\u0151j\u00e9re nemet mondott.<br \/>\nJ\u00e1nos P\u00e1l (1921-2018), egykori cs\u00edki m\u00fazeumigazgat\u00f3, Pataki Imre (1932 -2010), korabeli Hargita megyei n\u00e9ptan\u00e1cs aleln\u00f6k, K\u00e1ny\u00e1di S\u00e1ndor (1929-2018) \u00e9s m\u00e1s kort\u00e1rsak, akik m\u00e1r szint\u00e9n nincsenek az \u00e9l\u0151k sor\u00e1ban, k\u00fcl\u00f6nb\u00f6z\u0151 visszaeml\u00e9kez\u00e9seikben a fest\u0151 mag\u00e1n\u00e9let\u00e9nek ezeket az \u00e9rz\u00e9keny r\u00e9szeit nem \u00e9rintik.<br \/>\nNagy Imre saj\u00e1t feljegyz\u00e9sei, amelyeket K\u00e1ny\u00e1di S\u00e1ndor rendezett k\u00f6nyvbe, 1955-ben z\u00e1rulnak. Az eml\u00edtett k\u00f6nyveken, filmeken k\u00edv\u00fcl Szab\u00f3 Andr\u00e1s (1953) k\u00e9pz\u0151m\u0171v\u00e9sz, imm\u00e1r nyugd\u00edjba vonult f\u0151m\u00fazeol\u00f3gus, a Nagy Imre hagyat\u00e9k kur\u00e1tora, \u00e9letm\u0171v\u00e9nek sz\u00e1mbavev\u0151je, leveleinek tanulm\u00e1nyoz\u00f3ja, \u00e1tfog\u00f3 Nagy Imre k\u00f6nyv szerz\u0151je tud a legt\u00f6bbet r\u00f3la, t\u00e9nyekkel is al\u00e1t\u00e1masztva \u00e9let\u00e9nek, munk\u00e1ss\u00e1g\u00e1nak sok-sok apr\u00f3 r\u00e9szlet\u00e9t, amelyek azonban m\u00e9g mindig tartogathatnak meglepet\u00e9seket.<br \/>\nAnnyi bizonyos, hogy Ferenczes Istv\u00e1n (1945), a Sz\u00e9kelyf\u00f6ld foly\u00f3irat nyugalomba vonult f\u0151szerkeszt\u0151je nagy szolg\u00e1latot tett azzal az ut\u00f3kornak, hogy Nagy Imre nevelt l\u00e1ny\u00e1nak, Kuruczn\u00e9 Gy\u00f6rgy Zsuzs\u00e1nak az eml\u00e9kiratait megjelentette, mert e tekintetben is rengeteg legenda kapott l\u00e1bra.<br \/>\nNos, amit val\u00f3ban \u00e9rdemes tudni: Zsuzsa 1925 febru\u00e1rj\u00e1ban sz\u00fcletett Zs\u00f6g\u00f6d\u00f6n. \u00c9desapja, Gy\u00f6rgy B\u00e9la iskolaigazgat\u00f3 feles\u00e9g\u00e9vel, Nagy Ann\u00e1val, a Nagy Imre testv\u00e9r\u00e9vel visszatelepedett a Gyimesekbe, ahol az \u00e9desanyja alig harminc\u00e9ves kor\u00e1ban elhunyt. Gy\u00f6rgy B\u00e9la \u00fajran\u0151s\u00fclt, Zsuzsika nehezen viselte a mostohaanyai fel\u00fcgyeletet \u00e9s visszat\u00e9rt Zs\u00f6g\u00f6dbe, ahol nagyb\u00e1tyja, Nagy Imre gondoskodott r\u00f3la az \u00e9vek hossz\u00fa sor\u00e1n \u00e1t. Mindez egy\u00e9rtelm\u0171en kider\u00fcl ebb\u0151l a m\u00e9g sz\u00e1z oldalt sem kitev\u0151, \u00e9lm\u00e9nygazdag le\u00edr\u00e1sokban roppant gazdag k\u00f6nyvb\u0151l, amely a t\u00f6rt\u00e9nelem nagy fordulatait is visszat\u00fckr\u00f6zi az egy\u00e9ni \u00e9letsorsokon kereszt\u00fcl.<br \/>\n2007-ben a zs\u00f6g\u00f6di Nagy Imre k\u00e9pt\u00e1r zs\u00fafol\u00e1sig megtelt a k\u00f6nyvbemutat\u00f3ra \u00e9s ahogyan el\u0151t\u00f6rtek az eml\u00e9kek, ahogyan n\u00e9zt\u00fck a k\u00e9peit, mintha l\u00e1ttuk volna a fest\u0151t mag\u00e1t is, amint r\u00f6vidujj\u00fa ing\u00e9ben, k\u00f6t\u00f6tt mell\u00e9ny\u00e9ben, b\u00e1rsonynadr\u00e1gj\u00e1ban, arc\u00e1n azzal a huncut-hamisk\u00e1s mosoly\u00e1val r\u00e1nk sz\u00f3l: uraim, legyen el\u00e9g m\u00e1r a sz\u00f6vegb\u0151l. Dolgozni kell!<\/p>\n<p><a href=\"https:\/\/ujkafe.website\/wp-content\/uploads\/2021\/01\/116.jpg\"><img loading=\"lazy\" decoding=\"async\" class=\"alignnone  wp-image-94299\" src=\"https:\/\/ujkafe.website\/wp-content\/uploads\/2021\/01\/116-300x214.jpg\" alt=\"\" width=\"519\" height=\"370\" srcset=\"https:\/\/ujkafe.website\/wp-content\/uploads\/2021\/01\/116-300x214.jpg 300w, https:\/\/ujkafe.website\/wp-content\/uploads\/2021\/01\/116-768x548.jpg 768w, https:\/\/ujkafe.website\/wp-content\/uploads\/2021\/01\/116-1024x731.jpg 1024w, https:\/\/ujkafe.website\/wp-content\/uploads\/2021\/01\/116.jpg 1860w\" sizes=\"auto, (max-width: 519px) 100vw, 519px\" \/><\/a><\/p>\n","protected":false},"excerpt":{"rendered":"<p>Kuruczn\u00e9 Gy\u00f6rgy Zsuzsanna: Amikor Cs\u00edkba\u2019 megsz\u00fclettem (Hargita Kiad\u00f3hivatal, Cs\u00edkszereda, 2007, lejegyezte, szerkesztette T\u00f3thn\u00e9 Barcs \u00c1gnes, a fot\u00f3kat k\u00e9sz\u00edtette Kurucz Istv\u00e1n, Tak\u00e1cs \u00c9va, T\u00f3th Bence) N\u00e9gy esztend\u0151vel ezel\u0151tt jelent meg a Ga\u00e1l Andr\u00e1s (1936) fest\u0151m\u0171v\u00e9szr\u0151l \u00edrt monogr\u00e1fi\u00e1m, \u00e9s ebben egykori cs\u00edkszeredai rajztan\u00e1rom a Nagy Imr\u00e9vel (1893-1976) kapcsolatos eml\u00e9keir\u0151l is sz\u00f3lt.<\/p>\n","protected":false},"author":3,"featured_media":0,"comment_status":"open","ping_status":"open","sticky":false,"template":"","format":"standard","meta":{"_monsterinsights_skip_tracking":false,"_monsterinsights_sitenote_active":false,"_monsterinsights_sitenote_note":"","_monsterinsights_sitenote_category":0,"ngg_post_thumbnail":0,"footnotes":""},"categories":[120],"tags":[],"class_list":["post-94297","post","type-post","status-publish","format-standard","hentry","category-essze"],"_links":{"self":[{"href":"https:\/\/ujkafe.website\/index.php?rest_route=\/wp\/v2\/posts\/94297","targetHints":{"allow":["GET"]}}],"collection":[{"href":"https:\/\/ujkafe.website\/index.php?rest_route=\/wp\/v2\/posts"}],"about":[{"href":"https:\/\/ujkafe.website\/index.php?rest_route=\/wp\/v2\/types\/post"}],"author":[{"embeddable":true,"href":"https:\/\/ujkafe.website\/index.php?rest_route=\/wp\/v2\/users\/3"}],"replies":[{"embeddable":true,"href":"https:\/\/ujkafe.website\/index.php?rest_route=%2Fwp%2Fv2%2Fcomments&post=94297"}],"version-history":[{"count":0,"href":"https:\/\/ujkafe.website\/index.php?rest_route=\/wp\/v2\/posts\/94297\/revisions"}],"wp:attachment":[{"href":"https:\/\/ujkafe.website\/index.php?rest_route=%2Fwp%2Fv2%2Fmedia&parent=94297"}],"wp:term":[{"taxonomy":"category","embeddable":true,"href":"https:\/\/ujkafe.website\/index.php?rest_route=%2Fwp%2Fv2%2Fcategories&post=94297"},{"taxonomy":"post_tag","embeddable":true,"href":"https:\/\/ujkafe.website\/index.php?rest_route=%2Fwp%2Fv2%2Ftags&post=94297"}],"curies":[{"name":"wp","href":"https:\/\/api.w.org\/{rel}","templated":true}]}}