
{"id":94336,"date":"2021-01-25T02:51:12","date_gmt":"2021-01-25T02:51:12","guid":{"rendered":"https:\/\/ujkafe.website\/?p=94336"},"modified":"2021-01-18T07:19:20","modified_gmt":"2021-01-18T07:19:20","slug":"szekedi-ferenc-arcok-szavak-emlekek-117-2","status":"publish","type":"post","link":"https:\/\/ujkafe.website\/?p=94336","title":{"rendered":"Sz\u00e9kedi Ferenc: Arcok, szavak, eml\u00e9kek (118.)"},"content":{"rendered":"<h2><em><strong>Nicolae Bucur: Amprentele pelerinului. (A zar\u00e1ndok ujjlenyomatai). Essz\u00e9k, visszaeml\u00e9kez\u00e9sek, m\u00e9ltat\u00e1sok, kr\u00f3nik\u00e1k<\/strong><\/em><\/h2>\n<p><em><strong>(Eurocarpatica Kiad\u00f3, Sepsiszentgy\u00f6rgy, 2020, bor\u00edt\u00f3: Ily\u00e9s Mariann, m\u0171szaki szerkeszt\u00e9s: Csillag Istv\u00e1n, olvas\u00f3szerkeszt\u0151: Stelian Busuioc, a megjelen\u00e9st t\u00e1mogatta a Cs\u00edkszeredai Polg\u00e1rmesteri Hivatal.)<\/strong><\/em><!--more--><\/p>\n<p>Nem vagyok biztos benne, hogy j\u00f3l ford\u00edtottam le a c\u00edmet. Hiszen a zar\u00e1ndoknak ink\u00e1bb l\u00e1bnyomai vannak, semmint ujjlenyomata. De Nicolae Bucurhoz, aki mindenekel\u0151tt a szellemi tereken gyalogol, ink\u00e1bb az ut\u00f3bbi tal\u00e1l.<br \/>\nAz emberi lenyomatok am\u00fagyis v\u00e1ltoznak az id\u0151ben. Mostanig nem sokat t\u00f6r\u0151dt\u00fcnk az \u00f6kol\u00f3giai l\u00e1bnyomunkkal \u00e9s napjainkban m\u00e9gis mindegyre el\u00e9nk tolja maga a term\u00e9szet. \u00c9s egyre ink\u00e1bb ott maradnak a vil\u00e1gh\u00e1l\u00f3n digit\u00e1lis ismertet\u0151jeleink is: milyen oldalakon j\u00e1rtunk, mit n\u00e9zt\u00fcnk, mit olvastunk. Mindennek megfelel\u0151en pedig \u00f6mlenek r\u00e1nk a rekl\u00e1mok. A Netflix 2020-as Social Dilemma filmje ugyan kiss\u00e9 felborzolta a ked\u00e9lyeket, de nem annyira, hogy val\u00f3ban megr\u00e1zkodtunk volna t\u0151le.<br \/>\n\u00c9n p\u00e9ld\u00e1ul nem \u00e9rtem, hogy a mindentud\u00f3 algoritmusok mi\u00e9rt nem int\u00e9zkednek, amikor a k\u00f6z\u00f6ss\u00e9gi oldalakon hossz\u00fa id\u0151n \u00e1t ott maradnak m\u00e1r r\u00e9g nem \u00e9l\u0151 bar\u00e1taink profiljai \u00e9s a megjelen\u0151 figyelmeztet\u00e9sek \u00e9vr\u0151l-\u00e9vre azt sugallj\u00e1k, hogy kiv\u00e1njunk nekik boldog sz\u00fclet\u00e9snapot.<br \/>\nPedig az igazi \u00f6r\u00f6kl\u00e9t nem ez a g\u00e9pies, nem ez a digit\u00e1lis id\u0151tologat\u00e1s, hanem az \u00e9l\u0151, eleven eml\u00e9kezet.<br \/>\nAhogyan Nicolae Bucur (1938) tekint vissza imm\u00e1r huszadik k\u00f6nyv\u00e9ben az irodalomra, a k\u00e9pz\u0151m\u0171v\u00e9szetre, a zen\u00e9re, a kort\u00e1rsakra, az el\u0151d\u00f6kre \u00e9s ut\u00f3dokra, \u00edr\u00f3kra \u00e9s k\u00f6lt\u0151kre, \u00fajs\u00e1g\u00edr\u00f3kra \u00e9s szerkeszt\u0151kre, pedag\u00f3gusokra \u00e9s filoz\u00f3fusokra, k\u00e9pz\u0151m\u0171v\u00e9szekre \u00e9s fot\u00f3m\u0171v\u00e9szekre, sz\u00edn\u00e9szekre \u00e9s rendez\u0151kre, t\u00e1rsadalomkutat\u00f3kra \u00e9s term\u00e9szettud\u00f3sokra, n\u00e9prajzosokra \u00e9s n\u00e9pm\u0171v\u00e9szekre, csal\u00e1dtagokra \u00e9s ismer\u0151s\u00f6kre, rom\u00e1nokra \u00e9s magyarokra.<br \/>\nEz a sz\u00e9les t\u00e9mask\u00e1la m\u00e1r \u00f6nmag\u00e1ban is jelzi: a szerz\u0151 voltak\u00e9ppen nem tett m\u00e1st, mint rendszerezte, csoportos\u00edtotta \u00e9s k\u00f6tetben jelentette meg a napilapokban, foly\u00f3iratokban, tanulm\u00e1nyk\u00f6tetekben m\u00e1r eddig napvil\u00e1got l\u00e1tott \u00edr\u00e1sait, sok-sok fot\u00f3 \u00e9s m\u00e1s illusztr\u00e1ci\u00f3 t\u00e1rsas\u00e1g\u00e1ban, \u00edgy \u00f6sszess\u00e9g\u00e9ben m\u00e9g ink\u00e1bb igazolva sz\u00e9lesk\u00f6r\u0171 t\u00e1j\u00e9koz\u00f3d\u00e1s\u00e1t \u00e9s humanista gondolkod\u00e1s\u00e1t.<br \/>\n\u00dagy gondolom, amint az \u00e9let\u00fck alkony\u00e1n j\u00e1r\u00f3 k\u00e9pz\u0151m\u0171v\u00e9szek is amolyan sz\u00e1mbav\u00e9teli k\u00f6teless\u00e9ggel rendezik meg saj\u00e1t \u00e9letm\u0171v\u00fckre visszatekint\u0151, retrospekt\u00edv ki\u00e1ll\u00edt\u00e1sukat, ugyanezt teszi most Nicolae Bucur is. \u00d6sszegy\u0171jt\u00f6tte mindazt, amir\u0151l \u00fagy gondolta, hogy id\u0151t \u00e1ll\u00f3, tov\u00e1bb adhat\u00f3, alkalmazhat\u00f3 arra, hogy a jelen \u00e9s a j\u00f6v\u0151 nemzed\u00e9keinek a szellem\u00e9t is pall\u00e9rozza.<br \/>\nVoltak\u00e9ppen a szerz\u0151 szeml\u00e9lete hozza egym\u00e1shoz k\u00f6zel a Br\u00e1ncu\u015fi m\u0171v\u00e9szet\u00e9r\u0151l sz\u00f3l\u00f3 \u00edr\u00e1sokat a kolozsv\u00e1ri George Sb\u00e2rcea zeneszerz\u0151 \u00e9let\u00e9nek felid\u00e9z\u00e9s\u00e9vel, a Gabriel Liiceanu \u00edr\u00f3-k\u00f6nyvkiad\u00f3 gondolkod\u00e1sm\u00f3dj\u00e1val foglalkoz\u00f3 essz\u00e9t Veress Albert cs\u00edkszeredai pszichi\u00e1ter rom\u00e1nul is megjelent, \u00f6n\u00e9letrajzi vonatkoz\u00e1s\u00fa k\u00f6tet\u00e9nek a bemutat\u00f3j\u00e1val, a Hargita megyei rom\u00e1n napilapn\u00e1l dolgoz\u00f3 egykori koll\u00e9g\u00e1ja, Vasile Avram eml\u00e9k\u00e9t a gyimesi Antal Imre fest\u0151m\u0171v\u00e9sz hagyat\u00e9k\u00e1val \u00e9s a sor a lehet\u0151 leg\u00e9rdekesebb v\u00e1logat\u00e1sban \u00e9s szembe\u00e1ll\u00edt\u00e1sban k\u00f6zel h\u00e1romsz\u00e1z oldal\u00e1n \u00e1t folytathat\u00f3.<br \/>\nNicolae Bucur ebben a k\u00f6nyv\u00e9ben is sok-sok id\u00e9zetre t\u00e1maszkodik. De sz\u00e1momra \u00e9ppen az a legrokonszenvesebb, amellyel ind\u00edt, hiszen alapgondolata, kimondatlanul, alighanem ezekben a dedik\u00e1ci\u00f3s k\u00f6nyvjegyzeteimben is ott rejt\u0151zik.<br \/>\n\u201eLegbens\u0151bb utunk nem m\u00e1s, mint hosszas v\u00e1ndorl\u00e1s k\u00fcl\u00f6nb\u00f6z\u0151 emberek \u00e9s k\u00fcl\u00f6nb\u00f6z\u0151 vil\u00e1gok k\u00f6z\u00f6tt.\u201e<br \/>\nErnesto Sabato argentin \u00edr\u00f3 vetette pap\u00edrra ezeket a sorokat \u00e9s ha valakinek ehhez a felm\u00e9r\u00e9shez meg volt a kell\u0151 \u00e9lettapasztalata, akkor neki igen. Hiszen sz\u00e1z esztend\u0151t \u00e9lt, \u00e1tt\u00f6rve k\u00e9t \u00e9vsz\u00e1zad \u00e9s k\u00e9t \u00e9vezred hat\u00e1rvonal\u00e1t. (1911-2011).<\/p>\n<p><a href=\"https:\/\/ujkafe.website\/wp-content\/uploads\/2021\/01\/118-bucur.jpg\"><img loading=\"lazy\" decoding=\"async\" class=\"alignnone  wp-image-94340\" src=\"https:\/\/ujkafe.website\/wp-content\/uploads\/2021\/01\/118-bucur-300x256.jpg\" alt=\"\" width=\"552\" height=\"471\" srcset=\"https:\/\/ujkafe.website\/wp-content\/uploads\/2021\/01\/118-bucur-300x256.jpg 300w, https:\/\/ujkafe.website\/wp-content\/uploads\/2021\/01\/118-bucur-768x655.jpg 768w, https:\/\/ujkafe.website\/wp-content\/uploads\/2021\/01\/118-bucur-1024x873.jpg 1024w, https:\/\/ujkafe.website\/wp-content\/uploads\/2021\/01\/118-bucur.jpg 1805w\" sizes=\"auto, (max-width: 552px) 100vw, 552px\" \/><\/a><\/p>\n","protected":false},"excerpt":{"rendered":"<p>Nicolae Bucur: Amprentele pelerinului. (A zar\u00e1ndok ujjlenyomatai). Essz\u00e9k, visszaeml\u00e9kez\u00e9sek, m\u00e9ltat\u00e1sok, kr\u00f3nik\u00e1k (Eurocarpatica Kiad\u00f3, Sepsiszentgy\u00f6rgy, 2020, bor\u00edt\u00f3: Ily\u00e9s Mariann, m\u0171szaki szerkeszt\u00e9s: Csillag Istv\u00e1n, olvas\u00f3szerkeszt\u0151: Stelian Busuioc, a megjelen\u00e9st t\u00e1mogatta a Cs\u00edkszeredai Polg\u00e1rmesteri Hivatal.)<\/p>\n","protected":false},"author":3,"featured_media":0,"comment_status":"open","ping_status":"open","sticky":false,"template":"","format":"standard","meta":{"_monsterinsights_skip_tracking":false,"_monsterinsights_sitenote_active":false,"_monsterinsights_sitenote_note":"","_monsterinsights_sitenote_category":0,"ngg_post_thumbnail":0,"footnotes":""},"categories":[120],"tags":[],"class_list":["post-94336","post","type-post","status-publish","format-standard","hentry","category-essze"],"_links":{"self":[{"href":"https:\/\/ujkafe.website\/index.php?rest_route=\/wp\/v2\/posts\/94336","targetHints":{"allow":["GET"]}}],"collection":[{"href":"https:\/\/ujkafe.website\/index.php?rest_route=\/wp\/v2\/posts"}],"about":[{"href":"https:\/\/ujkafe.website\/index.php?rest_route=\/wp\/v2\/types\/post"}],"author":[{"embeddable":true,"href":"https:\/\/ujkafe.website\/index.php?rest_route=\/wp\/v2\/users\/3"}],"replies":[{"embeddable":true,"href":"https:\/\/ujkafe.website\/index.php?rest_route=%2Fwp%2Fv2%2Fcomments&post=94336"}],"version-history":[{"count":0,"href":"https:\/\/ujkafe.website\/index.php?rest_route=\/wp\/v2\/posts\/94336\/revisions"}],"wp:attachment":[{"href":"https:\/\/ujkafe.website\/index.php?rest_route=%2Fwp%2Fv2%2Fmedia&parent=94336"}],"wp:term":[{"taxonomy":"category","embeddable":true,"href":"https:\/\/ujkafe.website\/index.php?rest_route=%2Fwp%2Fv2%2Fcategories&post=94336"},{"taxonomy":"post_tag","embeddable":true,"href":"https:\/\/ujkafe.website\/index.php?rest_route=%2Fwp%2Fv2%2Ftags&post=94336"}],"curies":[{"name":"wp","href":"https:\/\/api.w.org\/{rel}","templated":true}]}}