
{"id":94373,"date":"2021-01-21T07:11:50","date_gmt":"2021-01-21T07:11:50","guid":{"rendered":"https:\/\/ujkafe.website\/?p=94373"},"modified":"2021-01-21T07:11:50","modified_gmt":"2021-01-21T07:11:50","slug":"szekedi-ferenc-arcok-szavak-emlekek-115-2","status":"publish","type":"post","link":"https:\/\/ujkafe.website\/?p=94373","title":{"rendered":"Sz\u00e9kedi Ferenc: Arcok, szavak, eml\u00e9kek (115.)"},"content":{"rendered":"<h2><em><strong>Vid\u00e9k \u00e9s t\u00e1rsadalom. Domus csoportos kutat\u00e1si programok<\/strong><\/em><\/h2>\n<p><em><strong>(St\u00e1tus Kiad\u00f3, 2019, szerkesztette Bod\u00f3 Julianna, KAM \u2013 Region\u00e1lis \u00e9s Antropol\u00f3giai &#8211; Kutat\u00e1sok K\u00f6zpontja &#8211; Cs\u00edkszereda)<\/strong><\/em><\/p>\n<p>Think tankek. Gondolat-tart\u00e1lyok. Magyar kifejez\u00e9ssel hadd nevezz\u00fck ink\u00e1bb agytr\u00f6szt\u00f6knek. Valamikor az Egyes\u00fclt \u00c1llamokban alakultak ki, \u00e9s olyannyira elterjedtek, hogy manaps\u00e1g m\u00e1r t\u00f6bb mint nyolcezer m\u0171k\u00f6dik bel\u0151l\u00fck a vil\u00e1gon. Eur\u00f3p\u00e1ban is legal\u00e1bb k\u00e9tezer.<!--more--><br \/>\nEgyr\u00e9szt szak\u00e9rt\u0151i v\u00e9lem\u00e9nyekkel szeretn\u00e9k al\u00e1t\u00e1masztani a politika d\u00f6nt\u00e9seit. M\u00e1sr\u00e9szt a nyilv\u00e1noss\u00e1gnak szeretn\u00e9k elmagyar\u00e1zni, \u00e9s a k\u00fcl\u00f6nb\u00f6z\u0151 t\u00e1rsadalmi csoportok \u00e1ltal elfogadtatni, amit a politika m\u00e1r am\u00fagyis eld\u00f6nt\u00f6tt. M\u00e9g akkor is, ha a d\u00f6nt\u00e9s \u00f6tletszer\u0171en, vagy szokatlan elm\u00e9letek alapj\u00e1n sz\u00fcletett meg. S\u0151t mi t\u00f6bb, ilyenkor m\u00e9g jobban meg kell nyomni a gombot.<br \/>\nMi itt, Erd\u00e9lyben, legink\u00e1bb a Magyarorsz\u00e1gr\u00f3l \u00e1tsug\u00e1rzott, vagy \u00e1th\u00edrport\u00e1lozott m\u00e9di\u00e1ban szoktunk tal\u00e1lkozni vel\u00fck.<br \/>\nA N\u00e9z\u0151pont Int\u00e9zet, a Sz\u00e1zadv\u00e9g, az Alapjogok\u00e9rt K\u00f6zpont a korm\u00e1ny n\u00e9zeteit igyekeznek magyar\u00e1zni uni\u00f3s, migr\u00e1ns, alkotm\u00e1nyjogi \u00e9s mindenf\u00e9le m\u00e1s k\u00e9rd\u00e9sben.<br \/>\nA Political Capital, a Republicon, a Policy Solutions \u00e9s az IDEA int\u00e9zetek az ellenz\u00e9k, legink\u00e1bb a baloldal v\u00e9lem\u00e9ny\u00e9t pr\u00f3b\u00e1lj\u00e1k al\u00e1t\u00e1masztani.<br \/>\nEz ut\u00f3bbiakat \u00e1ll\u00edt\u00f3lag a Soros-f\u00e9le globalista h\u00e1l\u00f3zat t\u00f6mi ki p\u00e9nzzel. Az el\u0151bbiek a korm\u00e1nyp\u00e9nzekb\u0151l, pontosan a magyarorsz\u00e1gi k\u00f6lts\u00e9gvet\u00e9sb\u0151l kapnak nagy megrendel\u00e9seket.<br \/>\nMindk\u00e9t f\u00e9l k\u00e9sz\u00edt k\u00f6zv\u00e9lem\u00e9nykutat\u00e1sokat, amelyeket azzal az id\u0151tlen megjegyz\u00e9ssel \u00e9rdemes tudom\u00e1sul venni, hogy minden szentnek \u00e9s \u00e1lszentnek maga fele hajlik a keze. Ahogyan Churchill mondta egykoron: \u201ecsak abban a statisztik\u00e1ban hiszek, amit \u00e9n magam hamis\u00edtok.\u201d Deh\u00e1t \u00e1ll\u00edt\u00f3lag m\u00e1r ebben sem lehet hinni, m\u00e1rmint az irodalmi Nobel-d\u00edjas angol minisztereln\u00f6ki mond\u00e1sban, mert a leg\u00fajabb kutat\u00e1sok szerint puszta legenda, valamikor a m\u00e1sodik vil\u00e1g\u00e9g\u00e9sben, a n\u00e9met \u00e9s angol h\u00edrh\u00e1bor\u00fak r\u00e1di\u00f3s szerkeszt\u0151s\u00e9geiben keletkezett ez a szellemes sz\u00f3f\u0171z\u00e9s.<br \/>\nDe az\u00e9rt l\u00e9teznek olyan adatsorok, olyan k\u00f6vetkeztet\u00e9sek, amelyekben mi itt, Erd\u00e9lyben, val\u00f3ban hihet\u00fcnk. Azok a KAM vizsg\u00e1latai, tanulm\u00e1nyai, az \u00e9vek, \u00e9vtizedek sor\u00e1n megjelentetett rengeteg k\u00f6nyve. Az int\u00e9zm\u00e9nybe t\u00f6m\u00f6r\u00fclt t\u00e1rsadalomkutat\u00f3k ugyanis roppant k\u00e9nyesek a szakmai min\u0151s\u00e9gre \u00e9s a mindennapi politik\u00e1t\u00f3l val\u00f3 kell\u0151 t\u00e1vols\u00e1gtart\u00e1sra, a vil\u00e1g tudom\u00e1nyos \u00e9let\u00e9vel val\u00f3 kapcsolath\u00e1l\u00f3kra.<br \/>\nAnnak idej\u00e9n, m\u00e9g 1979-ben, nem \u00e9ppen szokv\u00e1nyos k\u00f6r\u00fclm\u00e9nyek k\u00f6z\u00f6tt, Cs\u00edkszered\u00e1ban j\u00f6tt l\u00e9tre egy olyan kutat\u00f3csoport, amely a korabeli, er\u0151sen k\u00f6zpontos\u00edtott felsz\u00edn nagyotmond\u00e1sai \u00e9s k\u00f6zhelyei alatt pr\u00f3b\u00e1lta vizsg\u00e1lni a maga val\u00f3s\u00e1g\u00e1ban a h\u00e9tk\u00f6znapi t\u00e1rsadalmat. Megfigyel\u00e9seik n\u00e9prajzi vonatkoz\u00e1sait ugyan m\u00e9g elt\u0171rt\u00e9k, de azokban az \u00e9vekben, amikor a t\u00e1rsadalomtudom\u00e1nyok egyetemi oktat\u00e1s\u00e1t is megsz\u00fcntett\u00e9k, szinte mag\u00e1t\u00f3l \u00e9rtet\u0151d\u0151, hogy a k\u00f6zgondolkod\u00e1sb\u00f3l is ki szerett\u00e9k volna iktatni mindazt, ami elt\u00e9r a hivatalos ideol\u00f3gi\u00e1t\u00f3l.<br \/>\nIgy a KAM vir\u00e1gkora csup\u00e1n a rom\u00e1niai rendszerv\u00e1lt\u00e1s ut\u00e1n k\u00f6sz\u00f6nt\u00f6tt be, de akkor sem egyik pillanatr\u00f3l a m\u00e1sikra. Hiszen nem kis id\u0151nek kellett eltelnie ahhoz, am\u00edg az imm\u00e1r demokratikus alapokon nyugv\u00f3 vezet\u00e9s \u00e9s a politikai vit\u00e1kt\u00f3l egy\u00e1ltal\u00e1n nem mentes sz\u00e9kelyf\u00f6ldi \u00e9s erd\u00e9lyei magyar k\u00f6z\u00e9let r\u00e1j\u00f6tt arra, hogy nagy sz\u00fcks\u00e9g van a rendszerszint\u0171 gondolkod\u00e1sra, az int\u00e9zm\u00e9nyes\u00edtett felm\u00e9r\u00e9sekre, a sok-sok v\u00e1ltoz\u00f3-alakul\u00f3 egy\u00e9ni sors m\u00f6g\u00f6tt m\u00e9giscsak vizsg\u00e1lhat\u00f3 t\u00e1rsadalmi t\u00f6rv\u00e9nyszer\u0171s\u00e9gek \u00e1llnak. A KAM t\u00f6bb munkat\u00e1rsa az\u00f3ta ott munk\u00e1lkodott a Sapienta megalak\u00edt\u00e1s\u00e1n\u00e1l, kez\u00fck al\u00f3l a fiatal t\u00e1rsadalomkutat\u00f3k t\u00f6bb olyan nemzed\u00e9ke ker\u00fclt ki, akik vagy az akad\u00e9miai szf\u00e9r\u00e1ban jelentik az ut\u00e1np\u00f3tl\u00e1st, vagy saj\u00e1t kisebb-nagyobb k\u00f6z\u00f6ss\u00e9geikbe hoztak \u00faj szeml\u00e9letet, de mindenk\u00e9ppen j\u00f3val sz\u00e9lesebb hat\u00f3sugar\u00fav\u00e1, sokoldal\u00fabb\u00e1 tett\u00e9k a mindeddig els\u0151sorban irodalomk\u00f6zpont\u00fa erd\u00e9lyi \u00e9rtelmis\u00e9gi l\u00e9tet.<\/p>\n<p><a href=\"https:\/\/ujkafe.website\/wp-content\/uploads\/2021\/01\/115-1.jpg\"><img loading=\"lazy\" decoding=\"async\" class=\"alignnone  wp-image-94375\" src=\"https:\/\/ujkafe.website\/wp-content\/uploads\/2021\/01\/115-1-300x265.jpg\" alt=\"\" width=\"485\" height=\"428\" srcset=\"https:\/\/ujkafe.website\/wp-content\/uploads\/2021\/01\/115-1-300x265.jpg 300w, https:\/\/ujkafe.website\/wp-content\/uploads\/2021\/01\/115-1-768x680.jpg 768w, https:\/\/ujkafe.website\/wp-content\/uploads\/2021\/01\/115-1-1024x906.jpg 1024w, https:\/\/ujkafe.website\/wp-content\/uploads\/2021\/01\/115-1.jpg 1850w\" sizes=\"auto, (max-width: 485px) 100vw, 485px\" \/><\/a><br \/>\nA KAM-k\u00f6nyvek ingyenesek. Ha a v\u00edrusj\u00e1rv\u00e1ny ut\u00e1n valaki beugrik a Sapienti\u00e1ra, akkor t\u00f6bbet is elvihet bel\u0151l\u00fck. Gondolkodni tan\u00edtanak \u00e9s legink\u00e1bb arra, hogy t\u00e1gabb \u00f6sszef\u00fcgg\u00e9sekben, helyi \u00e9s region\u00e1lis j\u00f6v\u0151k\u00e9p keres\u00e9sekben mik\u00e9nt k\u00e9pzelj\u00fck el a huszonegyedik sz\u00e1zadi, val\u00f3s sz\u00e9kelyf\u00f6ldi \u00e9let\u00e9t.<\/p>\n","protected":false},"excerpt":{"rendered":"<p>Vid\u00e9k \u00e9s t\u00e1rsadalom. Domus csoportos kutat\u00e1si programok (St\u00e1tus Kiad\u00f3, 2019, szerkesztette Bod\u00f3 Julianna, KAM \u2013 Region\u00e1lis \u00e9s Antropol\u00f3giai &#8211; Kutat\u00e1sok K\u00f6zpontja &#8211; Cs\u00edkszereda) Think tankek. Gondolat-tart\u00e1lyok. Magyar kifejez\u00e9ssel hadd nevezz\u00fck ink\u00e1bb agytr\u00f6szt\u00f6knek. Valamikor az Egyes\u00fclt \u00c1llamokban alakultak ki, \u00e9s olyannyira elterjedtek, hogy manaps\u00e1g m\u00e1r t\u00f6bb mint nyolcezer m\u0171k\u00f6dik bel\u0151l\u00fck a vil\u00e1gon. Eur\u00f3p\u00e1ban is legal\u00e1bb k\u00e9tezer.<\/p>\n","protected":false},"author":3,"featured_media":0,"comment_status":"open","ping_status":"open","sticky":false,"template":"","format":"standard","meta":{"_monsterinsights_skip_tracking":false,"_monsterinsights_sitenote_active":false,"_monsterinsights_sitenote_note":"","_monsterinsights_sitenote_category":0,"ngg_post_thumbnail":0,"footnotes":""},"categories":[120],"tags":[],"class_list":["post-94373","post","type-post","status-publish","format-standard","hentry","category-essze"],"_links":{"self":[{"href":"https:\/\/ujkafe.website\/index.php?rest_route=\/wp\/v2\/posts\/94373","targetHints":{"allow":["GET"]}}],"collection":[{"href":"https:\/\/ujkafe.website\/index.php?rest_route=\/wp\/v2\/posts"}],"about":[{"href":"https:\/\/ujkafe.website\/index.php?rest_route=\/wp\/v2\/types\/post"}],"author":[{"embeddable":true,"href":"https:\/\/ujkafe.website\/index.php?rest_route=\/wp\/v2\/users\/3"}],"replies":[{"embeddable":true,"href":"https:\/\/ujkafe.website\/index.php?rest_route=%2Fwp%2Fv2%2Fcomments&post=94373"}],"version-history":[{"count":0,"href":"https:\/\/ujkafe.website\/index.php?rest_route=\/wp\/v2\/posts\/94373\/revisions"}],"wp:attachment":[{"href":"https:\/\/ujkafe.website\/index.php?rest_route=%2Fwp%2Fv2%2Fmedia&parent=94373"}],"wp:term":[{"taxonomy":"category","embeddable":true,"href":"https:\/\/ujkafe.website\/index.php?rest_route=%2Fwp%2Fv2%2Fcategories&post=94373"},{"taxonomy":"post_tag","embeddable":true,"href":"https:\/\/ujkafe.website\/index.php?rest_route=%2Fwp%2Fv2%2Ftags&post=94373"}],"curies":[{"name":"wp","href":"https:\/\/api.w.org\/{rel}","templated":true}]}}