
{"id":94415,"date":"2021-01-28T02:53:43","date_gmt":"2021-01-28T02:53:43","guid":{"rendered":"https:\/\/ujkafe.website\/?p=94415"},"modified":"2021-01-23T15:16:24","modified_gmt":"2021-01-23T15:16:24","slug":"szekedi-ferenc-arcok-szavak-emlekek-120","status":"publish","type":"post","link":"https:\/\/ujkafe.website\/?p=94415","title":{"rendered":"Sz\u00e9kedi Ferenc: Arcok, szavak, eml\u00e9kek (120.)"},"content":{"rendered":"<h2><em><strong>Dr. Kov\u00e1cs J\u00f3zsef Zolt\u00e1n: Hegyek, tavak, vir\u00e1gok. Mun\u0163i, lacuri, flori. Berge, See, Blumen<\/strong><\/em><\/h2>\n<p><em><strong>(Sz\u00e9kelykereszt\u00far, 2018. A k\u00f6nyv a szerz\u0151 saj\u00e1t kiad\u00e1sa. Nyomta \u00e9s k\u00f6t\u00f6tte az Alutus nyomda, Cs\u00edkszereda.)<\/strong><\/em><\/p>\n<p>H\u00e1rom vagy n\u00e9gy \u00e9ve lehetett. Nem ismertem. \u0150 ismert. M\u00e1rmint \u00edr\u00e1saimr\u00f3l. \u00c9s megk\u00e9rdezte, van rengeteg sz\u00ednes term\u00e9szet- \u00e9s vadvir\u00e1gfot\u00f3ja, vajon hol tudn\u00e1 megjelentetni? K\u00f6nyvben, pap\u00edron.<!--more--><br \/>\nMegpr\u00f3b\u00e1ltam lebesz\u00e9lni. Hogy a mai digit\u00e1lis vil\u00e1gban egyszer\u0171bb a vil\u00e1gh\u00e1l\u00f3ra feltenni. Hogy mag\u00e1nkiad\u00e1sban nagyon sok p\u00e9nzbe ker\u00fcl. Hogy nyomtat\u00e1sban v\u00e1ltoznak a sz\u00ednek. Eltol\u00f3dnak, m\u00e1sok lesznek az \u00e1rnyalatok. De csak cs\u00f3v\u00e1lta a fej\u00e9t. Ha megjelennek \u2013 mondta -, majd megveszik az iskol\u00e1k \u00e9s milyen hasznos lesz a gyermekeknek.<br \/>\nT\u00e1vozott, majd m\u00e9g n\u00e9h\u00e1nyszor visszat\u00e9rt. Hogy mondjak kiad\u00f3kat. Nyomd\u00e1kat. Szerkeszt\u0151ket. Mondtam. De m\u00e1r nem f\u0171ztem hozz\u00e1 semmit. L\u00e1ttam, hogy am\u00fagy sem lehet lebesz\u00e9lni. Szenved\u00e9lyes. Amit eld\u00f6nt\u00f6tt, azt t\u0171z\u00f6n-v\u00edzen kereszt\u00fclviszi.<br \/>\n\u00c9s azut\u00e1n egyszer csak azt olvastam, hogy a Sz\u00e9kelykereszt\u00fari V\u00e1rosnapok-on bemutatj\u00e1k Dr. Kov\u00e1cs J\u00f3zsef Zolt\u00e1n (1947) \u00e1llatorvos k\u00f6nyv\u00e9t.<br \/>\nA t\u00f6bbnapos rendezv\u00e9nysorozaton volt ott m\u00e9g m\u00e1sfajta bemutat\u00f3, vet\u00e9lked\u0151, f\u0151z\u0151verseny, versmond\u00e1s, koncert, buli, miegym\u00e1s, ami ilyenkor lenni szokott \u00e9s ami el is m\u00falik nyomtalanul.<br \/>\nDe a k\u00f6nyve megmaradt \u00e9s akkor megint elj\u00f6tt hozz\u00e1m, hogy lehetne-e sz\u00e9lesebb k\u00f6rben ismertetni. A Sapienti\u00e1n \u2013 mondtam, ott term\u00e9szetkedvel\u0151 tan\u00e1rok \u00e9s di\u00e1kok vannak. \u00c9s eladni? Felsoroltam neki n\u00e9h\u00e1ny k\u00f6nyvterjeszt\u0151 c\u00edm\u00e9t, nemcsak Hargita megy\u00e9ben, hanem online is.<br \/>\n\u00c9s most, amikor ut\u00e1nan\u00e9zek, hogy mi t\u00f6rt\u00e9nt a k\u00f6nyv\u00e9vel, l\u00e1tom, hogy mifel\u00e9nk a legnagyobb online elad\u00f3kn\u00e1l m\u00e9g mindig felbukkan.<br \/>\nA t\u00f6bb mint k\u00e9tsz\u00e1z oldalas, h\u00e1rom nyelv\u0171 albumban \u00f6nmag\u00e1r\u00f3l nem sokat \u00edr. Mind\u00f6ssze annyit, hogy 1970-ben diplom\u00e1zott Kolozsv\u00e1ron az \u00e1llatorvosi egyetemen. Hogy bej\u00e1rta a K\u00e1rp\u00e1tokat \u00e9s az Alpok nagy r\u00e9sz\u00e9t, tagja volt az Osztr\u00e1k Alpin klubnak, az Erd\u00e9lyi K\u00e1rp\u00e1t Egyes\u00fcletnek \u00e9s a Rom\u00e1niai Gomb\u00e1sz Egyes\u00fcletnek. Hogy Bukarestben, Budapesten, Kolozsv\u00e1rt, Brass\u00f3ban, Marosv\u00e1s\u00e1rhelyen, Cs\u00edkszered\u00e1ban, Szebenben, Sz\u00e9kelyudvarhelyen stb. tartott vet\u00edt\u00e9ssel egybek\u00f6t\u00f6tt el\u0151ad\u00e1sokat a gleccsertavakr\u00f3l, hegyekr\u0151l \u00e9s vir\u00e1gokr\u00f3l. Hogy ebben a k\u00f6tetben mind\u00f6ssze 400 vir\u00e1got \u00e9s 100 tavat mutat be, 1974-ben kezdte a fot\u00f3z\u00e1st egy egyszer\u0171, szovjet Szmena g\u00e9ppel, 16-szor j\u00e1rt az Alpokban \u00e9s ebb\u0151l 11-szer egyed\u00fcl, mert csak \u00edgy lehet vir\u00e1gok ut\u00e1n kutatni.<br \/>\nDe a vir\u00e1gok val\u00f3ban gy\u00f6ny\u00f6r\u0171ek! Ott a nev\u00fck is latinul, magyarul, rom\u00e1nul, n\u00e9met\u00fcl. Istenem, micsoda nevek! K\u00fcl\u00f6n dallamuk van, egyedi hangz\u00e1svil\u00e1guk. K\u00e9k\u00fcst\u00f6k\u0171 csormolya. Kisf\u00e9szk\u0171 hangyabog\u00e1ncs. T\u00f6rpe harangrojt. Havasi zergevir\u00e1g. Alhavasi tejel\u0151ke. Tompalevel\u0171 gombaf\u0171. Hegyi cikl\u00e1sz. Kereklevel\u0171 iglice. K\u00e9k csatavir\u00e1g. Farkas\u00f6l\u0151 sisakvir\u00e1g. Gyepes pirosl\u00f3 szappanf\u0171. F\u00e9lg\u00f6mb\u00f6s varj\u00fak\u00f6r\u00f6m. Foltos pelyvahord\u00f3. Borzas peremics. Havasi szosz\u00fcrbog\u00e1ncs. Vajsz\u00edn\u0171 \u00f6rd\u00f6gszem. Vajon ki adja ezeket a neveket? Vajon ki tal\u00e1lja ki? Nyelv\u00e9szek? J\u00e1t\u00e9kos kedv\u0171 amat\u0151r nyelv\u00faj\u00edt\u00f3k? Botanikusok? Vagy valamif\u00e9le n\u00e9pi, n\u00e9pies \u00e1tiratok?<br \/>\nHa valaki err\u0151l a vir\u00e1gn\u00e9v-ad\u00f3 t\u00e9m\u00e1r\u00f3l \u00edr majd egy vagy t\u00f6bb tanulm\u00e1nyt \u00e9s hozz\u00e1m fordul, \u00edg\u00e9rem, hogy seg\u00edtek megjelentetni. Ak\u00e1r digit\u00e1lisan, ak\u00e1r nyomtatva. Mert rengeteget hozz\u00e1tesz a magyar nyelv sz\u00e9ps\u00e9g\u00e9hez. A k\u00e9pzel\u0151er\u0151h\u00f6z. \u00c9s ahhoz a szenved\u00e9lyhez, amely n\u00e9lk\u00fcl oly sok mindent nem lehetne megalkotni. Mert \u00e1ltal\u00e1ban a szenved\u00e9ly, a kitart\u00e1s, a fel nem ad\u00e1s k\u00e9pess\u00e9 teszi \u0151szint\u00e9v\u00e9 \u00e9s val\u00f3ban \u00e9rt\u00e9kelhet\u0151v\u00e9 az emberi c\u00e9lokat.<\/p>\n<p><a href=\"https:\/\/ujkafe.website\/wp-content\/uploads\/2021\/01\/120.jpg\"><img loading=\"lazy\" decoding=\"async\" class=\"alignnone  wp-image-94417\" src=\"https:\/\/ujkafe.website\/wp-content\/uploads\/2021\/01\/120-300x117.jpg\" alt=\"\" width=\"503\" height=\"196\" srcset=\"https:\/\/ujkafe.website\/wp-content\/uploads\/2021\/01\/120-300x117.jpg 300w, https:\/\/ujkafe.website\/wp-content\/uploads\/2021\/01\/120-768x301.jpg 768w, https:\/\/ujkafe.website\/wp-content\/uploads\/2021\/01\/120-1024x401.jpg 1024w, https:\/\/ujkafe.website\/wp-content\/uploads\/2021\/01\/120.jpg 1737w\" sizes=\"auto, (max-width: 503px) 100vw, 503px\" \/><\/a><\/p>\n","protected":false},"excerpt":{"rendered":"<p>Dr. Kov\u00e1cs J\u00f3zsef Zolt\u00e1n: Hegyek, tavak, vir\u00e1gok. Mun\u0163i, lacuri, flori. Berge, See, Blumen (Sz\u00e9kelykereszt\u00far, 2018. A k\u00f6nyv a szerz\u0151 saj\u00e1t kiad\u00e1sa. Nyomta \u00e9s k\u00f6t\u00f6tte az Alutus nyomda, Cs\u00edkszereda.) H\u00e1rom vagy n\u00e9gy \u00e9ve lehetett. Nem ismertem. \u0150 ismert. M\u00e1rmint \u00edr\u00e1saimr\u00f3l. \u00c9s megk\u00e9rdezte, van rengeteg sz\u00ednes term\u00e9szet- \u00e9s vadvir\u00e1gfot\u00f3ja, vajon hol tudn\u00e1 megjelentetni? K\u00f6nyvben, pap\u00edron.<\/p>\n","protected":false},"author":3,"featured_media":0,"comment_status":"open","ping_status":"open","sticky":false,"template":"","format":"standard","meta":{"_monsterinsights_skip_tracking":false,"_monsterinsights_sitenote_active":false,"_monsterinsights_sitenote_note":"","_monsterinsights_sitenote_category":0,"ngg_post_thumbnail":0,"footnotes":""},"categories":[120],"tags":[],"class_list":["post-94415","post","type-post","status-publish","format-standard","hentry","category-essze"],"_links":{"self":[{"href":"https:\/\/ujkafe.website\/index.php?rest_route=\/wp\/v2\/posts\/94415","targetHints":{"allow":["GET"]}}],"collection":[{"href":"https:\/\/ujkafe.website\/index.php?rest_route=\/wp\/v2\/posts"}],"about":[{"href":"https:\/\/ujkafe.website\/index.php?rest_route=\/wp\/v2\/types\/post"}],"author":[{"embeddable":true,"href":"https:\/\/ujkafe.website\/index.php?rest_route=\/wp\/v2\/users\/3"}],"replies":[{"embeddable":true,"href":"https:\/\/ujkafe.website\/index.php?rest_route=%2Fwp%2Fv2%2Fcomments&post=94415"}],"version-history":[{"count":0,"href":"https:\/\/ujkafe.website\/index.php?rest_route=\/wp\/v2\/posts\/94415\/revisions"}],"wp:attachment":[{"href":"https:\/\/ujkafe.website\/index.php?rest_route=%2Fwp%2Fv2%2Fmedia&parent=94415"}],"wp:term":[{"taxonomy":"category","embeddable":true,"href":"https:\/\/ujkafe.website\/index.php?rest_route=%2Fwp%2Fv2%2Fcategories&post=94415"},{"taxonomy":"post_tag","embeddable":true,"href":"https:\/\/ujkafe.website\/index.php?rest_route=%2Fwp%2Fv2%2Ftags&post=94415"}],"curies":[{"name":"wp","href":"https:\/\/api.w.org\/{rel}","templated":true}]}}