
{"id":94483,"date":"2021-01-31T02:50:35","date_gmt":"2021-01-31T02:50:35","guid":{"rendered":"https:\/\/ujkafe.website\/?p=94483"},"modified":"2021-01-31T05:34:21","modified_gmt":"2021-01-31T05:34:21","slug":"marias-jozsef-kitepett-noteszlapok-nemeth-laszlo-eklezsiajaban-2","status":"publish","type":"post","link":"https:\/\/ujkafe.website\/?p=94483","title":{"rendered":"M\u00e1ri\u00e1s J\u00f3zsef: Kit\u00e9pett noteszlapok \/ N\u00e9meth L\u00e1szl\u00f3 ekl\u00e9zsi\u00e1j\u00e1ban (2)"},"content":{"rendered":"<p>Az <em>Iszony<\/em> \u00e9s a <em>B\u0171n<\/em> c\u00edm\u0171 alkot\u00e1sok m\u00e9ltat\u00e1s\u00e1t (Szatm\u00e1ri H\u00edrlap, 1968, illetve B\u00e1nyavid\u00e9ki F\u00e1klya, 1971) k\u00f6vet\u0151en kihaszn\u00e1ltam minden alkalmat, lehet\u0151s\u00e9get (csak azokr\u00f3l a m\u0171vekr\u0151l \u00edrhattunk, amelyek otthon jelentek meg, illetve azokr\u00f3l a sz\u00ednm\u0171vekr\u0151l, melyeket hazai sz\u00ednh\u00e1zak mutattak be), hogy N\u00e9meth L\u00e1szl\u00f3 munk\u00e1ss\u00e1g\u00e1ra h\u00edvjam fel az olvas\u00f3k figyelm\u00e9t. \u00cdgy j\u00f6tt sorra a <em>Gy\u00e1sz<\/em> (1976), a F\u00e1bi\u00e1n Ern\u0151 gondoz\u00e1sban megjelent <em>Pedag\u00f3giai \u00edr\u00e1sok<\/em> (1980), az <em>\u00c9get\u0151 Eszte<\/em>r (1984), az<em> Irgalom<\/em> rom\u00e1n nyelv\u0171 kiad\u00e1s\u00e1r\u00f3l sz\u00f3l\u00f3 \u00edr\u00e1s (1990); a <em>Vill\u00e1mf\u00e9nyn\u00e9l<\/em> szatm\u00e1ri bemutat\u00f3j\u00e1nak rom\u00e1n nyelv\u0171 m\u00e9ltat\u00e1sa (1977), valamint a nagyv\u00e1radiak vend\u00e9gj\u00e1t\u00e9k\u00e1r\u00f3l \u2013 a <em>Papucsh\u0151s<\/em> \u2013 sz\u00f3l\u00f3 sz\u00ednh\u00e1zi kr\u00f3nika. (1988)<!--more--><br \/>\nAz 1989-es politikai fordulat felnyitotta a zsilipeket. Az \u00e9letrajzi vonatkoz\u00e1s\u00fa \u00e9vfordul\u00f3k, jubileumok k\u00edn\u00e1lta alkalmak \u201ekihaszn\u00e1l\u00e1s\u00e1r\u00f3l\u201d az el\u0151bbi k\u00f6zlem\u00e9nyemben r\u00e9szletesen besz\u00e1moltam. Mellett\u00fck, vel\u00fck p\u00e1rhuzamosan jelent meg a nagyb\u00e1nyai \u00e9s szatm\u00e1rn\u00e9meti napi- \u00e9s hetilapokban \u2013 jegyzetek form\u00e1j\u00e1ban \u2013 sok \u201eapr\u00f3munka\u201d, amelyek egy-egy jelens\u00e9gre utaltak. T\u00e9m\u00e1juk, tartalmuk sokr\u00e9t\u0171 k\u00e9rd\u00e9seket vetett fel: N\u00e9meth L\u00e1szl\u00f3 gondolatai a duna-v\u00f6lgyi sorsk\u00f6z\u00f6ss\u00e9gr\u0151l, dr\u00e1m\u00e1i a rom\u00e1niai sz\u00ednpadokon, reformeszm\u00e9inek id\u0151szer\u0171s\u00e9ge, tov\u00e1bb\u00e1 az \u00e9let\u00fathoz k\u00f6t\u0151d\u0151 megeml\u00e9kez\u00e9sek. Ez az id\u0151szak adott lehet\u0151s\u00e9get arra, hogy az addigiakhoz k\u00e9pest sz\u00e9lesebb k\u00f6rben, a Korunk has\u00e1bjain sz\u00f3v\u00e1 tegyek n\u00e9h\u00e1ny, engem foglalkoztat\u00f3 k\u00e9rd\u00e9st. Ilyen volt a <em>Sorsk\u00e9rd\u00e9sek<\/em>, valamint az <em>Emberi sz\u00ednj\u00e1t\u00e9k<\/em> c\u00edm\u0171 k\u00f6tetr\u0151l \u00edrott m\u00e9ltat\u00e1s, a levelesk\u00f6nyv \u00e9rt\u00e9keire utal\u00f3 figyelemfelkelt\u00e9s; sz\u00f3v\u00e1 tettem, hogy a N\u00e9meth L\u00e1szl\u00f3 \u00e9s Veress D\u00e1niel lev\u00e9lv\u00e1lt\u00e1s\u00e1t k\u00f6zl\u0151 k\u00f6tet mi\u00e9rt nem Rom\u00e1ni\u00e1ban jelent meg, hogy \u201990 ut\u00e1n mi\u00e9rt maradtak el az \u00fajabb sz\u00ednh\u00e1zi bemutat\u00f3k Erd\u00e9lyben\u2026<br \/>\nAz igazi \u201e\u00e1tt\u00f6r\u00e9st\u201d nem ezek hozt\u00e1k el sz\u00e1momra. Az \u00e9vfordul\u00f3s \u00fcnneps\u00e9gek, centen\u00e1riumi alkalmak r\u00e9v\u00e9n el\u0151ad\u00f3k\u00e9nt lehettem jelen a Korunk foly\u00f3irat szervezte kolozsv\u00e1ri \u00fcnneps\u00e9gen \u00e9s Magyarorsz\u00e1gon is \u2013 Debrecenben, Kecskem\u00e9ten, Budapesten a Pet\u0151fi Irodalmi M\u00fazeumban tartott orsz\u00e1gos rendezv\u00e9nyen; tanulm\u00e1nyom jelent meg Sz\u00e9kesfeh\u00e9rv\u00e1ron a N\u00e9meth L\u00e1szl\u00f3 T\u00e1rsas\u00e1g \u00e9s a V\u00f6r\u00f6smarty T\u00e1rsas\u00e1g kiadv\u00e1ny\u00e1ban \u2013 <em>Az \u00edr\u00f3 rejtettebb birtok\u00e1n<\/em> \u2013, tov\u00e1bb\u00e1 debreceni Csokonai Universitas K\u00f6nyvt\u00e1r <em>N\u00e9meth L\u00e1szl\u00f3 irodalomszeml\u00e9lete<\/em> (1999), illetve <em>A pr\u00f3za\u00edr\u00f3 N\u00e9meth L\u00e1szl\u00f3<\/em> (2005) c\u00edm\u0171 k\u00f6teteiben.<br \/>\nA Magyar Elektronikus K\u00f6nyvt\u00e1r nyitott teret sz\u00e1momra, hogy tanulm\u00e1nyaim imm\u00e1r a vil\u00e1gh\u00e1l\u00f3ra is f\u00f6lker\u00fcljenek. Cseke G\u00e1bor \u00e9rt\u0151 \u00e9s gondos szerkeszt\u0151i munk\u00e1j\u00e1nak k\u00f6sz\u00f6nhet\u0151en lett el\u00e9rhet\u0151, t\u00f6bbek k\u00f6zt, 2011-ben <em>A magyar vigy\u00e1z\u00f3<\/em> c\u00edmmel k\u00f6zz\u00e9tett k\u00f6tet, amely a r\u00f3la sz\u00f3l\u00f3 tanulm\u00e1nyok mellett k\u00f6zli <em>N\u00e9meth L\u00e1szl\u00f3 rom\u00e1niai bibliogr\u00e1fia: 1928\u20132011<\/em> c\u00edm\u0171 adatt\u00e1rat. A benn\u00fck k\u00f6z\u00f6lt tanulm\u00e1nyok f\u0151leg az \u00edr\u00f3 erd\u00e9lyi k\u00f6t\u0151d\u00e9seit helyezt\u00e9k el\u0151t\u00e9rbe: \u201eGondolataidb\u00f3l \u00e9l\u00fcnk\u201d N\u00e9meth L\u00e1szl\u00f3 m\u0171veinek rom\u00e1niai visszhangja, A pr\u00f3za\u00edr\u00f3 fogadtat\u00e1sa Erd\u00e9lyben. Reg\u00e9nyei m\u00e9g nem, de h\u00edr\u00fck eljutott hozz\u00e1nk, A j\u00f6v\u0151 sz\u00f6vets\u00e9geseik\u00e9nt \u2013 m\u00e1s\u2013m\u00e1s csillagp\u00e1ly\u00e1n haladva N\u00e9meth L\u00e1szl\u00f3 p\u00e1ly\u00e1ja Nagyb\u00e1ny\u00e1t\u00f3l a Korunkig; \u201eA magnak meg kell halnia, hogy kal\u00e1sz legyen bel\u0151le\u201d \u2013 N\u00e9meth L\u00e1szl\u00f3 arca a Korunk t\u00fckr\u00e9ben; Tudunk\u2013e valaha c\u00e9ljainkhoz m\u00e9lt\u00f3 hadrendbe \u00e1llni? \u2013 N\u00e9meth L\u00e1szl\u00f3 Magyarok Rom\u00e1ni\u00e1ban c\u00edm\u0171 \u00fatirajz\u00e1nak erd\u00e9lyi visszhangj\u00e1r\u00f3l; \u201eA magyar term\u00e9szet \u00faj megnyilatkoz\u00e1sa \u0151\u201d \u2013 N\u00e9meth L\u00e1szl\u00f3 Tam\u00e1si \u00c1ronr\u00f3l; Ap\u00e1czai Csere J\u00e1nos \u2013 kett\u0151s megk\u00f6zel\u00edt\u00e9sben\u2013 Azonoss\u00e1gok \u00e9s k\u00fcl\u00f6nb\u00f6z\u0151s\u00e9gek N\u00e9meth L\u00e1szl\u00f3 \u00e9s P\u00e1sk\u00e1ndi G\u00e9za Ap\u00e1czai\u2013dr\u00e1m\u00e1j\u00e1ban; \u201eBenned rovom erd\u00e9lyi ad\u00f3mat\u201d N\u00e9meth L\u00e1szl\u00f3 \u00e9s Veress D\u00e1niel lev\u00e9lv\u00e1lt\u00e1sa. Mellett\u00fck \u00e1ltal\u00e1nos vonatkoz\u00e1s\u00fa \u00edr\u00e1sok is szerepelnek: \u201eAz irodalom a magyars\u00e1g akarata\u201d \u2013 N\u00e9meth L\u00e1szl\u00f3 irodalomszeml\u00e9lete a K\u00e9sz\u00fcl\u0151d\u00e9s kor\u00e1ban; \u201eEgy kis n\u00e9p joga az \u00e9lethez: hogy k\u00fcl\u00f6nb\u201d \u2013 N\u00e9meth L\u00e1szl\u00f3 a kisebbs\u00e9gi magyars\u00e1g sorsk\u00e9rd\u00e9seir\u0151l. A k\u00f6tet sikere minden rem\u00e9nyemet meghaladta: megjelen\u00e9se \u00f3ta hatezern\u00e9l t\u00f6bben l\u00e1jkolt\u00e1k. (A k\u00f6tet el\u00e9rhet\u0151s\u00e9ge: <a href=\"http:\/\/mek.oszk.hu\/09000\/09069\">http:\/\/mek.oszk.hu\/09000\/09069<\/a>)<br \/>\nHetven\u00f6t \u00e9vesen meg\u00e9rhettem, hogy els\u0151k\u00f6tetes irodalomt\u00f6rt\u00e9n\u00e9sz lehetek. A Fels\u0151magyarorsz\u00e1g Kiad\u00f3n\u00e1l megjelent k\u00f6tetembe, k\u00e9s\u0151bb pedig a Kriterion \u00e9s M\u0171vel\u0151d\u00e9s \u00e1ltal gondozott k\u00f6nyvembe, a munk\u00e1ss\u00e1gomra legink\u00e1bb jellemz\u0151 t\u00e9m\u00e1t tan\u00fas\u00edtand\u00f3, a MEK-k\u00f6tetb\u0151l k\u00e9t\u2013k\u00e9t \u00edr\u00e1st vettem \u00e1t.<br \/>\nEzzel testet \u00f6lt\u00f6tt, kiteljesedett az \u00e1lom, amely j\u00f3 \u00f6tven \u00e9vvel ezel\u0151tt fogant meg. \u00c1m ehhez k\u00f6t\u0151dik \u00e9letem harmadik szem\u00e9lyes kudarca is. Csup\u00e1n eml\u00e9keztet\u0151\u00fcl: egyetemi \u00e9veim alatt elmulasztottam a fels\u0151b\u00e1nyai b\u00e1ny\u00e1sz szaksz\u00f3kincs \u00f6sszegy\u0171jt\u00e9s\u00e9t, feldolgoz\u00e1s\u00e1t; \u00fajs\u00e1g\u00edr\u00f3i p\u00e1ly\u00e1m derek\u00e1n nem volt el\u00e9g amb\u00edci\u00f3m a tervezett szociol\u00f3giai munka elv\u00e9gz\u00e9s\u00e9re, az avas\u00fajv\u00e1rosi ing\u00e1z\u00e1s t\u00e1rsadalmi kihat\u00e1sainak felm\u00e9r\u00e9s\u00e9re. Mi volt a harmadik? Doktor\u00e1lni a N\u00e9meth L\u00e1szl\u00f3 \u00e9letm\u0171ve, irodalmi munk\u00e1ss\u00e1g\u00e1nak valamely szegmens\u00e9b\u0151l.<br \/>\nAmikor jelentkeztem, a kolozsv\u00e1ri professzor azt k\u00e9rdezte t\u0151lem: ugyan mit tud \u00edrni \u00f6n arr\u00f3l az \u00e9letm\u0171r\u0151l, amir\u0151l m\u00e1sok, magyarorsz\u00e1giak, m\u00e1r oly sok mindent meg\u00edrtak? Nem tudtam, mit feleljek r\u00e1, hisz \u00e9n eligaz\u00edt\u00e1st, t\u00e1mogat\u00e1st, biztat\u00e1st rem\u00e9ltem, nem k\u00e9rd\u00e9st, amiben minden volt, csak az nem, amit v\u00e1rtam volna: biztat\u00e1s. Bizonyos voltam abban, hogy melyek az \u00e9n szellemi kapacit\u00e1saim\/k\u00e9pess\u00e9geim. Sosem soroltam, k\u00e9pzeltem magam a nagyok k\u00f6z\u00e9. Czine Mih\u00e1ly, Grezsa Ferenc, G\u00f6r\u00f6mbei Andr\u00e1s, Monostori Imre, Cs. Varga Istv\u00e1n, Bertha Zolt\u00e1n, F\u00fczi L\u00e1szl\u00f3, Olasz S\u00e1ndor, S\u00e1ndor Iv\u00e1n, T\u00fcsk\u00e9s Tibor\u2026 s mind a t\u00f6bbiek a N\u00e9meth L\u00e1szl\u00f3-\u00e9letm\u0171 \u00e9rt\u00e9kel\u00e9s\u00e9ben oly magaslatokat \u00e9rtek el, ahova \u00e9s csak legjobb pillanataimban v\u00e1gyakozhattam. De v\u00e1gyakoztam! Abban a hitben dolgoztam, hogy \u00e1rny\u00e9kukban, biztat\u00e1sukra tal\u00e1n egy t\u00e9gl\u00e1val \u00e9n is hozz\u00e1 j\u00e1rulhatok ahhoz a szellemi katedr\u00e1lishoz, amelynek olt\u00e1r\u00e1n\u00e1l \u00e9n is ministr\u00e1lhattam.<br \/>\nSz\u00e9p volt, j\u00f3 volt! Irodalmi tev\u00e9kenys\u00e9gem \u2013 nekem \u2013 legszebb gy\u00fcm\u00f6lcse.<\/p>\n","protected":false},"excerpt":{"rendered":"<p>Az Iszony \u00e9s a B\u0171n c\u00edm\u0171 alkot\u00e1sok m\u00e9ltat\u00e1s\u00e1t (Szatm\u00e1ri H\u00edrlap, 1968, illetve B\u00e1nyavid\u00e9ki F\u00e1klya, 1971) k\u00f6vet\u0151en kihaszn\u00e1ltam minden alkalmat, lehet\u0151s\u00e9get (csak azokr\u00f3l a m\u0171vekr\u0151l \u00edrhattunk, amelyek otthon jelentek meg, illetve azokr\u00f3l a sz\u00ednm\u0171vekr\u0151l, melyeket hazai sz\u00ednh\u00e1zak mutattak be), hogy N\u00e9meth L\u00e1szl\u00f3 munk\u00e1ss\u00e1g\u00e1ra h\u00edvjam fel az olvas\u00f3k figyelm\u00e9t. \u00cdgy j\u00f6tt sorra a Gy\u00e1sz (1976), a F\u00e1bi\u00e1n [&hellip;]<\/p>\n","protected":false},"author":3,"featured_media":0,"comment_status":"open","ping_status":"open","sticky":false,"template":"","format":"standard","meta":{"_monsterinsights_skip_tracking":false,"_monsterinsights_sitenote_active":false,"_monsterinsights_sitenote_note":"","_monsterinsights_sitenote_category":0,"ngg_post_thumbnail":0,"footnotes":""},"categories":[120],"tags":[],"class_list":["post-94483","post","type-post","status-publish","format-standard","hentry","category-essze"],"_links":{"self":[{"href":"https:\/\/ujkafe.website\/index.php?rest_route=\/wp\/v2\/posts\/94483","targetHints":{"allow":["GET"]}}],"collection":[{"href":"https:\/\/ujkafe.website\/index.php?rest_route=\/wp\/v2\/posts"}],"about":[{"href":"https:\/\/ujkafe.website\/index.php?rest_route=\/wp\/v2\/types\/post"}],"author":[{"embeddable":true,"href":"https:\/\/ujkafe.website\/index.php?rest_route=\/wp\/v2\/users\/3"}],"replies":[{"embeddable":true,"href":"https:\/\/ujkafe.website\/index.php?rest_route=%2Fwp%2Fv2%2Fcomments&post=94483"}],"version-history":[{"count":0,"href":"https:\/\/ujkafe.website\/index.php?rest_route=\/wp\/v2\/posts\/94483\/revisions"}],"wp:attachment":[{"href":"https:\/\/ujkafe.website\/index.php?rest_route=%2Fwp%2Fv2%2Fmedia&parent=94483"}],"wp:term":[{"taxonomy":"category","embeddable":true,"href":"https:\/\/ujkafe.website\/index.php?rest_route=%2Fwp%2Fv2%2Fcategories&post=94483"},{"taxonomy":"post_tag","embeddable":true,"href":"https:\/\/ujkafe.website\/index.php?rest_route=%2Fwp%2Fv2%2Ftags&post=94483"}],"curies":[{"name":"wp","href":"https:\/\/api.w.org\/{rel}","templated":true}]}}