
{"id":94493,"date":"2021-02-01T02:50:39","date_gmt":"2021-02-01T02:50:39","guid":{"rendered":"https:\/\/ujkafe.website\/?p=94493"},"modified":"2021-01-29T06:42:31","modified_gmt":"2021-01-29T06:42:31","slug":"szekedi-ferenc-arcok-szavak-emlekek-123","status":"publish","type":"post","link":"https:\/\/ujkafe.website\/?p=94493","title":{"rendered":"Sz\u00e9kedi Ferenc: Arcok, szavak, eml\u00e9kek (123.)"},"content":{"rendered":"<h2><em><strong>Mark\u00f3 B\u00e9la: Erd\u00e9lyi pikareszk<\/strong><\/em><\/h2>\n<p><em><strong>(Kalligram Kiad\u00f3, Budapest, 2017, felel\u0151s szerkeszt\u0151 M\u00e9sz\u00e1ros S\u00e1ndor, a bor\u00edt\u00f3t Hrapka Tibor tervezte.)<\/strong><\/em><\/p>\n<p>\u00d6ssze kell itt k\u00f6tn\u00f6m n\u00e9h\u00e1ny, c\u00edmbeli fogalmat. A pikareszk mindenekel\u0151tt k\u00f6z\u00e9pkori spanyol kalandor-reg\u00e9ny, h\u0151sei soha nem a t\u00e1rsadalom felkentjei, hanem \u00e9letform\u00e1jukn\u00e1l fogva annak a perem\u00e9n \u00e9l\u0151, mindenekel\u0151tt \u00fcgyess\u00e9g\u00fckkel, eszess\u00e9g\u00fckkel \u00e9rv\u00e9nyes\u00fcl\u0151 j\u00f6v\u0151-men\u0151k, akik k\u00fcl\u00f6n\u00f6sebb logikai sorrend n\u00e9lk\u00fcli, egym\u00e1st k\u00f6vet\u0151 esem\u00e9nyeken- t\u00f6rt\u00e9n\u00e9seken-fejezeteken t\u00e9bl\u00e1bolnak \u00e1t, mik\u00f6zben tekintet\u00fck\u00f6n \u00e1t l\u00e1tjuk az \u0151ket k\u00f6r\u00fclvev\u0151 vil\u00e1got.<!--more--><br \/>\nAk\u00e1rcsak egy j\u00f3val k\u00e9s\u0151bbi korszakban, a beat-irodalom egyik fenegyerek\u00e9nek, Jack Keroucnak a h\u0151sei. Vagy mint a sajt\u00f3 Gonzo-riportjai, amikor az \u00fajs\u00e1g\u00edr\u00f3t jobban \u00e9rdekli a sajt\u00f3t\u00e1j\u00e9koztat\u00f3ig vezet\u0151 \u00fat r\u00e9szletes le\u00edr\u00e1sa, mint ami ott elhangzik, hiszen az olvas\u00f3 azt am\u00fagyis megtal\u00e1lja m\u00e1shol, sz\u00e1zszor \u00e9s ezerszer.<br \/>\nA kalligram voltak\u00e9ppen k\u00e9pvers: a sorok, a szavak, a bet\u0171k, a sz\u00f3k\u00f6z\u00f6k \u00fagy vannak elhelyezve, hogy k\u00e9pileg is t\u00fckr\u00f6zz\u00e9k a tartalmat. Apollinaire els\u0151 vil\u00e1gh\u00e1bor\u00fas k\u00e9pverseit az elm\u00falt \u00e9vsz\u00e1zadban vil\u00e1gszerte nagyon sokan ut\u00e1nozt\u00e1k, t\u00f6bb\u00e9 vagy kev\u00e9sb\u00e9 sikeresen. A k\u00f6z\u00e9p-kelet eur\u00f3pai redszerv\u00e1lt\u00e1sok ut\u00e1n szinte azonnal megalakult pozsonyi kiad\u00f3 nem v\u00e9letlen\u00fcl vette fel ezt a nevet, hiszen a tartalom \u00e9s a forma egys\u00e9g\u00e9re utalt, ak\u00e1r annak magyarorsz\u00e1gi le\u00e1gaz\u00e1sa is, amely egy j\u00f3val nagyobb k\u00f6nyvkiad\u00f3i egyes\u00fclet keret\u00e9ben m\u0171k\u00f6dik.<br \/>\nAz id\u00e9n hetven esztend\u0151s Mark\u00f3 B\u00e9la, amikor \u00fagy d\u00f6nt\u00f6tt, hogy nem indul \u00fajra az RMDSZ-eln\u00f6ks\u00e9g\u00e9rt (2011), visszavonul a korm\u00e1nytiszts\u00e9gekb\u0151l (2012) \u00e9s t\u00f6bbet szen\u00e1tori mand\u00e1tumra sem p\u00e1ly\u00e1zik (2016), egyre t\u00f6bb verset, essz\u00e9t, \u00e9rtekez\u0151 pr\u00f3z\u00e1t \u00edr \u00e9s k\u00f6z\u00f6l, rendszerint foly\u00f3iratokban, napilapokban, majd azokat \u00f6sszegy\u0171jtve, kib\u0151v\u00edtve \u00f6n\u00e1ll\u00f3 k\u00f6tetekben is.<br \/>\nRekviem egy macsk\u00e1\u00e9rt c\u00edm\u0171 k\u00f6tete a 2011-2014 k\u00f6z\u00f6tti publicisztik\u00e1it tartalmazta, ez a k\u00f6tet pedig annak kieg\u00e9sz\u00edt\u00e9se illetve folytat\u00e1sa. Kev\u00e9s kiv\u00e9telt\u0151l eltekintve, az \u00edr\u00e1sok f\u0151h\u0151se maga az erd\u00e9lyi magyars\u00e1g. T\u00f6rt\u00e9nelmi vagy aktu\u00e1lpolitikai, irodalmi vagy t\u00e1rsadalmi, \u00fcnnepnapi vagy h\u00e9tk\u00f6znapi \u00f6sszef\u00fcgg\u00e9sekben a szerz\u0151 voltak\u00e9ppen k\u00f6z\u00f6ss\u00e9gi sorsunkon t\u00f6preng. Azok\u00e9n is, akik elmentek, azok\u00e9n is, akik itt maradtak, azok\u00e9n is, akik \u00fagy t\u00e1voztak, hogy l\u00e9lekben itt maradtak \u00e9s azok\u00e9n is, akik gondolataikban a nagyvil\u00e1gra v\u00e1gynak, de els\u0151 l\u00e9p\u00e9seiket m\u00e9gis k\u00e9ptelenek megtenni \u00e9s nem a koronav\u00edrus miatt.<br \/>\n\u00c9s gondolja v\u00e9gig mindezt roppant olvasm\u00e1nyosan, k\u00f6zhely- \u00e9s vagdalkoz\u00e1s mentesen, annak az \u00e9rtelmis\u00e9ginek a szemsz\u00f6g\u00e9b\u0151l, aki b\u00e1rmif\u00e9le el\u0151\u00edt\u00e9letet f\u00e9lretolva \u00e9rteni-magyar\u00e1zni pr\u00f3b\u00e1lja mindazt, ami vel\u00fcnk t\u00f6rt\u00e9nt \u00e9s t\u00f6rt\u00e9nik, de ugyanakkor fenntartja annak az eszmeis\u00e9gnek az elvi kereteit is, amelyekben hisz, amelyeket a mag\u00e1\u00e9nak \u00e9rez. A k\u00f6nyv \u00e9rtekez\u00e9sei \u00e9ppen ez\u00e9rt nem \u00edrhat\u00f3k le kiz\u00e1r\u00f3lag nemzetpolitikai vagy \u00fagymond neoliber\u00e1lis fogalmakkal, de m\u00e9g az egy\u00e9ni vagy kollekt\u00edv jogok kett\u0151ss\u00e9g\u00e9vel sem, megfogalmaz\u00e1sai enn\u00e9l j\u00f3val \u00e1rnyaltabbak. Ak\u00e1rcsak a mindennapi erd\u00e9lyi \u00e9let\u00fcnkben, k\u00fcl\u00f6nb\u00f6z\u0151 eszmerendszerek vagy t\u00f6red\u00e9keik hatolnak egym\u00e1sba, amit azonban Mark\u00f3 sarkigazs\u00e1gk\u00e9nt megfogalmaz, az sz\u00e1m\u00e1ra vitathatatlan: \u00fagy \u00e9rzi, hogy alapvet\u0151en sz\u00fcks\u00e9g van az erd\u00e9lyis\u00e9gre, annak a magyars\u00e1got gazdag\u00edt\u00f3, de a m\u00e1ss\u00e1got is figyelembe vev\u0151 fogalomrendszer\u00e9re. Ugyan\u00fagy, mint a magyar nemzetr\u00e9szek k\u00f6z\u00f6tti egyenrang\u00fas\u00e1gra, a mell\u00e9rendel\u00e9sre \u00e9s nem al\u00e1rendel\u00e9sre, annak a b\u00f6lcsess\u00e9g\u00e9re, hogy ne k\u00edv\u00e1nd m\u00e1st\u00f3l azt, amit magad sem teszel meg \u00e9s nem \u00e9lhetsz \u00fagy az egyik orsz\u00e1gban, mintha a m\u00e1sikban lenn\u00e9l.<br \/>\nA k\u00f6tet c\u00edmad\u00f3 \u00edr\u00e1sa Tam\u00e1sira utal. \u00c9s persze a magyar irodalom Erd\u00e9ly-k\u00e9peire, amelyek vagy azt a sokarc\u00fa val\u00f3s\u00e1got t\u00fckr\u00f6zik vissza a legk\u00fcl\u00f6nb\u00f6z\u0151k\u00e9ppen, amelyben \u00e9lt\u00fcnk \u00e9s \u00e9l\u00fcnk, vagy \u00e9ppen ezt pr\u00f3b\u00e1lj\u00e1k valamif\u00e9le rokonszenves, k\u00f6nnyen \u00e9rthet\u0151 \u00e9s elfogadhat\u00f3, egys\u00edk\u00fa \u00e9letk\u00e9pekkel helyettes\u00edteni. Gyakran olyan sikerrel, hogy az idel\u00e1togat\u00f3 magyarorsz\u00e1gi turista mindegyre \u00c1beleket \u00e9s \u00daz Benc\u00e9ket keres, mik\u00f6zben nagy \u00e1mulat\u00e1ra sz\u00e9kely ruh\u00e1k helyett t\u00e9pett farmerekkel, a leg\u00fajabb v\u00e1rosi terepj\u00e1r\u00f3kkal sz\u00e1guldoz\u00f3 v\u00e1llalkoz\u00f3kkal \u00e9s egym\u00e1snak l\u00e1ngokkal \u00fczen\u0151 l\u00e1rmaf\u00e1k helyett facetime besz\u00e9lget\u00e9sekkel tal\u00e1lkozik.<\/p>\n<p><a href=\"https:\/\/ujkafe.website\/wp-content\/uploads\/2021\/01\/123.jpg\"><img loading=\"lazy\" decoding=\"async\" class=\"alignnone  wp-image-94495\" src=\"https:\/\/ujkafe.website\/wp-content\/uploads\/2021\/01\/123-300x209.jpg\" alt=\"\" width=\"551\" height=\"384\" srcset=\"https:\/\/ujkafe.website\/wp-content\/uploads\/2021\/01\/123-300x209.jpg 300w, https:\/\/ujkafe.website\/wp-content\/uploads\/2021\/01\/123-768x536.jpg 768w, https:\/\/ujkafe.website\/wp-content\/uploads\/2021\/01\/123-1024x715.jpg 1024w, https:\/\/ujkafe.website\/wp-content\/uploads\/2021\/01\/123.jpg 1794w\" sizes=\"auto, (max-width: 551px) 100vw, 551px\" \/><\/a><\/p>\n","protected":false},"excerpt":{"rendered":"<p>Mark\u00f3 B\u00e9la: Erd\u00e9lyi pikareszk (Kalligram Kiad\u00f3, Budapest, 2017, felel\u0151s szerkeszt\u0151 M\u00e9sz\u00e1ros S\u00e1ndor, a bor\u00edt\u00f3t Hrapka Tibor tervezte.) \u00d6ssze kell itt k\u00f6tn\u00f6m n\u00e9h\u00e1ny, c\u00edmbeli fogalmat. A pikareszk mindenekel\u0151tt k\u00f6z\u00e9pkori spanyol kalandor-reg\u00e9ny, h\u0151sei soha nem a t\u00e1rsadalom felkentjei, hanem \u00e9letform\u00e1jukn\u00e1l fogva annak a perem\u00e9n \u00e9l\u0151, mindenekel\u0151tt \u00fcgyess\u00e9g\u00fckkel, eszess\u00e9g\u00fckkel \u00e9rv\u00e9nyes\u00fcl\u0151 j\u00f6v\u0151-men\u0151k, akik k\u00fcl\u00f6n\u00f6sebb logikai sorrend n\u00e9lk\u00fcli, egym\u00e1st k\u00f6vet\u0151 [&hellip;]<\/p>\n","protected":false},"author":3,"featured_media":0,"comment_status":"open","ping_status":"open","sticky":false,"template":"","format":"standard","meta":{"_monsterinsights_skip_tracking":false,"_monsterinsights_sitenote_active":false,"_monsterinsights_sitenote_note":"","_monsterinsights_sitenote_category":0,"ngg_post_thumbnail":0,"footnotes":""},"categories":[120],"tags":[],"class_list":["post-94493","post","type-post","status-publish","format-standard","hentry","category-essze"],"_links":{"self":[{"href":"https:\/\/ujkafe.website\/index.php?rest_route=\/wp\/v2\/posts\/94493","targetHints":{"allow":["GET"]}}],"collection":[{"href":"https:\/\/ujkafe.website\/index.php?rest_route=\/wp\/v2\/posts"}],"about":[{"href":"https:\/\/ujkafe.website\/index.php?rest_route=\/wp\/v2\/types\/post"}],"author":[{"embeddable":true,"href":"https:\/\/ujkafe.website\/index.php?rest_route=\/wp\/v2\/users\/3"}],"replies":[{"embeddable":true,"href":"https:\/\/ujkafe.website\/index.php?rest_route=%2Fwp%2Fv2%2Fcomments&post=94493"}],"version-history":[{"count":0,"href":"https:\/\/ujkafe.website\/index.php?rest_route=\/wp\/v2\/posts\/94493\/revisions"}],"wp:attachment":[{"href":"https:\/\/ujkafe.website\/index.php?rest_route=%2Fwp%2Fv2%2Fmedia&parent=94493"}],"wp:term":[{"taxonomy":"category","embeddable":true,"href":"https:\/\/ujkafe.website\/index.php?rest_route=%2Fwp%2Fv2%2Fcategories&post=94493"},{"taxonomy":"post_tag","embeddable":true,"href":"https:\/\/ujkafe.website\/index.php?rest_route=%2Fwp%2Fv2%2Ftags&post=94493"}],"curies":[{"name":"wp","href":"https:\/\/api.w.org\/{rel}","templated":true}]}}