
{"id":94506,"date":"2021-02-02T02:55:14","date_gmt":"2021-02-02T02:55:14","guid":{"rendered":"https:\/\/ujkafe.website\/?p=94506"},"modified":"2021-01-29T15:21:32","modified_gmt":"2021-01-29T15:21:32","slug":"szekedi-ferenc-arcok-szavak-emlekek-124","status":"publish","type":"post","link":"https:\/\/ujkafe.website\/?p=94506","title":{"rendered":"Sz\u00e9kedi Ferenc: Arcok, szavak, eml\u00e9kek (124.)"},"content":{"rendered":"<h2><em><strong>B\u00f6g\u00f6zi Attila: Rozsdaid\u0151. Versek.<\/strong><\/em><\/h2>\n<p><em><strong>(Holnap Kiad\u00f3, Nagyv\u00e1rad, 2017, lektor\u00e1lta Dem\u00e9ny P\u00e9ter, bor\u00edt\u00f3terv \u00e9s illusztr\u00e1ci\u00f3 Eperjesi No\u00e9mi.)<\/strong><\/em><\/p>\n<p>Elgondoltam: a rozsdaid\u0151 sz\u00f3t most \u00edrtam le el\u0151sz\u00f6r. A rozsdatemet\u0151t t\u00f6bbsz\u00f6r is, minden bizonnyal Fejes Endre 1962-es reg\u00e9ny\u00e9nek, de m\u00e9g ink\u00e1bb a rom\u00e1niai rendszerv\u00e1lt\u00e1s valamenyi\u00fcnket k\u00f6r\u00fclvev\u0151 \u00e1talakul\u00e1sainak k\u00f6vetkezt\u00e9ben.<!--more--> Ahogyan hal\u00f3 poraikba hulltak egykor a szocializmus b\u00fcszkes\u00e9geinek nevezett gy\u00e1rak, ahogyan g\u00e9psoraikat, felszerel\u00e9seiket eladt\u00e1k \u00f3cskavasnak, ahogyan ott maradtak rozsdabarn\u00e1n \u00e9s rozsdamartan a kanyarg\u00f3 vezet\u00e9kek, v\u00edztornyok, \u00fcres gy\u00e1rcsarnokok, amelyeken csak a sz\u00e9l f\u00faj kereszt\u00fcl \u00e9s m\u00e9g mindig nem tudjuk, hogy mihez kezdj\u00fcnk vel\u00fck.<br \/>\nEgy r\u00e9sz\u00fcket ugyan majdhogynem bag\u00f3\u00e9rt privatiz\u00e1lt\u00e1k az \u00e9l\u00e9nk szem\u0171 \u00e9s figyel\u0151 tekintet\u0171 \u00fczletemberek, majd j\u00f3 p\u00e9nz\u00e9rt tov\u00e1bb adt\u00e1k az ingatlanfejleszt\u0151knek vagy ugyanazoknak az \u00f6nkorm\u00e1nyzatoknak, melyek egykor potom \u00e1ron eladt\u00e1k. N\u00e9h\u00e1nyukat nyugat-eur\u00f3pai p\u00e9ld\u00e1kat k\u00f6vetve siker\u00fclt m\u0171vel\u0151d\u00e9si k\u00f6zpontokk\u00e1 \u00e1talak\u00edtani, java r\u00e9sz\u00fck azonban m\u00e9g mindig a korabeli rom\u00e1niai ipari forradalom \u00e9s a termel\u0151er\u0151k orsz\u00e1gos sz\u00e9ttelep\u00edt\u00e9s\u00e9nek olyan mement\u00f3i, amelyek legink\u00e1bb a sv\u00e1jci Jean Tinguely (1925-1991) haszn\u00e1lhatatlan f\u00e9malkatr\u00e9szekb\u0151l k\u00e9sz\u00fclt \u00f6r\u00f6kmozg\u00f3-nyikorg\u00f3 szobraihoz hasonl\u00edtanak.<br \/>\nEzekb\u0151l az alkot\u00e1sokb\u00f3l az Erd\u00e9lyben oly gyakran p\u00e9ldak\u00e9nt felhozott mintaorsz\u00e1gban l\u00e1ttam t\u00f6bbet is, B\u00e1zelben k\u00fcl\u00f6n\u00f6sk\u00e9ppen, elgondolkodva: legal\u00e1bb e tekintetben m\u00e1r mi is Sv\u00e1jc vagyunk. S\u0151t, j\u00f3val nagyobb m\u00e9retekben, hiszen a r\u00e9gi gy\u00e1rak \u00e9s ipari t\u00e1rgyak ugyanilyen dadaista \u00f6sszevisszas\u00e1gban hevernek szanasz\u00e9t, csorog le r\u00f3luk vagy ki bel\u0151l\u00fck a v\u00edz, ha pedig megindul a sz\u00e9l, akkor k\u00eds\u00e9rtetiesen nyikorognak, zakatolnak, csapkodnak a lel\u00f3g\u00f3 pl\u00e9htet\u0151k \u00e9s f\u00e9lig nyitott ajt\u00f3k.<br \/>\nA rozsda azonban nem csak az egykori t\u00e1rgyakba mar bele, hanem t\u00e1rsadalmunkba, az emberekbe, a k\u00f6z\u00f6tt\u00fck l\u00e9trej\u00f6v\u0151, olykor csak a felsz\u00edn alatt kavarg\u00f3, m\u00e1skor pedig imitt-amott meglehet\u0151sen groteszk\u00fcl felbukkan\u00f3 egy\u00e9ni \u00e9s t\u00e1rsas l\u00e9t\u00fcnkbe is.<br \/>\nB\u00f6g\u00f6zi Attila (1955) marosv\u00e1s\u00e1rhelyi \u00fajs\u00e1g\u00edr\u00f3, az \u00e9vtizedek sor\u00e1n t\u00f6bb erd\u00e9lyi napi- \u00e9s hetilap munkat\u00e1rsa, ezt veszi \u00e9szre a k\u00f6lt\u00e9szet eszk\u00f6zeivel is. \u0150 maga ugyan \u201cnemverseknek\u201d nevezi a verseit, amelyeket a kort\u00e1rs erd\u00e9lyi magyar k\u00f6lt\u00e9szet nagyjainak a biztat\u00e1s\u00e1ra gy\u0171jt\u00f6tt \u00f6ssze \u00e9s adott ki, de h\u00e1t versek ezek: r\u00edmekkel vagy r\u00edmek n\u00e9lk\u00fcl, klasszikus form\u00e1kban felsorakozva vagy h\u00f6mp\u00f6lyg\u0151 sorokk\u00e9nt hull\u00e1mozva, hiszen imm\u00e1r a szakma k\u00f6t\u00f6tts\u00e9gei n\u00e9lk\u00fcl az egy\u00e9n bels\u0151 vil\u00e1g\u00e1t vet\u00edtik ki mindarra, amit \u00fajs\u00e1g\u00edr\u00f3k\u00e9nt l\u00e1tott, hallott, tapasztalt.<br \/>\nIde nyugodtabban be\u00e1gyazhatja a sz\u00e9ls\u0151s\u00e9gekt\u0151l, a k\u00f6zhelyekt\u0151l, a politikai k\u00e9pmutat\u00e1st\u00f3l irt\u00f3z\u00f3 n\u00e9zeteit, itt nyugodtan megfogalmazhatja azt is, amit az \u00e1ltala is szervezett erd\u00e9lyi M\u00daRE-t\u00e1borokban sz\u00fcletett riportokban f\u00e9lre kellett tennie. Itt lehet olykor \u00e9rzelmileg t\u00falf\u0171t\u00f6tt, de gyakrabban racion\u00e1lisan keserny\u00e9s-cinikus is, itt meg\u00e9rezheti a k\u00e9pek, jelk\u00e9pek, p\u00e1rhuzamok \u00e9s hasonlatok kisug\u00e1rz\u00f3 erej\u00e9t, itt pr\u00f3b\u00e1ra teheti \u00e9s feszegetheti az \u00fajs\u00e1g\u00edr\u00e1sban am\u00fagy elhagyni nem tan\u00e1csos nyelvi korl\u00e1tokat, \u00e9s egy\u00e1ltal\u00e1n itt \u0151 maga ura a t\u00e9m\u00e1nak, a kifejez\u0151 eszk\u00f6z\u00f6knek, a hangulatteremt\u00e9snek \u00e9s a mondanival\u00f3nak.<br \/>\nB\u00f6g\u00f6zi Attil\u00e1val \u00e9vek \u00f3ta legink\u00e1bb klasszikusnak mondott, vagy az ut\u00f3bbi id\u0151ben online rendezv\u00e9nyeken szoktam tal\u00e1lkozni. \u00c9s persze, fot\u00f3kon, ahol a Magyar \u00dajs\u00e1g\u00edr\u00f3k Rom\u00e1niai Egyes\u00fclet\u00e9nek fociteljes\u00edtm\u00e9ny\u00e9t \u00f6r\u00f6k\u00edtik meg az ut\u00f3kor sz\u00e1m\u00e1ra. Az el\u0151bbieken rendszerint piros csokornyakkend\u0151t, az ut\u00f3bbiakon pedig piros p\u00f3l\u00f3t visel. Ha majd t\u00fal lesz\u00fcnk a v\u00edrusokon, az olt\u00e1sokon \u00e9s valahol \u00f6sszefutunk, akkor azt is megk\u00e9rdem majd t\u0151le: mi\u00e9rt nem rozsdabarn\u00e1t?<\/p>\n<p><a href=\"https:\/\/ujkafe.website\/wp-content\/uploads\/2021\/01\/bogoiattila.jpg\"><img loading=\"lazy\" decoding=\"async\" class=\"alignnone  wp-image-94509\" src=\"https:\/\/ujkafe.website\/wp-content\/uploads\/2021\/01\/bogoiattila-287x300.jpg\" alt=\"\" width=\"457\" height=\"478\" srcset=\"https:\/\/ujkafe.website\/wp-content\/uploads\/2021\/01\/bogoiattila-287x300.jpg 287w, https:\/\/ujkafe.website\/wp-content\/uploads\/2021\/01\/bogoiattila-768x804.jpg 768w, https:\/\/ujkafe.website\/wp-content\/uploads\/2021\/01\/bogoiattila-978x1024.jpg 978w, https:\/\/ujkafe.website\/wp-content\/uploads\/2021\/01\/bogoiattila.jpg 1476w\" sizes=\"auto, (max-width: 457px) 100vw, 457px\" \/><\/a><\/p>\n","protected":false},"excerpt":{"rendered":"<p>B\u00f6g\u00f6zi Attila: Rozsdaid\u0151. Versek. (Holnap Kiad\u00f3, Nagyv\u00e1rad, 2017, lektor\u00e1lta Dem\u00e9ny P\u00e9ter, bor\u00edt\u00f3terv \u00e9s illusztr\u00e1ci\u00f3 Eperjesi No\u00e9mi.) Elgondoltam: a rozsdaid\u0151 sz\u00f3t most \u00edrtam le el\u0151sz\u00f6r. A rozsdatemet\u0151t t\u00f6bbsz\u00f6r is, minden bizonnyal Fejes Endre 1962-es reg\u00e9ny\u00e9nek, de m\u00e9g ink\u00e1bb a rom\u00e1niai rendszerv\u00e1lt\u00e1s valamenyi\u00fcnket k\u00f6r\u00fclvev\u0151 \u00e1talakul\u00e1sainak k\u00f6vetkezt\u00e9ben.<\/p>\n","protected":false},"author":3,"featured_media":0,"comment_status":"open","ping_status":"open","sticky":false,"template":"","format":"standard","meta":{"_monsterinsights_skip_tracking":false,"_monsterinsights_sitenote_active":false,"_monsterinsights_sitenote_note":"","_monsterinsights_sitenote_category":0,"ngg_post_thumbnail":0,"footnotes":""},"categories":[120],"tags":[],"class_list":["post-94506","post","type-post","status-publish","format-standard","hentry","category-essze"],"_links":{"self":[{"href":"https:\/\/ujkafe.website\/index.php?rest_route=\/wp\/v2\/posts\/94506","targetHints":{"allow":["GET"]}}],"collection":[{"href":"https:\/\/ujkafe.website\/index.php?rest_route=\/wp\/v2\/posts"}],"about":[{"href":"https:\/\/ujkafe.website\/index.php?rest_route=\/wp\/v2\/types\/post"}],"author":[{"embeddable":true,"href":"https:\/\/ujkafe.website\/index.php?rest_route=\/wp\/v2\/users\/3"}],"replies":[{"embeddable":true,"href":"https:\/\/ujkafe.website\/index.php?rest_route=%2Fwp%2Fv2%2Fcomments&post=94506"}],"version-history":[{"count":0,"href":"https:\/\/ujkafe.website\/index.php?rest_route=\/wp\/v2\/posts\/94506\/revisions"}],"wp:attachment":[{"href":"https:\/\/ujkafe.website\/index.php?rest_route=%2Fwp%2Fv2%2Fmedia&parent=94506"}],"wp:term":[{"taxonomy":"category","embeddable":true,"href":"https:\/\/ujkafe.website\/index.php?rest_route=%2Fwp%2Fv2%2Fcategories&post=94506"},{"taxonomy":"post_tag","embeddable":true,"href":"https:\/\/ujkafe.website\/index.php?rest_route=%2Fwp%2Fv2%2Ftags&post=94506"}],"curies":[{"name":"wp","href":"https:\/\/api.w.org\/{rel}","templated":true}]}}