
{"id":94510,"date":"2021-02-02T02:57:46","date_gmt":"2021-02-02T02:57:46","guid":{"rendered":"https:\/\/ujkafe.website\/?p=94510"},"modified":"2021-01-29T16:00:01","modified_gmt":"2021-01-29T16:00:01","slug":"olvasnivalo-a-februari-csikszeredai-pilinszky-maratonhoz","status":"publish","type":"post","link":"https:\/\/ujkafe.website\/?p=94510","title":{"rendered":"Olvasnival\u00f3 a febru\u00e1ri cs\u00edkszeredai Pilinszky-maratonhoz"},"content":{"rendered":"<p><a href=\"https:\/\/ujkafe.website\/?p=94454\">Kor\u00e1bban jelezt\u00fck, hogy a cs\u00edkszeredai K\u00e1joni J\u00e1nos Megyei K\u00f6nyvt\u00e1r, t\u00f6bb \u00e9ves hagyom\u00e1ny\u00e1hoz ragaszkodva, id\u00e9n is sz\u00e1nd\u00e9kszik megrendezni nemzetk\u00f6zi felolvas\u00f3maratonj\u00e1t<\/a>, \u201erem\u00e9lve, hogy a megv\u00e1ltozott k\u00f6r\u00fclm\u00e9nyek, a j\u00e1rv\u00e1ny \u00e9s mindenf\u00e9le megszor\u00edt\u00e1s, bizonytalans\u00e1g ellen\u00e9re, aki olvasni szeret \u00e9s \u00e9vr\u0151l-\u00e9vre bekapcsol\u00f3dott ebbe az olvas\u00e1st n\u00e9pszer\u0171s\u00edt\u0151 megmozdul\u00e1sba, 2021-ben is megteszi. A k\u00f6z\u00f6s felolvas\u00e1s c\u00e9lja tov\u00e1bbra is r\u00e1ir\u00e1ny\u00edtani a figyelmet magyar irodalmunk egy-egy kiemelked\u0151 szem\u00e9lyis\u00e9g\u00e9re, \u00e9letm\u0171v\u00e9re, azokra az emberi, erk\u00f6lcsi, m\u0171v\u00e9szi \u00e9rt\u00e9kekre, melyek ma is aktu\u00e1lisak \u00e9s arra, hogy klasszikusokat olvasni fontos, j\u00f3 , egy\u00fctt olvasni m\u00e9g jobb.<br \/>\nBenedek Elek, Orb\u00e1n Bal\u00e1zs, J\u00f3kai M\u00f3r, Arany J\u00e1nos, G\u00e1rdonyi G\u00e9za, M\u00f3ricz Zsigmond, K\u00e1ny\u00e1di S\u00e1ndor, Tam\u00e1si \u00c1ron, Szab\u00f3 Magda, Pet\u0151fi S\u00e1ndor Radn\u00f3ti Mikl\u00f3s, J\u00f3zsef Attila m\u0171vei ut\u00e1n 2021. febru\u00e1r 23-\u00e1n Pilinszky J\u00e1nos (1921-1981) alkot\u00e1sait sz\u00f3laltatjuk meg, sz\u00fclet\u00e9s\u00e9nek 100., hal\u00e1l\u00e1nak 40. \u00e9vfordul\u00f3ja alkalm\u00e1b\u00f3l&#8221; \u2013 \u00e1ll a rendezv\u00e9ny meghirdet\u00e9s\u00e9nek sz\u00f6veg\u00e9ben. A k\u00fcsz\u00f6b\u00f6n \u00e1ll\u00f3 alkalomra (febru\u00e1r 19) a k\u00f6lt\u0151 \u00f6sszes verseib\u0151l szesz\u00e9lyes v\u00e1logat\u00e1st \u00e1ll\u00edtottunk \u00f6ssze azok sz\u00e1m\u00e1ra, akik k\u00edv\u00e1ncsiak Pilinszky k\u00f6lt\u00e9szet\u00e9re. <strong>(CsG)<\/strong><!--more--><\/p>\n<h2><em><strong>\u00c9jf\u00e9li f\u00fcrd\u00e9s<\/strong><\/em><\/h2>\n<p>A t\u00f3 ma tiszta, \u00e9ber \u00e9s<br \/>\noly \u00e9les f\u00e9ny\u00fc, mint a k\u00e9s,<br \/>\nlobogva l\u00e9lekz\u0151 t\u00fck\u00f6r,<br \/>\nmit lassu harcban \u00f6sszet\u00f6r<br \/>\nkarom csap\u00e1sa. Nyugtalan<br \/>\nheves fogakkal visszamar<br \/>\na m\u00e9lyen megzavart elem.<br \/>\nLegy\u0151zve, lust\u00e1n fekszem el<br \/>\n\u00e9s hallgat\u00f3zom. Csillagok<br \/>\nrebbennek csak, mint elhagyott<br \/>\negek viz\u00e9be z\u00e1rt halak,<br \/>\nt\u00fcn\u0151dve \u00fasz\u00f3 madarak.<\/p>\n<p>Eln\u00e9zem \u0151ket, r\u00f6pt\u00fcket<br \/>\naz irgalmatlan \u00e9s s\u00fcket<br \/>\negek k\u00f6z\u00f6tt, \u00e9n \u00e1rva sz\u00f6rny,<br \/>\nkit p\u00e1nc\u00e9l nyom, heges k\u00f6z\u00f6ny,<br \/>\nki mit se k\u00e9r, \u00e9s mit se v\u00e1r,<br \/>\ncsak b\u00e1mul hosszan \u00e9s puh\u00e1n;<br \/>\nsikaml\u00f3, s\u0171r\u00fc pikkelyek<br \/>\nlepik be s\u0171r\u00fcn sz\u00edvemet,<br \/>\na m\u00e9ly\u00e9n \u00e9des-j\u00f3 iszony,<br \/>\nkit\u00e9phetetlen orv szigony,<br \/>\nmit \u00e9szrev\u00e9tlen vert bel\u00e9m<br \/>\na v\u00edz, a v\u00edz, s a lassu m\u00e9ly.<\/p>\n<p>Mert lenn hin\u00e1ros r\u00e9t lobog,<br \/>\nalant a kagyl\u00f3k boldogok,<br \/>\nsziv\u00fck remegve t\u00f6lti meg<br \/>\na f\u00e9nnyel \u00e9r\u0151 s\u0171r\u00fc csend.<br \/>\n\u00c9s mintha h\u00edv\u00e1st hallana,<br \/>\nzuhanni kezd az \u00e9jszaka,<br \/>\nmoszat sodor vagy csillagok,<br \/>\nnem is tudom m\u00e1r, hol vagyok?<br \/>\nTal\u00e1n egy \u0151si \u00fcnnepen,<br \/>\nhol \u00e9g is, v\u00edz is egy velem,<br \/>\ns mindent el\u00f6ntve valami<br \/>\nid\u0151tlen s\u00edr\u00e1st hallani!<\/p>\n<h2><em><strong>Magamhoz<\/strong><\/em><\/h2>\n<p>B\u00e1tran viseld mag\u00e1nyodat,<br \/>\n\u00e9n sz\u00e1mon tartlak t\u00e9ged,<br \/>\nne hagyd a sorsod csillagokra,<br \/>\nbenned \u00e9rjen a v\u00e9gzet.<\/p>\n<p>V\u00e1llad k\u00e9t \u00e9ber sarka k\u00f6zt<br \/>\nha sisteregve \u00e1tcsap,<br \/>\ntudom, t\u00f6bb vagy mindannyiunkn\u00e1l,<br \/>\nbenned vak\u00edt a b\u00e1nat.<\/p>\n<p>L\u00e9gy h\u00e1t, ak\u00e1r az \u00e1llatok,<br \/>\noly nyersen sz\u00e9p \u00e9s tiszta,<br \/>\nb\u00e1tran figyelj, mint \u0151k figyelnek<br \/>\nkegyetlen titkaikra.<\/p>\n<p>S egy \u00e9jjel, magad sem tudod,<br \/>\nmint \u00e9gig \u00e9r\u0151 \u00e9nek,<br \/>\nfelj\u00f6nnek benned napjaid,<br \/>\na halhatatlan \u00e9vek:<\/p>\n<p>az este nem lel senki r\u00e1d,<br \/>\naz este s\u00edrva, k\u00e9sve<br \/>\nhi\u00e1ba j\u00e1rj\u00e1k pitvarod:<br \/>\ncsak \u00e9n l\u00e1tlak. Vagy \u00e9n se.<\/p>\n<h2><em><strong>Tilos csillagon<\/strong><\/em><\/h2>\n<p>\u00c9n tiltott csillagon sz\u00fclettem,<br \/>\na partra \u0171zve ballagok,<br \/>\naz \u00e9gi semmi habja elkap,<br \/>\nj\u00e1tszik velem \u00e9s visszadob.<\/p>\n<p>Nem is tudom, mi\u00e9rt vezeklek?<br \/>\nItt minden szisszen\u0151 tal\u00e1ny,<br \/>\nne fusson el, ki lenn a parton,<br \/>\ne s\u00fcppedt parton r\u00e1mtal\u00e1l.<\/p>\n<p>S ne f\u00e9lj te sem, ne fuss el\u0151lem,<br \/>\nink\u00e1bb csitt\u00edtsd a szenved\u00e9st,<br \/>\ncsukott szemmel szor\u00edts magadhoz,<br \/>\nszor\u00edts mer\u00e9szen, mint a k\u00e9st.<\/p>\n<p>L\u00e9gy vakmer\u0151, it\u00e9lj ti\u00e9dnek,<br \/>\nmint holtak lenn az \u00e9jszak\u00e1t,<br \/>\nv\u00e1llad seg\u00edtse gyenge v\u00e1llam,<br \/>\nmagam m\u00e1r nem birom tov\u00e1bb!<\/p>\n<p>\u00c9n nem kiv\u00e1ntam megsz\u00fcletni,<br \/>\na semmi sz\u00fclt \u00e9s szoptatott,<br \/>\nszeress s\u00f6t\u00e9ten \u00e9s kegyetlen,<br \/>\nmint halottj\u00e1t az itthagyott.<\/p>\n<h2><em><strong>T\u00e9li \u00e9g alatt<\/strong><\/em><\/h2>\n<p style=\"padding-left: 80px;\"><em>Cholnoky Tam\u00e1snak<\/em><\/p>\n<p>Fejem f\u00f6l\u00e9 a csillagok<br \/>\njeges t\u00fczet kavarnak,<br \/>\naz irgalmatlan \u00e9g alatt<br \/>\nhanyattd\u00f6l\u00f6k a falnak.<\/p>\n<p>A szomor\u00fas\u00e1g t\u00e9tov\u00e1n<br \/>\nkicsordul \u00e1rva sz\u00e1mon.<br \/>\nMiv\u00e9 is lett az anyatej?<br \/>\nBeszennyezem kab\u00e1tom.<\/p>\n<p>Ak\u00e1r a k\u0151, olyan vagyok,<br \/>\nmindegy mi j\u00f6n, csak j\u00f6jj\u00f6n.<br \/>\nOly engedelmes, j\u00f3 leszek,<br \/>\nv\u00e9gig esem a f\u00f6ld\u00f6n.<\/p>\n<p>Tov\u00e1bb nem \u00e1mitom magam,<br \/>\nnincsen ki megseg\u00edtsen,<br \/>\nnem v\u00e1lt meg semmi szenved\u00e9s,<br \/>\nnem v\u00e9d meg semmi isten.<\/p>\n<p>Enn\u00e9l m\u00e1r semmi nem lehet<br \/>\nse egyszer\u0171bb, se sz\u00f6rnyebb:<br \/>\nlassan megindulnak fel\u00e9m<br \/>\na bibliai sz\u00f6rnyek.<\/p>\n<h2><em><strong>K\u00e1nikula<\/strong><\/em><\/h2>\n<p>A kardvir\u00e1gok hegye v\u00e9res,<br \/>\ngyors peng\u00e9j\u00fck szemembe v\u00e1g.<br \/>\nMif\u00e9le forr\u00f3n \u00f6ml\u0151 v\u00e9r ez?<br \/>\nV\u00e9res lesz t\u0151lem a vil\u00e1g.<\/p>\n<p>Mi k\u00f6z\u00f6m e vad \u00fctk\u00f6zethez?<br \/>\nS\u00f6t\u00e9ten izz\u00f3 alkohol,<br \/>\nel\u00f6mlik, m\u00e1gly\u00e1t, t\u00fczet tervez<br \/>\naz \u00e9g, a l\u00e9gies pokol.<\/p>\n<p>A f\u00e1k k\u00f6z\u00f6tt, a f\u0171 t\u00f6v\u00e9ben<br \/>\n\u00e1rny\u00e9kok m\u00e9rges f\u00fcstje sz\u00e1ll.<br \/>\nKonok kegyetlen szenved\u00e9llyel<br \/>\ngyilkol \u00e9s gyujtogat a ny\u00e1r.<\/p>\n<h2><em><strong>Egy szenved\u00e9ly marg\u00f3j\u00e1ra<\/strong><\/em><\/h2>\n<p>A tengerpartot j\u00e1r\u00f3 kisgyerek<br \/>\nmind\u00edg tal\u00e1l a kavicsok k\u00f6zt egyre,<br \/>\nmely mind\u00f6r\u00f6kt\u0151l fogva az \u00f6v\u00e9,<br \/>\n\u00e9s soha senki m\u00e1s\u00e9 nem is lenne.<\/p>\n<p>Az elvesz\u00edthetetlent markol\u00e1ssza!<br \/>\nEg\u00e9sz szive a tenyer\u00e9ben l\u00fcktet,<br \/>\noly egyetlen egy kez\u00e9ben a k\u0151,<br \/>\n\u00e9s vele \u0151 is olyan egyed\u0171l lett.<\/p>\n<p>Nem szabad\u00fal m\u00e1r soha t\u00f6bb\u00e9 t\u0151le.<br \/>\nA v\u00edznek fordul, s messze elhaj\u00edtja.<br \/>\nHangot sem ad a n\u00e9ma szakit\u00e1s,<br \/>\negy eg\u00e9sz tenger z\u00fagja m\u00e9gis vissza.<\/p>\n<h2><em><strong>Kih\u0171lt vil\u00e1g<\/strong><\/em><\/h2>\n<p>E vil\u00e1g nem az \u00e9n vil\u00e1gom,<br \/>\ncsup\u00e1n a testem k\u00e9nyszere,<br \/>\nhogy egyre beljebb, mint a f\u00e9reg<br \/>\nfurakodom beleibe.<\/p>\n<p>\u00cdgy t\u00e1pl\u00e1lkozom a hal\u00e1llal,<br \/>\n\u00e9s \u00edgy lakik j\u00f3l \u0151 velem;<br \/>\naz \u00e9letem r\u00e9g nem eny\u00e9m m\u00e1r,<br \/>\nvadh\u00fask\u00e9nt n\u0151 a szivemen.<\/p>\n<p>Minden teremtett elevenb\u0151l<br \/>\nkij\u00f3zanodva a szem\u00e9t<br \/>\n\u00edgy \u00fctk\u00f6zik ki, leplezetlen<br \/>\nf\u00f6ladva hi\u00fa sz\u00e9gyen\u00e9t.<\/p>\n<p>A mind\u00f6r\u00f6kre ismeretlen<br \/>\nv\u00e9g\u00fcl is \u00edgy lesz otthonos.<br \/>\nMint hervad\u00e1s az \u0151szi lombot,<br \/>\na pusztul\u00e1s bebalzsamoz.<\/p>\n<p>Kih\u0171lt vil\u00e1g ez, senki f\u00f6ldje!<br \/>\nS mint tetej\u00e9be hajitott<br \/>\n\u00f3cskavasak, holtan merednek<br \/>\nrem\u00e9nyeink, a csillagok.<\/p>\n<h2><em><strong>Egy KZ l\u00e1ger fal\u00e1ra<\/strong><\/em><\/h2>\n<p>Ahova est\u00e9l, ott maradsz.<br \/>\nA mindens\u00e9gb\u0151l ezt az egyet,<br \/>\nezt az egyetlen egy helyet,<br \/>\nde ezt azut\u00e1n megszerezted.<\/p>\n<p>Menek\u00fcl el\u0151led a t\u00e1j.<br \/>\nLehet az h\u00e1z, malom vagy ny\u00e1rfa,<br \/>\nminden csak k\u00fcszk\u00f6dik veled,<br \/>\nmintha a semmiben mut\u00e1lna.<\/p>\n<p>De most m\u00e1r te nem is t\u00e1gitasz.<br \/>\nMegvakitottunk? Szemmel tartasz.<br \/>\nKifosztottunk? Meggazdagodt\u00e1l.<br \/>\nN\u00e9m\u00e1n, n\u00e9m\u00e1n is re\u00e1nkvallasz.<\/p>\n<h2><em><strong>Ravensbr\u00fccki passi\u00f3<\/strong><\/em><\/h2>\n<p>Kil\u00e9p a t\u00f6bbiek k\u00f6z\u0171l,<br \/>\nmeg\u00e1ll a kockacsendben,<br \/>\nmint vetitett k\u00e9p hunyorog<br \/>\nrabruha \u00e9s fegyencfej.<\/p>\n<p>F\u00e9lelmetesen maga van,<br \/>\na p\u00f3rusait l\u00e1tni,<br \/>\nmindene olyan \u00f3ri\u00e1s,<br \/>\nmindene oly par\u00e1nyi.<\/p>\n<p>\u00c9s nincs tov\u00e1bb. A t\u00f6bbi m\u00e1r,<br \/>\na t\u00f6bbi annyi volt csak,<br \/>\nelfelejtett ki\u00e1ltani<br \/>\nmiel\u0151tt f\u00f6ldre roskadt.<\/p>\n<h2><em><strong>Frankfurt<\/strong><\/em><\/h2>\n<p>A foly\u00f3parton \u00fcres homokb\u00e1nya,<br \/>\noda hordtuk ny\u00e1ron a szemetet.<br \/>\nVill\u00e1k k\u00f6z\u00f6tt \u00e9s kertek k\u00f6zt suhantunk,<br \/>\negy h\u00edd, egy lejt\u0151s \u00fat k\u00f6vetkezett,<br \/>\na l\u00f3versenyt\u00e9r deszkakerit\u00e9se,<br \/>\np\u00e1r z\u00f6kken\u0151, az aut\u00f3 lassitott,<br \/>\nde miel\u0151tt m\u00e9g f\u00e9kezhetett volna,<br \/>\naz els\u0151 \u00e9hs\u00e9g m\u00e1ris t\u00e1madott!<\/p>\n<p>A t\u00f6m\u00f6tt zs\u00e1kok \u00e9s kid\u00f6nt\u00f6tt v\u00f6dr\u00f6k,<br \/>\na helyezked\u0151 h\u00e1tak terrora,<br \/>\na f\u00f6ltasz\u00edtott l\u00e1d\u00e1k k\u00f6zt megindult<br \/>\naz el\u0151zetes, gyilkos cenzura;<br \/>\nosztozkod\u00e1s a hullad\u00e9k k\u00f6v\u00e9rj\u00e9n,<br \/>\nhogy alig \u00e1llta saj\u00e1t roham\u00e1t<br \/>\na n\u00e9gyk\u00e9zl\u00e1bra ereszkedett \u00e9hs\u00e9g,<br \/>\n\u00e9s f\u00f6ll\u00e1zadt, \u00e9s megadta mag\u00e1t.<\/p>\n<p>Belevesztek a porba \u00e9s piszokba;<br \/>\naz eg\u00e9sz kocsi b\u0151gve reszketett,<br \/>\na sziv\u00fcket a mosl\u00e9k elkeverte<br \/>\n\u00e9s \u00f6sszemosta eszm\u00e9let\u00fcket.<br \/>\nA tele kann\u00e1k m\u00e9lyire kotorva,<br \/>\nhogy szem\u00fck-sz\u00e1juk elborult vele,<br \/>\nbelehaltak az eleven lucsokba,<br \/>\n\u00e9s f\u00f6lt\u00e1madtak fejjel lefele.<\/p>\n<p>\u00c9s visszavett\u00e9k, falatr\u00f3l-falatra,<br \/>\nmi vel\u00fck egy\u00fctt v\u00e9gk\u00e9pp elveszett,<br \/>\nm\u00e1morosan az elgy\u00f6t\u00f6rt mocsokb\u00f3l<br \/>\nkik\u00e9nyszer\u00edtett \u00fcdv\u00f6ss\u00e9g\u00fcket!<br \/>\nDe gy\u00f6ny\u00f6r\u00fck csak el se \u00e9lvezett m\u00e9g,<br \/>\nhogy megfogamzott benn\u00fck a gyan\u00fa:<br \/>\nel\u0151sz\u00f6r csak a sz\u00e1juk keser\u0171lt el,<br \/>\nmajd sz\u00edv\u00fck lett iszony\u00fa szomor\u00fa.<\/p>\n<p>A tolong\u00e1sb\u00f3l hirtelen ki\u00e1lltak,<br \/>\n\u00e9s \u00fagy figyelt\u00e9k, szinte j\u00f3zan\u00fal,<br \/>\na nyomorukat el\u00e1rul\u00f3 m\u00e1mor<br \/>\nmint j\u00e1rja \u0151ket kereszt\u0171l-kas\u00fal.<br \/>\n\u00c9s eleresztve magukat eg\u00e9szen,<br \/>\ncsak arra v\u00e1rtak m\u00e1r, hogy szerveik<br \/>\nbeteljes\u00edts\u00e9k, elv\u00e9gezve rajtuk<br \/>\na gy\u00f6ny\u00f6r v\u00e9gs\u0151 t\u00e9ved\u00e9seit.<\/p>\n<p>Ak\u00e1rhov\u00e1, csak szabadulni inn\u00e9t!<br \/>\nCsak menek\u00fclni, sz\u00f6kni miel\u00e9bb!<br \/>\nKi\u00fcld\u00f6z\u00f6tt, hogy m\u00e9g fel\u00e9nk se villant,<br \/>\nhozz\u00e1nk se \u00e9rt az izz\u00f3 cs\u0151csel\u00e9k.<br \/>\nK\u00f6r\u00f6sk\u00f6r\u0171l a mozdulatlan b\u00e1nya.<br \/>\nCsak haza m\u00e1r! Alant a folyamon<br \/>\negy haj\u00f3 \u00faszhatott el a k\u00f6zelben,<br \/>\nhogy csupa f\u00fcst lett \u00e9s csupa korom<\/p>\n<p>a f\u00f6lfut\u00f3 kij\u00e1rat. \u00c1t a r\u00e9ten!<br \/>\nA dombokat moh\u00f3n sz\u00f6kellve \u00e1t<br \/>\na l\u00e1ngol\u00f3 betonra. Majd a vill\u00e1k!<br \/>\nA z\u00f6lden vissza\u00e1rad\u00f3 vil\u00e1g.<br \/>\nA l\u00f3versenyt\u00e9r deszkakerit\u00e9se,<br \/>\ns a deszkak\u00f6z\u00f6k sort\u00fcze ut\u00e1n<br \/>\na kertek al\u00f3l ki\u00e1jul\u00f3 h\u0151s\u00e9g,<br \/>\ns a hirtelen\u00fcl r\u00e1nkszakadt mag\u00e1ny.<\/p>\n<p>A lombok sz\u00edne egyszerre ki\u00e9gett,<br \/>\n\u00e9s elborult a t\u00fcz\u00fck az uton.<br \/>\nAz arcunk \u00e9s a kez\u00fcnk is s\u00f6t\u00e9t lett,<br \/>\n\u00e9s vel\u00fcnk egy\u00fctt a paradicsom.<br \/>\nH\u00e1tunk megett a kocogat\u00f3 kann\u00e1k,<br \/>\ns a szakadoz\u00f3, poros f\u00e1k k\u00f6z\u00f6tt<br \/>\nm\u00e1r f\u00f6lmer\u00fclt az alkonyati v\u00e1ros:<\/p>\n<p>Frankfurt -1945.<\/p>\n<h2><em><strong>A tenger<\/strong><\/em><\/h2>\n<p>A tenger, mondtad haldokolva,<br \/>\ns az\u00f3ta ez az egy szavad<br \/>\njelenti sz\u00e1momra a tengert,<br \/>\ns azt is tal\u00e1n, hogy te ki vagy.<\/p>\n<p>S azt is tal\u00e1n, ki vagyok \u00e9n?<br \/>\nHull\u00e1mv\u00f6lgyek, hull\u00e1mhegyek.<br \/>\nAg\u00f3ni\u00e1d, ak\u00e1r a tenger,<br \/>\nmegszabad\u00edt \u00e9s eltemet.<\/p>\n<p>Anya, anya. H\u00e9tk\u00f6znapok.<br \/>\nHal\u00e1lod hallom s h\u00edvlak \u00e9n.<br \/>\nIrt\u00f3ztat\u00f3 h\u00e9tk\u00f6znapok.<br \/>\nSzeg\u00e9ny, szeg\u00e9ny, szeg\u00e9ny, szeg\u00e9ny.<\/p>\n<h2><em><strong>Kis \u00e9jizene<\/strong><\/em><\/h2>\n<p><em>Vir\u00e1gcsokor<\/em><br \/>\n\u00d3h, veszt\u0151helyek illata!<\/p>\n<p><em>P\u00e1rbesz\u00e9d<\/em><br \/>\nEresszetek be, itt vagyok,<br \/>\nnyissatok ajt\u00f3t, meg\u00e9rkeztem.<\/p>\n<p>Nincs ajt\u00f3, mit megnyithatunk<br \/>\nNincs retesz, ami kirekesszen.<\/p>\n<p><em>\u00c9jf\u00e9l<\/em><br \/>\nElgurulnak az ismeretlen cs\u00f6ndben,<br \/>\nm\u00e9lyen a csillagok alatt<br \/>\nelgurulnak<br \/>\ns meg\u00e1llanak<br \/>\na mozdulatlan billi\u00e1rdgoly\u00f3k.<\/p>\n<p><em>Mozart<\/em><br \/>\nEgy h\u00e1z, egy udvar. \u00c1lmom \u00e9s hal\u00e1lom.<br \/>\nD\u00e9lszaki cs\u00f6nd, eml\u00e9kezet.<br \/>\nReflektorf\u00e9ny a falakon,<br \/>\n\u00fcress\u00e9g \u00e9s m\u00e1rv\u00e1nyerek.<\/p>\n<p><em>&#8222;<\/em>Dans cette maison habita Mozart&#8221;<br \/>\nMozart lakott itt valaha.<br \/>\nEgy v\u00e1z\u00e1ban vir\u00e1gcsokor.<\/p>\n<p>\u00d3h, veszt\u0151helyek illata!<\/p>\n<p>P\u00e1rizs, 1963<\/p>\n<h2><em><strong>Egy sz\u00e9p napon<\/strong><\/em><\/h2>\n<p>Mind\u00edg az elh\u00e1nyt b\u00e1dogkanalat,<br \/>\na nyomor\u00fas\u00e1g lim-lom t\u00e1jait kerestem,<br \/>\nrem\u00e9lve, hogy egy sz\u00e9p napon<br \/>\nel\u00f6nt a s\u00edr\u00e1s, visszafogad szeliden<br \/>\na r\u00e9gi udvar, otthonunk<br \/>\nborosty\u00e1n cs\u00f6ndje, susog\u00e1sa.<\/p>\n<p>Mind\u00edg,<br \/>\nmind\u00edg is hazav\u00e1gytam.<\/p>\n<h2><em><strong>\u00d6r\u00f6kmozg\u00f3<\/strong><\/em><\/h2>\n<p>A vil\u00e1gbank elektromos sziv\u00e9ben<br \/>\naz \u00f6r\u00f6kmozg\u00f3 f\u00f6l-lej\u00e1r,<br \/>\nmint egy t\u00fck\u00f6r,<br \/>\nmint egy kopors\u00f3,<br \/>\nmozg\u00f3k\u00e9p, vitrin, \u00fcveghint\u00f3,<br \/>\nak\u00e1r egy \u00f3ri\u00e1si m\u00e9cses,<br \/>\nholtf\u00e1radt, \u00f3ri\u00e1s kis\u00e9rtet.<\/p>\n<h2><em><strong>Metron\u00f3m<\/strong><\/em><\/h2>\n<p>M\u00e9rd az id\u0151t,<br \/>\nde ne a mi id\u0151nket,<br \/>\na sz\u00e1lk\u00e1k mozdulatlan jelen\u00e9t,<br \/>\na f\u00f6lvon\u00f3h\u00edd fokait,<br \/>\na t\u00e9li veszt\u0151hely hav\u00e1t,<br \/>\n\u00f6sv\u00e9nyek \u00e9s tiszt\u00e1sok cs\u00f6ndj\u00e9t,<br \/>\na t\u00f6red\u00e9k foglalat\u00e1ban<br \/>\naz Atyaisten \u00edg\u00e9ret\u00e9t.<\/p>\n<h2><em><strong>Van Gogh im\u00e1ja<\/strong><\/em><\/h2>\n<p>Csataveszt\u00e9s a f\u00f6ldeken.<br \/>\nHonfoglal\u00e1s a leveg\u0151ben.<br \/>\nMadarak, nap \u00e9s megint madarak.<br \/>\nEst\u00e9re mi marad bel\u0151lem?<\/p>\n<p>Est\u00e9re csak a l\u00e1mpasor,<br \/>\na s\u00e1rga v\u00e1lyogfal ragyog,<br \/>\ns a kert al\u00f3l, a f\u00e1kon \u00e1t,<br \/>\nmint gyertyasor, az ablakok;<\/p>\n<p>hol \u00e9n is laktam, s nem lakom,<br \/>\na h\u00e1z, hol \u00e9ltem, \u00e9s nem \u00e9lek,<br \/>\na tet\u0151, amely betakart.<br \/>\nIstenem, betakart\u00e1l r\u00e9gen.<\/p>\n<h2><em><strong>Milyen felem\u00e1s<\/strong><\/em><\/h2>\n<p>Milyen felem\u00e1s \u00e9rz\u00e9sek k\u00f6zt \u00e9l\u00fcnk,<br \/>\nmilyen sokf\u00e9le vonz\u00e1sok k\u00f6z\u00f6tt,<br \/>\npedig zuhanunk, mint a k\u0151<br \/>\negyenesen \u00e9s egy\u00e9rtelm\u00fcen.<\/p>\n<p>H\u00e1nyf\u00e9le sz\u00e9gyen \u00e9s k\u00e9pzelt dics\u0151s\u00e9g<br \/>\nh\u00e1l\u00f3j\u00e1ban evick\u00e9l\u00fcnk, pedig<br \/>\nnapra kellene teregetn\u00fcnk<br \/>\nmindazt, mi rejteni val\u00f3.<\/p>\n<p>Milyen<br \/>\nmegk\u00e9sve \u00e9rtj\u00fck meg, hogy a<br \/>\nszemek hom\u00e1lya pontosabb lehet<br \/>\na l\u00e1mpaf\u00e9nyn\u00e9l, \u00e9s milyen<br \/>\nk\u00e9s\u0151n l\u00e1tjuk meg a vil\u00e1g<br \/>\n\u00f6r\u00f6k\u00f6s t\u00e9rdreroskad\u00e1s\u00e1t.<\/p>\n<h2><em><strong>J\u00f3zsef Attila<\/strong><\/em><\/h2>\n<p>Katon\u00e1ja a mindens\u00e9gnek,<br \/>\nbak\u00e1ja a nyomorus\u00e1gnak,<br \/>\ntesz\u00fcnk azzal valamit is,<br \/>\nhogy a f\u00fcvek z\u00f6ldell\u0151 erej\u00e9be<br \/>\nvisszahelyezz\u00fck a halottat?<\/p>\n<h2><em><strong>Egyenes labirintus<\/strong><\/em><\/h2>\n<p>Milyen lesz az a visszar\u00f6p\u00fcl\u00e9s,<br \/>\namir\u0151l csak hasonlatok besz\u00e9lnek,<br \/>\nolyanf\u00e9l\u00e9k, hogy olt\u00e1r, szent\u00e9ly,<br \/>\nk\u00e9zfog\u00e1s, visszat\u00e9r\u00e9s, \u00f6lel\u00e9s,<br \/>\nf\u0171ben, f\u00e1k alatt megter\u00edtett asztal,<br \/>\nhol nincs els\u0151 \u00e9s nincs utols\u00f3 vend\u00e9g,<br \/>\nv\u00e9g\u00fcl is milyen lesz, milyen lesz<br \/>\ne nyitott sz\u00e1rny\u00fa emelked\u0151 zuhan\u00e1s,<br \/>\nvisszahull\u00e1s a f\u00f3kusz l\u00e1ngol\u00f3<br \/>\nk\u00f6z\u00f6s f\u00e9szk\u00e9be? &#8211; nem tudom,<br \/>\n\u00e9s m\u00e9gis, hogyha valamit tudok,<br \/>\nh\u00e1t ezt tudom, e forr\u00f3 folyos\u00f3t,<br \/>\ne ny\u00edlegyenes labirintust, melyben<br \/>\nmind t\u00f6m\u00f6ttebb \u00e9s mind t\u00f6m\u00f6ttebb<br \/>\n\u00e9s egyre szabadabb a t\u00e9ny, hogy r\u00f6p\u00fcl\u00fcnk.<\/p>\n<h2><em><strong>Meghat\u00e1roz\u00e1s<\/strong><\/em><\/h2>\n<p>F\u00e9regnek lenni mit jelent?<br \/>\nV\u00e1gyakozni egy tekintetre,<br \/>\negy olyan hossz\u00fa, ny\u00edlt szembes\u00fcl\u00e9sre,<br \/>\nahogy csak Isten n\u00e9zi \u00f6nmag\u00e1t,<br \/>\nerre v\u00e1gyni, egyed\u00fcl erre,<br \/>\n\u00e9s ugyanakkor \u00fcveges szemekkel<br \/>\nbelefur\u00f3dni abba, ami nincs,<br \/>\nbeszor\u00falva a semmi \u00e9s<br \/>\nvalamif\u00e9le ut\u00e1nzat k\u00f6z\u00e9.<\/p>\n<h2><em><strong>Mer\u00e9nylet<\/strong><\/em><\/h2>\n<p>Megt\u00f6rt\u00e9nt, holott nem k\u00f6vettem el,<br \/>\n\u00e9s nem t\u00f6rt\u00e9nt meg, holott elk\u00f6vettem.<\/p>\n<h2><em><strong>In memoriam F. M. Dosztojevszkij<\/strong><\/em><\/h2>\n<p>Hajoljon le. (F\u00f6ldig hajol.)<br \/>\n\u00c1lljon f\u00f6l. (F\u00f6lemelkedik.)<br \/>\nVegye le az ing\u00e9t, gaty\u00e1j\u00e1t.<br \/>\n(Mindkett\u0151t leveszi.)<br \/>\nN\u00e9zzen szembe.<br \/>\n(Elford\u00fal. Szemben\u00e9z.)<br \/>\n\u00d6lt\u00f6zz\u00f6n f\u00f6l.<br \/>\n(F\u00f6l\u00f6lt\u00f6zik.)<\/p>\n<h2><em><strong>Bet\u0171k, sorok<\/strong><\/em><\/h2>\n<p>Meg\u00e9rdemeln\u00e9 a b\u00e9k\u00e9s hal\u00e1lt<br \/>\nminden \u00edrnok, aki az \u00e9jszak\u00e1ban<br \/>\ntollat fog \u00e9s pap\u00edr f\u00f6l\u00e9 hajol.<\/p>\n<p><em><strong>Forr\u00e1s: <a href=\"https:\/\/mek.oszk.hu\/01000\/01016\/01016.htm\">Pilinszky J\u00e1nos \u00f6sszegy\u0171jt\u00f6tt versei. MEK<\/a><\/strong><\/em><\/p>\n","protected":false},"excerpt":{"rendered":"<p>Kor\u00e1bban jelezt\u00fck, hogy a cs\u00edkszeredai K\u00e1joni J\u00e1nos Megyei K\u00f6nyvt\u00e1r, t\u00f6bb \u00e9ves hagyom\u00e1ny\u00e1hoz ragaszkodva, id\u00e9n is sz\u00e1nd\u00e9kszik megrendezni nemzetk\u00f6zi felolvas\u00f3maratonj\u00e1t, \u201erem\u00e9lve, hogy a megv\u00e1ltozott k\u00f6r\u00fclm\u00e9nyek, a j\u00e1rv\u00e1ny \u00e9s mindenf\u00e9le megszor\u00edt\u00e1s, bizonytalans\u00e1g ellen\u00e9re, aki olvasni szeret \u00e9s \u00e9vr\u0151l-\u00e9vre bekapcsol\u00f3dott ebbe az olvas\u00e1st n\u00e9pszer\u0171s\u00edt\u0151 megmozdul\u00e1sba, 2021-ben is megteszi. A k\u00f6z\u00f6s felolvas\u00e1s c\u00e9lja tov\u00e1bbra is r\u00e1ir\u00e1ny\u00edtani a figyelmet magyar [&hellip;]<\/p>\n","protected":false},"author":3,"featured_media":0,"comment_status":"open","ping_status":"open","sticky":false,"template":"","format":"standard","meta":{"_monsterinsights_skip_tracking":false,"_monsterinsights_sitenote_active":false,"_monsterinsights_sitenote_note":"","_monsterinsights_sitenote_category":0,"ngg_post_thumbnail":0,"footnotes":""},"categories":[4],"tags":[],"class_list":["post-94510","post","type-post","status-publish","format-standard","hentry","category-vers"],"_links":{"self":[{"href":"https:\/\/ujkafe.website\/index.php?rest_route=\/wp\/v2\/posts\/94510","targetHints":{"allow":["GET"]}}],"collection":[{"href":"https:\/\/ujkafe.website\/index.php?rest_route=\/wp\/v2\/posts"}],"about":[{"href":"https:\/\/ujkafe.website\/index.php?rest_route=\/wp\/v2\/types\/post"}],"author":[{"embeddable":true,"href":"https:\/\/ujkafe.website\/index.php?rest_route=\/wp\/v2\/users\/3"}],"replies":[{"embeddable":true,"href":"https:\/\/ujkafe.website\/index.php?rest_route=%2Fwp%2Fv2%2Fcomments&post=94510"}],"version-history":[{"count":0,"href":"https:\/\/ujkafe.website\/index.php?rest_route=\/wp\/v2\/posts\/94510\/revisions"}],"wp:attachment":[{"href":"https:\/\/ujkafe.website\/index.php?rest_route=%2Fwp%2Fv2%2Fmedia&parent=94510"}],"wp:term":[{"taxonomy":"category","embeddable":true,"href":"https:\/\/ujkafe.website\/index.php?rest_route=%2Fwp%2Fv2%2Fcategories&post=94510"},{"taxonomy":"post_tag","embeddable":true,"href":"https:\/\/ujkafe.website\/index.php?rest_route=%2Fwp%2Fv2%2Ftags&post=94510"}],"curies":[{"name":"wp","href":"https:\/\/api.w.org\/{rel}","templated":true}]}}