
{"id":94520,"date":"2021-02-03T02:55:20","date_gmt":"2021-02-03T02:55:20","guid":{"rendered":"https:\/\/ujkafe.website\/?p=94520"},"modified":"2021-01-30T15:19:02","modified_gmt":"2021-01-30T15:19:02","slug":"szekedi-ferenc-arcok-szavak-emlekek-125","status":"publish","type":"post","link":"https:\/\/ujkafe.website\/?p=94520","title":{"rendered":"Sz\u00e9kedi Ferenc: Arcok, szavak, eml\u00e9kek (125.)"},"content":{"rendered":"<h2><em><strong>Br\u00e1da Tibor: M\u0171v\u00e9szeti katal\u00f3gus<\/strong><\/em><\/h2>\n<p><em><strong>(K\u00f6rmendi Gal\u00e9ria, Budapest-Sopron, 2006, k\u00e9sz\u00fclt a Codex Print Nyomd\u00e1ban.)<\/strong><\/em><\/p>\n<p>A Cannes-hoz k\u00f6zel es\u0151, d\u00e9l-kelet franciaorsz\u00e1gi Mougins kisv\u00e1rost nem csup\u00e1n a sz\u00edn\u00e9szh\u00edress\u00e9gek szokt\u00e1k megl\u00e1togatni, amikor a filmfesztiv\u00e1lok napjaiban \u00e9s \u00e9jszak\u00e1in laz\u00edtanak, hanem gyakran s\u0171r\u00f6gnek-forognak itt k\u00e9pz\u0151m\u0171v\u00e9szek is. \u00c9s nem v\u00e9letlen\u00fcl, hiszen \u00e9let\u00e9nek utols\u00f3 \u00e9veit itt t\u00f6lt\u00f6tte \u00e9s itt is vett b\u00facs\u00fat a f\u00f6ldi l\u00e9tt\u0151l maga Pablo Picasso (1881-1973). <!--more-->A r\u00f3mai kort\u00f3l a modern k\u00e9pz\u0151m\u0171v\u00e9szeti alkot\u00e1sokig sok-sok \u00e9rdekess\u00e9get felsorakoztat\u00f3 m\u00fazeuma ugyancsak turistacsalogat\u00f3, ak\u00e1rcsak a kisv\u00e1roska r\u00e9gi \u00e9p\u00fcletei, k\u00f6z\u00f6tt\u00fck az a g\u00f3tikus k\u00e1polna, ahonnan \u00e9ppen egy nemzetk\u00f6zi szakr\u00e1lis ki\u00e1ll\u00edt\u00e1son lopt\u00e1k el a Picasso-olt\u00e1rk\u00e9pet. P\u00f3tl\u00e1s\u00e1ra \u00fajabb ki\u00e1ll\u00edt\u00e1st hirdettek meg \u00e9s \u00e9ppen Br\u00e1da Tibor (1941) magyar mot\u00edvumokb\u00f3l ihletett sz\u00e1rnyas olt\u00e1ra \u00e9rdemelte ki, hogy ott maradjon a Picasso-olt\u00e1r hely\u00e9n.<br \/>\nMinderr\u0151l mifel\u00e9nk nem sokat tudunk, mint ahogyan arr\u00f3l sem, hogy a karcagi sz\u00fclet\u00e9s\u0171 fest\u0151m\u0171v\u00e9sz, k\u00f6zel n\u00e9gy \u00e9vtizeden \u00e1t a budapesti K\u00e9pz\u0151m\u0171v\u00e9szeti Egyetem tan\u00e1ra, sok-sok d\u00edj kit\u00fcntettetje, a Magyar Fest\u00e9szet Napj\u00e1nak a kital\u00e1l\u00f3ja. \u00d6tletgazd\u00e1ja, ahogyan manaps\u00e1g mondan\u00e1nk, hiszen 2002-ben neki fordult meg a fej\u00e9ben, hogy okt\u00f3ber 18.-\u00e1n, annak a Szent Luk\u00e1csnak a napj\u00e1n, aki nemcsak az orvosok v\u00e9d\u0151szentje, hanem a fest\u0151k \u00e9s a fest\u00e9szet patr\u00f3nusa is, \u00edgy fogalmazz\u00e1k meg a k\u00e9pz\u0151m\u0171v\u00e9szetre val\u00f3 nagyobb r\u00e1figyel\u00e9s sz\u00fcks\u00e9gess\u00e9g\u00e9t. Kezdem\u00e9nyez\u00e9se oly \u00e9letreval\u00f3nak bizonyult, hogy az elm\u00falt \u00e9vekben, azon a bizonyos okt\u00f3beri napon t\u00fal, eg\u00e9sz h\u00f3napos rendezv\u00e9nysorozatt\u00e1 n\u0151tte ki mag\u00e1t. Minden \u00e9v okt\u00f3ber\u00e9ben t\u00f6bb sz\u00e1z magyar k\u00e9pz\u0151m\u0171v\u00e9sz t\u00f6bb ezer alkot\u00e1s\u00e1t mutatj\u00e1k be a K\u00e1rp\u00e1t-medenc\u00e9ben \u00e9s egy ilyen alkalommal ker\u00fclt hozz\u00e1m ez a dedik\u00e1ci\u00f3 is.<br \/>\nBr\u00e1da Tibort egy\u00e9bk\u00e9nt a pasztell \u00e9s az \u00fcvegm\u0171v\u00e9szet mester\u00e9nek tartj\u00e1k. A pasztell a fiatal fest\u0151technik\u00e1khoz tartozik, hiszen csak a 18. sz\u00e1zad elej\u00e9n kezdt\u00e9k alkalmazni, els\u0151k\u00e9nt a franci\u00e1k a grafik\u00e1ban. Kezdetben a kr\u00e9t\u00e1hoz hasonl\u00f3an, apr\u00f3l\u00e9kosan kidolgozva a rajzok fel\u00fclet\u00e9t, majd ezt v\u00e1ltotta fel a sz\u00e9nrajz technika, noha m\u00e9g ekkor is a t\u00f3nus maradt a k\u00e9p uralkod\u00f3 eleme. A 19. sz\u00e1zad m\u00e1sodik fel\u00e9ben a hangs\u00faly eltol\u00f3dott a sz\u00ednek fel\u00e9, \u00e9s kimondottan fest\u0151i hat\u00e1s\u00fa pasztellk\u00e9pek sz\u00fclettek. Br\u00e1da Tibor kezdetben akvaralleken r\u00f6gz\u00edti benyom\u00e1sait, majd m\u0171term\u00e9ben ezeket dolgozza \u00e1t hasonl\u00f3 fogantat\u00e1s\u00fa pasztellekk\u00e9.<br \/>\nAz \u00fcvegm\u0171v\u00e9sz manaps\u00e1g ritka kincs, tal\u00e1n a cs\u00edkszeredai M\u00e1rton \u00c1ron f\u0151gimn\u00e1zium vezet\u0151s\u00e9ge tudn\u00e1 a legink\u00e1bb elmondani, hogy az egykori k\u00e1polna vitr\u00e1li\u00e1inak a helyre\u00e1ll\u00edt\u00e1sa mily komoly fejt\u00f6r\u00e9st okozott sz\u00e1mukra. Br\u00e1da Tibor az ut\u00e1np\u00f3tl\u00e1sra gondolva mondhatni egyedi szakk\u00f6nyvet \u00edrt \u00e9s ha a nev\u00e9vel tal\u00e1lkozunk, azt is \u00e9rdemes megjegyezni, hogy feles\u00e9ge \u00fagyszint\u00e9n fest\u0151m\u0171v\u00e9sz, l\u00e1nyai pedig iparm\u0171v\u00e9szek.<br \/>\nPr\u00f3b\u00e1ljuk csak ezt a nevet elolvasni: Pablo Diego Jos\u00e9 Francisco de Paula Juan Nepomuceno Cipriano de la Sant\u00edsima Trinidad Ruiz Picasso. A spanyol n\u00e9vad\u00e1si hagyom\u00e1nyoknak megfelel\u0151en Picassot ekk\u00e9nt anyak\u00f6nyvezt\u00e9k. A Br\u00e1d\u00e1val j\u00f3val k\u00f6nnyebb dolgunk van. De nemcsak a r\u00f6vids\u00e9ge miatt \u00e9rdemes meg\u0151rizn\u00fcnk&#8230;<\/p>\n<p><a href=\"https:\/\/ujkafe.website\/wp-content\/uploads\/2021\/01\/125.jpg\"><img loading=\"lazy\" decoding=\"async\" class=\"alignnone  wp-image-94522\" src=\"https:\/\/ujkafe.website\/wp-content\/uploads\/2021\/01\/125-300x196.jpg\" alt=\"\" width=\"491\" height=\"321\" srcset=\"https:\/\/ujkafe.website\/wp-content\/uploads\/2021\/01\/125-300x196.jpg 300w, https:\/\/ujkafe.website\/wp-content\/uploads\/2021\/01\/125-768x503.jpg 768w, https:\/\/ujkafe.website\/wp-content\/uploads\/2021\/01\/125-1024x670.jpg 1024w, https:\/\/ujkafe.website\/wp-content\/uploads\/2021\/01\/125.jpg 1710w\" sizes=\"auto, (max-width: 491px) 100vw, 491px\" \/><\/a><\/p>\n","protected":false},"excerpt":{"rendered":"<p>Br\u00e1da Tibor: M\u0171v\u00e9szeti katal\u00f3gus (K\u00f6rmendi Gal\u00e9ria, Budapest-Sopron, 2006, k\u00e9sz\u00fclt a Codex Print Nyomd\u00e1ban.) A Cannes-hoz k\u00f6zel es\u0151, d\u00e9l-kelet franciaorsz\u00e1gi Mougins kisv\u00e1rost nem csup\u00e1n a sz\u00edn\u00e9szh\u00edress\u00e9gek szokt\u00e1k megl\u00e1togatni, amikor a filmfesztiv\u00e1lok napjaiban \u00e9s \u00e9jszak\u00e1in laz\u00edtanak, hanem gyakran s\u0171r\u00f6gnek-forognak itt k\u00e9pz\u0151m\u0171v\u00e9szek is. \u00c9s nem v\u00e9letlen\u00fcl, hiszen \u00e9let\u00e9nek utols\u00f3 \u00e9veit itt t\u00f6lt\u00f6tte \u00e9s itt is vett b\u00facs\u00fat a [&hellip;]<\/p>\n","protected":false},"author":3,"featured_media":0,"comment_status":"open","ping_status":"open","sticky":false,"template":"","format":"standard","meta":{"_monsterinsights_skip_tracking":false,"_monsterinsights_sitenote_active":false,"_monsterinsights_sitenote_note":"","_monsterinsights_sitenote_category":0,"ngg_post_thumbnail":0,"footnotes":""},"categories":[120],"tags":[],"class_list":["post-94520","post","type-post","status-publish","format-standard","hentry","category-essze"],"_links":{"self":[{"href":"https:\/\/ujkafe.website\/index.php?rest_route=\/wp\/v2\/posts\/94520","targetHints":{"allow":["GET"]}}],"collection":[{"href":"https:\/\/ujkafe.website\/index.php?rest_route=\/wp\/v2\/posts"}],"about":[{"href":"https:\/\/ujkafe.website\/index.php?rest_route=\/wp\/v2\/types\/post"}],"author":[{"embeddable":true,"href":"https:\/\/ujkafe.website\/index.php?rest_route=\/wp\/v2\/users\/3"}],"replies":[{"embeddable":true,"href":"https:\/\/ujkafe.website\/index.php?rest_route=%2Fwp%2Fv2%2Fcomments&post=94520"}],"version-history":[{"count":0,"href":"https:\/\/ujkafe.website\/index.php?rest_route=\/wp\/v2\/posts\/94520\/revisions"}],"wp:attachment":[{"href":"https:\/\/ujkafe.website\/index.php?rest_route=%2Fwp%2Fv2%2Fmedia&parent=94520"}],"wp:term":[{"taxonomy":"category","embeddable":true,"href":"https:\/\/ujkafe.website\/index.php?rest_route=%2Fwp%2Fv2%2Fcategories&post=94520"},{"taxonomy":"post_tag","embeddable":true,"href":"https:\/\/ujkafe.website\/index.php?rest_route=%2Fwp%2Fv2%2Ftags&post=94520"}],"curies":[{"name":"wp","href":"https:\/\/api.w.org\/{rel}","templated":true}]}}