
{"id":94527,"date":"2021-02-04T02:53:32","date_gmt":"2021-02-04T02:53:32","guid":{"rendered":"https:\/\/ujkafe.website\/?p=94527"},"modified":"2021-01-30T19:33:25","modified_gmt":"2021-01-30T19:33:25","slug":"szekedi-ferenc-arcok-szavak-emlekek-126","status":"publish","type":"post","link":"https:\/\/ujkafe.website\/?p=94527","title":{"rendered":"Sz\u00e9kedi Ferenc: Arcok, szavak, eml\u00e9kek (126.)"},"content":{"rendered":"<h2><em><strong>Fejezetek Sz\u00e9kelyf\u00f6ld technikat\u00f6rt\u00e9net\u00e9b\u0151l. Szerkesztette M\u00e1rton L\u00e1szl\u00f3<\/strong><\/em><\/h2>\n<p><em><strong>(Erd\u00e9lyi M\u00fazeum Egyes\u00fclet, Kolozsv\u00e1r, 2019, bor\u00edt\u00f3terv Szil\u00e1gyi J\u00falia)<\/strong><\/em><\/p>\n<p>Tizenk\u00e9t tanulm\u00e1ny \u2013 tizennyolc szerz\u0151, akiknek a neveit kifelejtett\u00e9k a sz\u00f6vegtestb\u0151l, \u00edgy nyomtat\u00e1s ut\u00e1n egy k\u00fcl\u00f6n pap\u00edron minden p\u00e9ld\u00e1nyba beragasztott\u00e1k. De h\u00e1t ez ink\u00e1bb\u00a0 csak sz\u00e9ps\u00e9ghib\u00e1ja ennek az igen \u00e9rdekes \u00e9s hi\u00e1nyp\u00f3tl\u00f3 k\u00f6nyvnek.<!--more--><br \/>\nA k\u00f6zel 350 oldalas k\u00f6tet a ker\u00e1miak\u00e9sz\u00edt\u00e9sre, a b\u00e1ny\u00e1szatra \u00e9s koh\u00e1szatra, a harang\u00f6nt\u00e9szetre, a s\u00f3b\u00e1ny\u00e1szatra, a fakitermel\u00e9sre \u00e9s -feldolgoz\u00e1sra, a textil- \u00e9s b\u0151riparra, az \u00fcveggy\u00e1rt\u00e1sra, a v\u00edzimalmokra, a villamos energia hasznos\u00edt\u00e1s\u00e1nak kezdeteire \u00e9s a sz\u00e9kelyf\u00f6ldi c\u00e9hekre \u00f6sszpontos\u00edt, ugyanakkor \u00e9rdekess\u00e9gk\u00e9nt az okl\u00e1ndi unit\u00e1rius templom festett kazett\u00e1iban fellelhet\u0151 k\u00fcl\u00f6nleges id\u0151m\u00e9r\u00e9st is r\u00e9szletezi.<br \/>\nAmint a k\u00f6nyv szerkeszt\u0151je, az imm\u00e1r nyolcvan esztend\u0151s M\u00e1rton L\u00e1szl\u00f3 gyergy\u00f3szentmikl\u00f3si m\u00e9rn\u00f6k megjegyzi, els\u0151sorban olyan ter\u00fcletek el\u0151t\u00e9rbe helyez\u00e9s\u00e9re t\u00f6rekedtek, amelyekr\u0151l mindeddig nem jelentek meg \u00e1tfog\u00f3 munk\u00e1k, illetve olyan t\u00e9rs\u00e9geket emeltek ki, amelyek mostanig az erd\u00e9lyi \u00e9s sz\u00e9kelyf\u00f6ldi ipart\u00f6rt\u00e9net tekintet\u00e9ben feh\u00e9r foltoknak sz\u00e1m\u00edtottak.<br \/>\nJ\u00f3magam M\u00e1rton L\u00e1szl\u00f3 nev\u00e9vel m\u00e1r a rom\u00e1niai rendszerv\u00e1lt\u00e1s el\u0151tt tal\u00e1lkoztam, amikor az egykori gyergy\u00f3szentmikl\u00f3si \u00f6nt\u0151de igazgat\u00f3jak\u00e9nt, a magyar m\u0171szaki nyelv meg\u0151rz\u00e9s\u00e9nek a hitvall\u00e1s\u00e1val, k\u00f6nyveket-tanulm\u00e1nyokat \u00edrt a s\u00farlod\u00e1stanr\u00f3l, a zsebsz\u00e1m\u00edt\u00f3g\u00e9pekr\u0151l, m\u00e1s id\u0151szer\u0171 m\u0171szaki t\u00e9m\u00e1kr\u00f3l, de igazi szerz\u0151i vir\u00e1gz\u00e1sa 2000 ut\u00e1n bontakozott ki. Kezdetben az erd\u00e9lyi harangokr\u00f3l \u00e1ll\u00edtott \u00f6ssze egy szokatlan form\u00e1tum\u00fa \u00e9s fel\u00e9p\u00edt\u00e9s\u0171, nagyon sz\u00e9p ki\u00e1ll\u00edt\u00e1s\u00fa k\u00f6nyvet, amelyben versek tal\u00e1lkoztak k\u00e9pletekkel, jelenkori fot\u00f3k k\u00f6z\u00e9pkori rajzokkal \u00e9s Rom\u00e1n Viktor (1935-1995) szobor-repr\u00f3kkal, n\u00e9pk\u00f6lt\u00e9szeti sorok valamif\u00e9le sz\u00e1mmisztik\u00e1val. \u00c9s Hargita megye harangjainak majdhogynem teljes jegyz\u00e9ke pedig annak a magyar\u00e1zat\u00e1val, hogy az \u00f6nt\u00e9si hib\u00e1k, az \u00f3n-z\u00e1rv\u00e1nyok, a fagyok \u00e9s a kif\u00e1rad\u00e1s nyom\u00e1n hogyan is v\u00e1lnak rekedtt\u00e9, majd n\u00e9mulnak el a harangok.<br \/>\nM\u00e1rton L\u00e1szl\u00f3 a k\u00e9t kult\u00fara, a m\u0171v\u00e9szetek, az irodalom, valamint a term\u00e9szettudom\u00e1nyos \u00e9s m\u0171szaki m\u0171velts\u00e9g egym\u00e1sra tal\u00e1l\u00e1s\u00e1nak legal\u00e1bb olyan apostola, mint az eml\u00e9keinkben \u00e9l\u0151, id\u0151sebb Tor\u00f3 Tibor (1931-2010) fizikus professzor, akinek a neutrin\u00f3r\u00f3l is Szil\u00e1gyi Domokos (1938-1976) vagy \u00e9ppen valamilyen konstrukt\u00edvista szobor jutott az esz\u00e9be, ha nem \u00e9ppen a Divina Commedia, net\u00e1n egy Harag Gy\u00f6rgy (1925-1985) rendez\u00e9s.<br \/>\nKimondottam \u00f6r\u00fcltem, amikor azt l\u00e1ttam, hogy M\u00e1rton L\u00e1szl\u00f3 gyakorlatilag \u00e9vente megjelentet egy-egy \u00fajabb kiadv\u00e1nyt. Az erd\u00e9lyi v\u00edzimalmokr\u00f3l, a torony\u00f3r\u00e1kr\u00f3l, t\u00f6bb erd\u00e9lyi t\u00e1jegys\u00e9g \u00e9s telep\u00fcl\u00e9s technikat\u00f6rt\u00e9neti \u00f6r\u00f6ks\u00e9g\u00e9r\u0151l. \u00c9s K\u00f3s K\u00e1rolyr\u00f3l (1883-1977), nem a reg\u00e9ny\u00edr\u00f3r\u00f3l, a dr\u00e1ma\u00edr\u00f3r\u00f3l, nem az \u00e9p\u00edt\u00e9szr\u0151l, nem a politikusr\u00f3l, a Ki\u00e1lt\u00f3 Sz\u00f3 szerz\u0151j\u00e9r\u0151l, hanem K\u00f3s K\u00e1rolyr\u00f3l, a m\u0171v\u00e9szi kov\u00e1csoltvas formatervez\u0151j\u00e9r\u0151l, akinek a neve esz\u00fcnkbe sem jut, amikor lenyomjuk egy-egy patin\u00e1s erd\u00e9lyi k\u00f6z\u00e9p\u00fclet bej\u00e1rati ajtaj\u00e1nak a kilincs\u00e9t.<br \/>\n\u201e M\u00e9rn\u00f6k vagyok \u00e9s megtanultam, hogy minden \u00e9p\u00edtm\u00e9ny csak akkor szil\u00e1rd, ha a szerkezete j\u00f3, az anyagok megfelel\u0151ek, a munka becs\u00fcletes \u201e \u2013 \u00edrta K\u00f3s K\u00e1roly 1925-ben Rem\u00e9nyik S\u00e1ndornak (1890-1941). Nos, a gyergy\u00f3i M\u00e1rton L\u00e1szl\u00f3 m\u00e9rn\u00f6k k\u00f6nyvei is ugyanilyen \u00e9p\u00edtm\u00e9nyek. Egy huszonegyedik sz\u00e1zadi renesz\u00e1nsz ember alkot\u00e1sai, aki az erd\u00e9lyis\u00e9gbe vetett hittel kutatja a m\u00faltat, \u00e9s most t\u00f6bb szakember munk\u00e1j\u00e1nak az \u00f6sszegz\u00e9sek\u00e9nt megint egy olyan k\u00f6tetet tett le az asztalunkra, amelyet nagy-nagy \u00e9rdekl\u0151d\u00e9ssel olvashat-lapozhat b\u00e1rki, aki \u00fagy \u00e9rzi, hogy sz\u00e1m\u00e1ra a m\u00faltat, a t\u00f6rt\u00e9nelmet nem kiz\u00e1r\u00f3lag a fejedelmi n\u00e9vsorok, a csat\u00e1k \u00e9s h\u00e1bor\u00fak jelentik, hanem el\u0151deink \u00e9rt\u00e9kteremt\u0151 h\u00e9tk\u00f6znapjainak a huszonegyedik sz\u00e1zadig el\u00e9r\u0151 l\u00e1ncolata.<\/p>\n<p><a href=\"https:\/\/ujkafe.website\/wp-content\/uploads\/2021\/01\/126-martonlaszlo.jpg\"><img loading=\"lazy\" decoding=\"async\" class=\"alignnone  wp-image-94531\" src=\"https:\/\/ujkafe.website\/wp-content\/uploads\/2021\/01\/126-martonlaszlo-300x265.jpg\" alt=\"\" width=\"462\" height=\"408\" srcset=\"https:\/\/ujkafe.website\/wp-content\/uploads\/2021\/01\/126-martonlaszlo-300x265.jpg 300w, https:\/\/ujkafe.website\/wp-content\/uploads\/2021\/01\/126-martonlaszlo-768x678.jpg 768w, https:\/\/ujkafe.website\/wp-content\/uploads\/2021\/01\/126-martonlaszlo-1024x905.jpg 1024w, https:\/\/ujkafe.website\/wp-content\/uploads\/2021\/01\/126-martonlaszlo.jpg 1887w\" sizes=\"auto, (max-width: 462px) 100vw, 462px\" \/><\/a><\/p>\n","protected":false},"excerpt":{"rendered":"<p>Fejezetek Sz\u00e9kelyf\u00f6ld technikat\u00f6rt\u00e9net\u00e9b\u0151l. Szerkesztette M\u00e1rton L\u00e1szl\u00f3 (Erd\u00e9lyi M\u00fazeum Egyes\u00fclet, Kolozsv\u00e1r, 2019, bor\u00edt\u00f3terv Szil\u00e1gyi J\u00falia) Tizenk\u00e9t tanulm\u00e1ny \u2013 tizennyolc szerz\u0151, akiknek a neveit kifelejtett\u00e9k a sz\u00f6vegtestb\u0151l, \u00edgy nyomtat\u00e1s ut\u00e1n egy k\u00fcl\u00f6n pap\u00edron minden p\u00e9ld\u00e1nyba beragasztott\u00e1k. De h\u00e1t ez ink\u00e1bb\u00a0 csak sz\u00e9ps\u00e9ghib\u00e1ja ennek az igen \u00e9rdekes \u00e9s hi\u00e1nyp\u00f3tl\u00f3 k\u00f6nyvnek.<\/p>\n","protected":false},"author":3,"featured_media":0,"comment_status":"open","ping_status":"open","sticky":false,"template":"","format":"standard","meta":{"_monsterinsights_skip_tracking":false,"_monsterinsights_sitenote_active":false,"_monsterinsights_sitenote_note":"","_monsterinsights_sitenote_category":0,"ngg_post_thumbnail":0,"footnotes":""},"categories":[120],"tags":[],"class_list":["post-94527","post","type-post","status-publish","format-standard","hentry","category-essze"],"_links":{"self":[{"href":"https:\/\/ujkafe.website\/index.php?rest_route=\/wp\/v2\/posts\/94527","targetHints":{"allow":["GET"]}}],"collection":[{"href":"https:\/\/ujkafe.website\/index.php?rest_route=\/wp\/v2\/posts"}],"about":[{"href":"https:\/\/ujkafe.website\/index.php?rest_route=\/wp\/v2\/types\/post"}],"author":[{"embeddable":true,"href":"https:\/\/ujkafe.website\/index.php?rest_route=\/wp\/v2\/users\/3"}],"replies":[{"embeddable":true,"href":"https:\/\/ujkafe.website\/index.php?rest_route=%2Fwp%2Fv2%2Fcomments&post=94527"}],"version-history":[{"count":0,"href":"https:\/\/ujkafe.website\/index.php?rest_route=\/wp\/v2\/posts\/94527\/revisions"}],"wp:attachment":[{"href":"https:\/\/ujkafe.website\/index.php?rest_route=%2Fwp%2Fv2%2Fmedia&parent=94527"}],"wp:term":[{"taxonomy":"category","embeddable":true,"href":"https:\/\/ujkafe.website\/index.php?rest_route=%2Fwp%2Fv2%2Fcategories&post=94527"},{"taxonomy":"post_tag","embeddable":true,"href":"https:\/\/ujkafe.website\/index.php?rest_route=%2Fwp%2Fv2%2Ftags&post=94527"}],"curies":[{"name":"wp","href":"https:\/\/api.w.org\/{rel}","templated":true}]}}