
{"id":94538,"date":"2021-02-05T02:53:39","date_gmt":"2021-02-05T02:53:39","guid":{"rendered":"https:\/\/ujkafe.website\/?p=94538"},"modified":"2021-02-07T14:13:42","modified_gmt":"2021-02-07T14:13:42","slug":"szekedi-ferenc-arcok-szavak-emlekek-127","status":"publish","type":"post","link":"https:\/\/ujkafe.website\/?p=94538","title":{"rendered":"Sz\u00e9kedi Ferenc: Arcok, szavak, eml\u00e9kek (127.)"},"content":{"rendered":"<h2><em><strong>Virt L\u00e1szl\u00f3: Nyitott szemmel. M\u00e1rton \u00c1ron erd\u00e9lyi p\u00fcsp\u00f6k \u00e9lete \u00e9s eszm\u00e9i<\/strong><\/em><\/h2>\n<p><em><strong>(Teleki L\u00e1szl\u00f3 Alap\u00edtv\u00e1ny, XX. Sz\u00e1zad Int\u00e9zet, Budapest, 2002)<\/strong><\/em><\/p>\n<p>Kamasz-, s\u0151t m\u00e9g feln\u0151ttkoromban \u00c9desany\u00e1m (1911-2000) gyakran mondogatta, hogy miut\u00e1n visszat\u00e9rtek Zs\u00f6g\u00f6dbe a magyarorsz\u00e1gi menek\u00fcl\u00e9sb\u0151l, a negyvenes-\u00f6tvenes \u00e9vekben elrejtett valahov\u00e1 \u2013 de m\u00e1r \u0151 sem tudja hov\u00e1 \u2013 sok-sok kiv\u00e1gott \u00fajs\u00e1gcikket. Az \u00e1lland\u00f3-j\u00f6v\u00e9s men\u00e9sben meg is feledkeztem r\u00f3la, \u00e9s amikor n\u00e9h\u00e1ny \u00e9vvel hal\u00e1la ut\u00e1n \u00e1talak\u00edtottam a konyh\u00e1t \u00e9s a kamr\u00e1t, illetve lebontottam a k\u00e9t teret elv\u00e1laszt\u00f3 deszkafalat, az egyik gerenda m\u00f6g\u00fcl megs\u00e1rgult bor\u00edt\u00e9k hullott ki, rajta az anyai k\u00e9z\u00edr\u00e1ssal: <em>Bocs\u00e1ss meg nekik Uram, mert nem tudj\u00e1k, hogy mit cselekszenek! 1948. VI h\u00f3nap 30. Vas\u00e1rnap.<\/em><\/p>\n<p><!--more--><br \/>\nBenne pedig a korabeli gy\u0171l\u00f6letes \u00e9s gy\u0171l\u00f6lk\u00f6d\u0151 \u00fajs\u00e1gcikkeknek ez a titokban, a h\u00e1zkutat\u00e1sokt\u00f3l f\u00e9lve meg\u0151rz\u00f6tt gy\u0171jtem\u00e9nye, amelyek a negyvenes \u00e9vek k\u00f6zep\u00e9t\u0151l kezdve a katolikus papok \u00fcld\u00f6z\u00e9s\u00e9t, \u00fcld\u00f6ztet\u00e9s\u00e9t tan\u00fas\u00edtj\u00e1k. Ha nem \u00e9ppen ezekkel az \u00edr\u00e1sokkal nyitott\u00e1k meg a vessz\u0151fut\u00e1sok, a koholt v\u00e1dak, a mondvacsin\u00e1lt perek \u00e9s a b\u00f6rt\u00f6n\u00f6k \u00e9veit. \u00c9s m\u00e1r a c\u00edmekben is f\u0151szerepl\u0151: <em>M\u00e1rton \u00c1ron<\/em>. \u201eVolt fasiszta t\u00f6rzs\u0151rmesterek \u2013 M\u00e1rton \u00c1ron meg\u00e1ldott vit\u00e9zei.\u201d, &#8222;M\u00e1rton \u00c1ron, a kul\u00e1kok bar\u00e1tja, a demokrata lelk\u00e9szek \u00fcld\u00f6z\u0151je.\u201d, \u201eEzt id\u00e9zte el\u0151 a ny\u00e1j farkasainak f\u0151p\u00e1sztora: k\u00e9seltek a p\u00fcsp\u00f6ki szentbesz\u00e9dt\u0151l megr\u00e9szegedett kul\u00e1kleg\u00e9nyek Cs\u00edkjen\u0151falv\u00e1n. \u201e \u00c9s \u00edgy tov\u00e1bb, \u00e9s \u00edgy tov\u00e1bb&#8230;<br \/>\nA paksam\u00e9t\u00e1t egy ideig tartogattam, majd \u00e1tadtam Tam\u00e1s J\u00f3zsef p\u00fcsp\u00f6knek, hiszen az egyh\u00e1zban a helye. M\u00e9g akkor is, ha dokumentum\u00e9rt\u00e9k\u00e9t id\u0151k\u00f6zben elvesztette, hiszen a k\u00f6nyvt\u00e1rakban, lev\u00e9lt\u00e1rakban a rom\u00e1niai rendszerv\u00e1lt\u00e1s \u00f3ta oly sokan foglalkoztak M\u00e1rton \u00c1ron \u00e9let\u00e9vel \u00e9s munk\u00e1ss\u00e1g\u00e1val, hogy alig maradt sor, amit ne olvastak volna t\u0151le, r\u00f3la. Csup\u00e1n 1957-1960 k\u00f6z\u00f6tti lehallgat\u00e1si jegyz\u0151k\u00f6nyveinek \u00f6n\u00e1ll\u00f3 k\u00f6tete mintegy hatsz\u00e1z oldalt tesz ki, de lassan m\u00e1r h\u00fasz k\u00f6nyv fele j\u00e1r az a sorozat is, amely t\u00e9mak\u00f6r\u00f6nk\u00e9nt dolgozza fel hagyat\u00e9k\u00e1t. \u00c9let\u00e9nek minden jelent\u0151s \u00e1llom\u00e1s\u00e1hoz zar\u00e1ndokutak vezetnek, sz\u00fcl\u0151faluj\u00e1nak, Cs\u00edkszentdomokosnak a fel\u00faj\u00edtott m\u00fazeuma az egyik legkiv\u00e1l\u00f3bb Erd\u00e9lyben, \u00e9s hozz\u00e1 kapcsol\u00f3dnak azok az \u00e9vente megrendezett konferenci\u00e1k is, amelyek a p\u00fcsp\u00f6k munk\u00e1ss\u00e1g\u00e1nak k\u00fcl\u00f6nb\u00f6z\u0151 vonatkoz\u00e1sait r\u00e9szletezik. T\u00f6bb hasonl\u00f3 konferenci\u00e1n hallgattam meg Virt L\u00e1szl\u00f3 (1954) magyarorsz\u00e1gi katolikus hittan\u00e1rt \u00e9s teol\u00f3gust, \u00e9s \u00e1ll\u00edtom, ez a k\u00f6nyve a lehet\u0151 legteljesebb M\u00e1rton \u00c1ron portr\u00e9. Mindig kora t\u00e1rsadalm\u00e1ba \u00e1gyazva t\u00e1rgyalja a p\u00fcsp\u00f6k \u00e9let\u00e9t, gondolatait \u00e9s \u00fagy mutatja be erd\u00e9lyi l\u00e9t\u00e9nek a saj\u00e1toss\u00e1gait, hogy k\u00f6zben a vall\u00e1sr\u00f3l \u00e9s az egyetemes emberi l\u00e9tr\u0151l a huszonegyedik sz\u00e1zadba \u00e1tsug\u00e1rz\u00f3 \u00fczeneteit is el\u0151t\u00e9rbe \u00e1ll\u00edtja.<br \/>\nA szerz\u0151 a k\u00f6z\u00e9p- \u00e9s keleteur\u00f3pai orsz\u00e1gok t\u00f6bb tekint\u00e9lyes katolikus egyh\u00e1zi el\u00f6lj\u00e1r\u00f3j\u00e1r\u00f3l is \u00edrt k\u00f6nyvet, \u00f6sszehasonl\u00edt\u00f3 tanulm\u00e1nyait is ugyanez a kiegyens\u00falyozott vizsg\u00e1l\u00f3d\u00e1s, az a t\u00e1rgyilagoss\u00e1g jellemzi, amely a legjobban k\u00f6zel\u00edt a val\u00f3s\u00e1ghoz. Manaps\u00e1g gyakran id\u00e9zgetnek M\u00e1rton \u00c1ront\u00f3l, legink\u00e1bb nagyobb- vagy kisebb rang\u00fa politikusok, pedag\u00f3gusok, papok, lelk\u00e9szek, \u00fajs\u00e1g\u00edr\u00f3k, k\u00fcl\u00f6nb\u00f6z\u0151 int\u00e9zm\u00e9nyvezet\u0151k. De mindezek kiragadott mondatok maradnak mindaddig, am\u00edg \u00f6sszess\u00e9g\u00e9ben nem \u00e9rezz\u00fck meg, hogy a vil\u00e1gr\u00f3l, az emberr\u0151l, az egyh\u00e1zr\u00f3l, az erd\u00e9lyi magyars\u00e1gr\u00f3l alkotott egys\u00e9ges m\u00e1rton \u00e1roni gondolkod\u00e1s r\u00e9szeit halljuk. Virt L\u00e1szl\u00f3nak ez a k\u00f6nyve \u00e9s m\u00e1s munk\u00e1i a legend\u00e1kon, az eml\u00e9kezett\u00f6red\u00e9keken t\u00fal ennek a felismer\u00e9s\u00e9hez seg\u00edt hozz\u00e1. Kiv\u00e1l\u00f3an, olvasm\u00e1nyosan.<\/p>\n<p><a href=\"https:\/\/ujkafe.website\/wp-content\/uploads\/2021\/02\/127.jpg\"><img loading=\"lazy\" decoding=\"async\" class=\"alignnone  wp-image-94540\" src=\"https:\/\/ujkafe.website\/wp-content\/uploads\/2021\/02\/127-300x202.jpg\" alt=\"\" width=\"567\" height=\"382\" srcset=\"https:\/\/ujkafe.website\/wp-content\/uploads\/2021\/02\/127-300x202.jpg 300w, https:\/\/ujkafe.website\/wp-content\/uploads\/2021\/02\/127-768x516.jpg 768w, https:\/\/ujkafe.website\/wp-content\/uploads\/2021\/02\/127-1024x689.jpg 1024w, https:\/\/ujkafe.website\/wp-content\/uploads\/2021\/02\/127.jpg 1780w\" sizes=\"auto, (max-width: 567px) 100vw, 567px\" \/><\/a><\/p>\n","protected":false},"excerpt":{"rendered":"<p>Virt L\u00e1szl\u00f3: Nyitott szemmel. M\u00e1rton \u00c1ron erd\u00e9lyi p\u00fcsp\u00f6k \u00e9lete \u00e9s eszm\u00e9i (Teleki L\u00e1szl\u00f3 Alap\u00edtv\u00e1ny, XX. Sz\u00e1zad Int\u00e9zet, Budapest, 2002) Kamasz-, s\u0151t m\u00e9g feln\u0151ttkoromban \u00c9desany\u00e1m (1911-2000) gyakran mondogatta, hogy miut\u00e1n visszat\u00e9rtek Zs\u00f6g\u00f6dbe a magyarorsz\u00e1gi menek\u00fcl\u00e9sb\u0151l, a negyvenes-\u00f6tvenes \u00e9vekben elrejtett valahov\u00e1 \u2013 de m\u00e1r \u0151 sem tudja hov\u00e1 \u2013 sok-sok kiv\u00e1gott \u00fajs\u00e1gcikket. Az \u00e1lland\u00f3-j\u00f6v\u00e9s men\u00e9sben meg is [&hellip;]<\/p>\n","protected":false},"author":3,"featured_media":0,"comment_status":"open","ping_status":"open","sticky":false,"template":"","format":"standard","meta":{"_monsterinsights_skip_tracking":false,"_monsterinsights_sitenote_active":false,"_monsterinsights_sitenote_note":"","_monsterinsights_sitenote_category":0,"ngg_post_thumbnail":0,"footnotes":""},"categories":[120],"tags":[],"class_list":["post-94538","post","type-post","status-publish","format-standard","hentry","category-essze"],"_links":{"self":[{"href":"https:\/\/ujkafe.website\/index.php?rest_route=\/wp\/v2\/posts\/94538","targetHints":{"allow":["GET"]}}],"collection":[{"href":"https:\/\/ujkafe.website\/index.php?rest_route=\/wp\/v2\/posts"}],"about":[{"href":"https:\/\/ujkafe.website\/index.php?rest_route=\/wp\/v2\/types\/post"}],"author":[{"embeddable":true,"href":"https:\/\/ujkafe.website\/index.php?rest_route=\/wp\/v2\/users\/3"}],"replies":[{"embeddable":true,"href":"https:\/\/ujkafe.website\/index.php?rest_route=%2Fwp%2Fv2%2Fcomments&post=94538"}],"version-history":[{"count":0,"href":"https:\/\/ujkafe.website\/index.php?rest_route=\/wp\/v2\/posts\/94538\/revisions"}],"wp:attachment":[{"href":"https:\/\/ujkafe.website\/index.php?rest_route=%2Fwp%2Fv2%2Fmedia&parent=94538"}],"wp:term":[{"taxonomy":"category","embeddable":true,"href":"https:\/\/ujkafe.website\/index.php?rest_route=%2Fwp%2Fv2%2Fcategories&post=94538"},{"taxonomy":"post_tag","embeddable":true,"href":"https:\/\/ujkafe.website\/index.php?rest_route=%2Fwp%2Fv2%2Ftags&post=94538"}],"curies":[{"name":"wp","href":"https:\/\/api.w.org\/{rel}","templated":true}]}}