
{"id":94564,"date":"2021-02-07T02:55:12","date_gmt":"2021-02-07T02:55:12","guid":{"rendered":"https:\/\/ujkafe.website\/?p=94564"},"modified":"2021-02-02T15:31:27","modified_gmt":"2021-02-02T15:31:27","slug":"szekedi-ferenc-arcok-szavak-emlekek-129","status":"publish","type":"post","link":"https:\/\/ujkafe.website\/?p=94564","title":{"rendered":"Sz\u00e9kedi Ferenc: Arcok, szavak, eml\u00e9kek (129.)"},"content":{"rendered":"<h2><em><strong>Kalend\u00e1rium 2021.<\/strong> <\/em><\/h2>\n<p><strong><em>Falinapt\u00e1r a cs\u00e1sz\u00e1ri \u00e9s kir\u00e1lyi 82. sz\u00e9kely gyalogezred tisztelet\u00e9re \u00e9s eml\u00e9k\u00e9re. Bod\u00f3 Istv\u00e1n kutat\u00e1sai, gy\u0171jt\u00e9se \u00e9s fot\u00f3i<\/em><\/strong><\/p>\n<p>J\u00f3n\u00e9h\u00e1ny esztend\u0151vel ezel\u0151tt, az egyik erd\u00e9lyi h\u00edrport\u00e1lra \u00edrt jegyzetemben megeml\u00edtettem, hogy figyelem azt a k\u00f6vetkezetess\u00e9get, ahogyan cs\u00edkszeredai facebook-bar\u00e1tom, Bod\u00f3 Istv\u00e1n, id\u0151t-p\u00e9nzt nem k\u00edm\u00e9lve, f\u00e9nyk\u00e9pez\u0151g\u00e9p\u00e9vel felkeresi az els\u0151- \u00e9s m\u00e1sodik vil\u00e1gh\u00e1bor\u00fas sz\u00e9kelyf\u00f6ldi h\u00e1bor\u00fas eml\u00e9km\u0171veket, eml\u00e9kt\u00e1bl\u00e1kat, katonatemet\u0151ket \u00e9s hadis\u00edrokat, m\u00e9g azoknak a mag\u00e1nyos katonas\u00edroknak a feliratait is kib\u00f6ng\u00e9szve, ahol a bet\u0171ket m\u00e1r r\u00e9g lekoptatta \u00e9s sz\u00e9tporlasztotta az id\u0151.<!--more--><br \/>\nSoksz\u00e1z fot\u00f3j\u00e1b\u00f3l, \u00f6sszegy\u0171jt\u00f6tt dokument\u00e1ci\u00f3j\u00e1b\u00f3l saj\u00e1t k\u00f6lts\u00e9g\u00e9re, 2015-t\u0151l kezd\u0151d\u0151en, falinapt\u00e1rokat is kiadott \u00e9s biztos voltam benne, hogy a sorozat nem \u00e1ll meg, hanem eljut majd egyik olyan \u00e1llom\u00e1sig, amely a cs\u00facsot jelenti eddigi t\u00f6rekv\u00e9seiben.<br \/>\nAz idei, a 2021-es falinapt\u00e1r mind \u00e1tgondolts\u00e1g\u00e1ban, szeml\u00e9let\u00e9ben, mind m\u0171szaki megtervez\u00e9s\u00e9ben, t\u00f6rdel\u00e9s\u00e9ben, nyomdai kivitelez\u00e9s\u00e9ben, sz\u00ednvil\u00e1g\u00e1ban m\u00e1r ilyen: biztos k\u00e9zzel v\u00e1logat\u00f3 \u00e9s \u00f6sszegez\u0151. Bod\u00f3 Istv\u00e1n a napt\u00e1rlapok oldalainak egyik fel\u00e9n korabeli dokumentumok, fot\u00f3k, k\u00e9peslapok, \u00fajs\u00e1gt\u00f6red\u00e9kek, feljegyz\u00e9sek alapj\u00e1n nyomon k\u00f6veti az 1882 \u0151sz\u00e9n megalak\u00edtott cs\u00e1sz\u00e1ri \u00e9s kir\u00e1lyi 82. sz\u00e9kely gyalogezred t\u00f6rt\u00e9net\u00e9t, n\u00e9h\u00e1ny olyan egy\u00e9ni bejegyz\u00e9ssel is ell\u00e1tva a kronol\u00f3gi\u00e1t, amelyeket a ma \u00e9l\u0151 ut\u00f3doknak aj\u00e1nl. De ez m\u00e9g mindig a kisebbik munka. A tizenk\u00e9t h\u00f3nap napt\u00e1roldalainak a m\u00e1sik fel\u00e9n, bet\u0171rendi sorrendben, k\u00f6zel 2200 n\u00e9v k\u00f6veti egym\u00e1st, a sz\u00e1rmaz\u00e1si helys\u00e9ggel egyetemben. A 82. gyalogezrednek az els\u0151 vil\u00e1gh\u00e1bor\u00faban elesett katon\u00e1i. Olyan mement\u00f3 ez, amelyet mostanig csak r\u00e9szletekben l\u00e1thattunk a sz\u00e9kelyf\u00f6ldi falvak \u00e9s v\u00e1rosok templomainak, temet\u0151inek, eml\u00e9km\u0171veinek a m\u00e1rv\u00e1nyt\u00e1bl\u00e1in. \u00c1m \u00edgy, egy\u00fctt, k\u00fcl\u00f6n\u00f6sen megr\u00e1z\u00f3 a n\u00e9vsor, hiszen r\u00f6gt\u00f6n kider\u00fcl bel\u0151le, hogy ebben a hatalmas, els\u0151 vil\u00e1gh\u00e1bor\u00fas v\u00e9r\u00e1ldozatban majd minden sz\u00e9kelyf\u00f6ldi telep\u00fcl\u00e9snek \u00e9s majd minden csal\u00e1dnak a felmen\u0151i k\u00f6z\u00f6tt megvolt a maga halottja. Az els\u0151.vil\u00e1gh\u00e1bor\u00fa olyan felm\u00e9rhetetlen vesztes\u00e9gekkel j\u00e1rt a kisebb sz\u00e9kely vil\u00e1gban is, amelyeknek k\u00f6vetkezm\u00e9nyeit a t\u00f6rt\u00e9nelem nagy fordulatai \u00e9s orsz\u00e1ghat\u00e1rm\u00f3dos\u00edt\u00f3 osztozkod\u00e1sai k\u00f6zepette ma is \u00e9rz\u00fcnk.<br \/>\n\u00c9ppen ez\u00e9rt a tizenkilencedik \u00e9s a huszadik sz\u00e1zad fordul\u00f3ja nem csup\u00e1n katonat\u00f6rt\u00e9nelem, nem csup\u00e1n a m\u00falt, hanem a vel\u00fcnk \u00e9l\u0151 jelen is. Ez\u00e9rt foglalkozik egyre t\u00f6bb tanulm\u00e1ny, \u00fajonnan meg\u00edrt vagy \u00fajra kiadott k\u00f6nyv ezzel a korszakkal \u00e9s alighanem a falinapt\u00e1r-sorozat sem \u00e1ll meg itt, hanem majd j\u00f3val r\u00e9szletesebb kiadv\u00e1nyba torkollik.<br \/>\nHiszen biztos vagyok benne, hogy t\u00f6bb\u00e9ves munk\u00e1ja nyom\u00e1n Bod\u00f3 Istv\u00e1n a b\u0151s\u00e9g zavar\u00e1val \u00e9s a kiv\u00e1logat\u00e1s terjedelmi k\u00e9nyszereivel k\u00fczdve eljut majd egy olyan \u00f6n\u00e1ll\u00f3, saj\u00e1t k\u00f6tetig, amolyan m\u0171helynapl\u00f3ig, amelyben saj\u00e1t gy\u0171jt\u0151\u00fatjait, a vele kapcsolatos \u00e9lm\u00e9nyeit, tapasztalatait ugyan\u00fagy le\u00edrja mind az eredm\u00e9nyeit.<br \/>\nAmelyek m\u00e1r eddig is hi\u00e1nyp\u00f3tl\u00f3ak \u00e9s ott lesz a hely\u00fck mindazon k\u00f6nyvek, tanulm\u00e1nyok mellett, amelyek a legk\u00fcl\u00f6nb\u00f6z\u0151bb szempontok alapj\u00e1n elemzik az emberis\u00e9g t\u00f6rt\u00e9nelm\u00e9nek ezeket a v\u00e9rzivataros \u00e9veit. Amelyeket meghaladtunk ugyan, de j\u00f3, ha a m\u00falt figyelmeztet\u00e9seit a jelenben \u00e9s a j\u00f6v\u0151ben sem feledj\u00fck.<\/p>\n<p><a href=\"https:\/\/ujkafe.website\/wp-content\/uploads\/2021\/02\/129.jpg\"><img loading=\"lazy\" decoding=\"async\" class=\"alignnone  wp-image-94568\" src=\"https:\/\/ujkafe.website\/wp-content\/uploads\/2021\/02\/129-300x137.jpg\" alt=\"\" width=\"536\" height=\"245\" srcset=\"https:\/\/ujkafe.website\/wp-content\/uploads\/2021\/02\/129-300x137.jpg 300w, https:\/\/ujkafe.website\/wp-content\/uploads\/2021\/02\/129-768x350.jpg 768w, https:\/\/ujkafe.website\/wp-content\/uploads\/2021\/02\/129-1024x467.jpg 1024w, https:\/\/ujkafe.website\/wp-content\/uploads\/2021\/02\/129.jpg 1920w\" sizes=\"auto, (max-width: 536px) 100vw, 536px\" \/><\/a><\/p>\n","protected":false},"excerpt":{"rendered":"<p>Kalend\u00e1rium 2021. Falinapt\u00e1r a cs\u00e1sz\u00e1ri \u00e9s kir\u00e1lyi 82. sz\u00e9kely gyalogezred tisztelet\u00e9re \u00e9s eml\u00e9k\u00e9re. Bod\u00f3 Istv\u00e1n kutat\u00e1sai, gy\u0171jt\u00e9se \u00e9s fot\u00f3i J\u00f3n\u00e9h\u00e1ny esztend\u0151vel ezel\u0151tt, az egyik erd\u00e9lyi h\u00edrport\u00e1lra \u00edrt jegyzetemben megeml\u00edtettem, hogy figyelem azt a k\u00f6vetkezetess\u00e9get, ahogyan cs\u00edkszeredai facebook-bar\u00e1tom, Bod\u00f3 Istv\u00e1n, id\u0151t-p\u00e9nzt nem k\u00edm\u00e9lve, f\u00e9nyk\u00e9pez\u0151g\u00e9p\u00e9vel felkeresi az els\u0151- \u00e9s m\u00e1sodik vil\u00e1gh\u00e1bor\u00fas sz\u00e9kelyf\u00f6ldi h\u00e1bor\u00fas eml\u00e9km\u0171veket, eml\u00e9kt\u00e1bl\u00e1kat, katonatemet\u0151ket \u00e9s [&hellip;]<\/p>\n","protected":false},"author":3,"featured_media":0,"comment_status":"open","ping_status":"open","sticky":false,"template":"","format":"standard","meta":{"_monsterinsights_skip_tracking":false,"_monsterinsights_sitenote_active":false,"_monsterinsights_sitenote_note":"","_monsterinsights_sitenote_category":0,"ngg_post_thumbnail":0,"footnotes":""},"categories":[120],"tags":[],"class_list":["post-94564","post","type-post","status-publish","format-standard","hentry","category-essze"],"_links":{"self":[{"href":"https:\/\/ujkafe.website\/index.php?rest_route=\/wp\/v2\/posts\/94564","targetHints":{"allow":["GET"]}}],"collection":[{"href":"https:\/\/ujkafe.website\/index.php?rest_route=\/wp\/v2\/posts"}],"about":[{"href":"https:\/\/ujkafe.website\/index.php?rest_route=\/wp\/v2\/types\/post"}],"author":[{"embeddable":true,"href":"https:\/\/ujkafe.website\/index.php?rest_route=\/wp\/v2\/users\/3"}],"replies":[{"embeddable":true,"href":"https:\/\/ujkafe.website\/index.php?rest_route=%2Fwp%2Fv2%2Fcomments&post=94564"}],"version-history":[{"count":0,"href":"https:\/\/ujkafe.website\/index.php?rest_route=\/wp\/v2\/posts\/94564\/revisions"}],"wp:attachment":[{"href":"https:\/\/ujkafe.website\/index.php?rest_route=%2Fwp%2Fv2%2Fmedia&parent=94564"}],"wp:term":[{"taxonomy":"category","embeddable":true,"href":"https:\/\/ujkafe.website\/index.php?rest_route=%2Fwp%2Fv2%2Fcategories&post=94564"},{"taxonomy":"post_tag","embeddable":true,"href":"https:\/\/ujkafe.website\/index.php?rest_route=%2Fwp%2Fv2%2Ftags&post=94564"}],"curies":[{"name":"wp","href":"https:\/\/api.w.org\/{rel}","templated":true}]}}