
{"id":94573,"date":"2021-02-08T02:52:15","date_gmt":"2021-02-08T02:52:15","guid":{"rendered":"https:\/\/ujkafe.website\/?p=94573"},"modified":"2021-02-03T07:07:43","modified_gmt":"2021-02-03T07:07:43","slug":"szekedi-ferenc-arcok-szavak-emlekek-130","status":"publish","type":"post","link":"https:\/\/ujkafe.website\/?p=94573","title":{"rendered":"Sz\u00e9kedi Ferenc: Arcok, szavak, eml\u00e9kek (130.)"},"content":{"rendered":"<h2><em><strong>Kelt levelem harminc \u00e9ve. A szabads\u00e1g kezdete a Hargita N\u00e9pe olvas\u00f3i leveleinek a t\u00fckr\u00e9ben.<\/strong><\/em><\/h2>\n<p><em><strong>(K\u00f6zreadja Ferencz Imre, Cs\u00edkszereda, 2019, Hargita N\u00e9pe Lapkiad\u00f3)<\/strong><\/em><\/p>\n<p>Amikor a cs\u00edki ember Marosv\u00e1s\u00e1rhelyre aut\u00f3zik nem az imm\u00e1r j\u00f3val k\u00e9nyelmesebb S\u00f3v\u00e1rad-Ny\u00e1r\u00e1dszereda \u00fatvonalon, hanem a K\u00fck\u00fcll\u0151ment\u00e9n, Balav\u00e1s\u00e1ron \u00e1t, a sz\u00e9kelyvajnai kett\u0151s kanyarban mindig eszembe jut Mikl\u00f3s J\u00f3zsef (1940).<!--more--> 2003-ban itt vetett v\u00e9get egy tragikus k\u00f6zleked\u00e9si baleset a Cs\u00edkszered\u00e1ban mindenki \u00e1ltal ismert \u00e9s tisztelt Tan\u00e1r \u00far \u00e9let\u00e9nek. Nem csup\u00e1n nyelvtud\u00e1s\u00e1r\u00f3l mes\u00e9ltek legend\u00e1kat, hanem hokimeccsek komment\u00e1torak\u00e9nt, a cs\u00edksomly\u00f3i b\u00facs\u00fa ir\u00e1ny\u00edt\u00f3jak\u00e9nt is ott maradt a hangja t\u00f6bb ezer ember eml\u00e9keiben, mint ahogyan nyelvtud\u00e1s\u00e1t felhaszn\u00e1lt\u00e1k a k\u00fcl\u00f6nb\u00f6z\u0151 sportcsapatok k\u00fclf\u00f6ldi kisz\u00e1ll\u00e1sain is. \u0150 pedig m\u00e1s orsz\u00e1gokban nem csak a p\u00e1lya \u00e9s sz\u00e1lloda k\u00f6z\u00f6tti utakat tette meg a fiatalokkal t\u00f6bbsz\u00f6r\u00f6sen, amint az \u00e1ltal\u00e1ban lenni szokott, hanem elvitte \u0151ket m\u00fazeumokba, ki\u00e1ll\u00edt\u00e1sokra is. \u00c9s egy\u00e1ltal\u00e1n, idegenvezet\u0151k\u00e9nt, itthon is, k\u00fclf\u00f6ld\u00f6n is r\u00e9szletesen \u00e9s t\u00e9nyszer\u0171en mes\u00e9lt mindazokr\u00f3l a helyekr\u0151l, ahol \u00e9ppen j\u00e1rtak.<br \/>\nMindez az\u00e9rt jutott az eszembe, mert amikor v\u00e9letlenszer\u0171en kinyitottam a k\u00f6nyvet, \u00e9ppen az \u00e1ltala a szerkeszt\u0151s\u00e9gnek c\u00edmzett, 1990. m\u00e1rcius 21.-i level\u00e9n\u00e9l ny\u00edlt ki.<br \/>\n\u201e A sv\u00e1jci seg\u00e9lyakci\u00f3k t\u00f6meges \u00e9rkez\u00e9sekor magam is bekapcsol\u00f3dtam a hal\u00e1lra \u00edt\u00e9lt \u00e9s a csoda folyt\u00e1n megmenek\u00fclt falvainkba \u00e1raml\u00f3 aut\u00f3karav\u00e1nok fogad\u00e1s\u00e1ba. Ezt a Belgiumb\u00f3l kiindult humanit\u00e1rius, falu-\u00f6r\u00f6kbefogad\u00e1si akci\u00f3t, \u201eVillages Roumains\u201d programnak nevezt\u00e9k el. A Hargita N\u00e9pe ebb\u0151l az els\u0151 sz\u00f3, teh\u00e1t a f\u0151n\u00e9v v\u00e9g\u00e9r\u0151l elsink\u00f3f\u00e1lta a t\u00f6bbes sz\u00e1m jel\u00e9t. (-s). P\u00e1r nap m\u00falva a seg\u00e9lyek megk\u00f6sz\u00f6n\u00e9s\u00e9re \u00fajabb cikk jelent meg. Merci, Monsieurs! Ez \u00fajabb mer\u00e9nylet Voltaire nyelve ellen. A Monsieur t\u00f6bbes sz\u00e1ma ugyanis Messieurs. M\u00e1rciusban A szabads\u00e1gsz\u00f3zat marg\u00f3j\u00e1ra c\u00edm\u0171 cikk bevezet\u0151j\u00e9ben, a himnuszok felsorol\u00e1s\u00e1n\u00e1l ez \u00e1ll: Marseilles. H\u00e1t Uraim, ez m\u00e1r t\u00f6bb a sokn\u00e1l! A francia himnusz a vil\u00e1g legismertebb forradalmi dala \u00e9s a neve Marseillaise. (vagyis Marseille-b\u0151l val\u00f3 dal).\u201d<br \/>\nEzt a kis r\u00e9szt az\u00e9rt id\u00e9ztem, hogy kit\u0171nj\u00f6n: Ferencz Imre, aki bez\u00faz\u00e1s el\u0151l megmentette a Hargita N\u00e9p\u00e9hez a rendszerv\u00e1lt\u00e1s napjaiban-h\u00f3napjaiban \u00e9rkezett sok sz\u00e1z olvas\u00f3i levelet, egy\u00e1ltal\u00e1n nem \u00fagy v\u00e1logatott, hogy az az egykori szerkeszt\u0151s\u00e9g vagy az \u00fajs\u00e1g\u00edr\u00f3k jav\u00e1ra v\u00e1ljon. Hanem a legk\u00fcl\u00f6nb\u00f6z\u0151bb megk\u00f6zel\u00edt\u00e9sekben sorakoztatta fel mindazokat az \u00edrott v\u00e9lem\u00e9nynyilv\u00e1n\u00edt\u00e1sokat, amelyekben a sz\u00f3l\u00e1sszabads\u00e1g m\u00e1mor\u00edt\u00f3 ig\u00e9zet\u00e9ben mindenki mindenkivel meg szerette volna osztani mindazt, amit \u00e9rez, amit gondol. Hogyan v\u00e1ltott\u00e1k le a gy\u00e1rigazgat\u00f3t, hogyan r\u00fagt\u00e1k ki \u0151t mag\u00e1t valamikor az elemi iskol\u00e1ban, mi\u00e9rt nem szenvedheti a szomsz\u00e9dj\u00e1t, aki h\u00e1rom \u00e9ve egy f\u00e9l m\u00e9terrel arr\u00e9bb tette a k\u00f6z\u00f6s ker\u00edt\u00e9s\u00fcket, mi t\u00f6rt\u00e9nt vele a katonas\u00e1gn\u00e1l, az els\u0151 napok lend\u00fclet\u00e9ben milyen \u00faj int\u00e9zm\u00e9nyeket alap\u00edtottak \u00e9s egy\u00e1ltal\u00e1n, mit jelent sz\u00e1mukra a szabads\u00e1g, a demokr\u00e1cia.<br \/>\nA versfarag\u00e1s t\u00falcsordul\u00e1s\u00e1t mindenk\u00e9ppen, hiszen a k\u00f6nyvben Forr a dalom, nyilv\u00e1nval\u00f3an sz\u00f3j\u00e1t\u00e9kos c\u00edmmel huszon\u00f6t oldalon sorakoznak fel azok a l\u00edrai t\u00f6red\u00e9kek, amelyek igazolj\u00e1k, hogy a nagy t\u00e1rsadalmi megr\u00e1zk\u00f3dtat\u00e1sok hat\u00e1s\u00e1ra az \u00e9rzelmek, a gondolatok, a r\u00edmek \u00fagy t\u00f6rnek a felsz\u00ednre, mint egykoron a ma m\u00e1r j\u00f3val kisebb sz\u00e1mban l\u00e9tez\u0151 sz\u00e9kelyf\u00f6ldi borv\u00edzek.<br \/>\nEz a k\u00f6nyv \u2013 t\u00f6rt\u00e9nelem aluln\u00e9zetben. Ha majd \u00fajra lesz nem online oktat\u00e1s \u00e9s a t\u00f6rt\u00e9nelemtan\u00e1rok a rom\u00e1niai rendszerv\u00e1lt\u00e1sr\u00f3l besz\u00e9lnek a di\u00e1koknak, azt javasolom, hogy tegy\u00e9k maguk mell\u00e9 ezt a k\u00f6nyvet \u00e9s olvassanak fel bel\u0151le egy-k\u00e9t levelet. Az ap\u00e1t\u00f3l, az any\u00e1t\u00f3l, a nagyap\u00e1t\u00f3l, a nagyany\u00e1t\u00f3l \u00e9s a korabeli pedag\u00f3gusokt\u00f3l. M\u00e1s lesz ez, mind egy hideg \u00e9s szenvtelen visszatekint\u00e9s mindarra, ami 1989 december\u00e9ben t\u00f6rt\u00e9nt.<br \/>\n\u00c9s m\u00e9g valamit: ezek a levelek voltak\u00e9ppen megel\u0151zt\u00e9k azt a sz\u00e9kelyf\u00f6ldi komment-\u00f6z\u00f6nt, amely manaps\u00e1g a vil\u00e1gh\u00e1l\u00f3 k\u00f6z\u00f6ss\u00e9gi oldalain v\u00e9gigh\u00f6mp\u00f6ly\u00f6g minden t\u00e9m\u00e1ban, minden m\u00e9retben \u00e9s gyakran olyan helyes\u00edr\u00e1ssal \u00e9s olyan mondatszerkeszt\u00e9ssel, amelyek l\u00e1tt\u00e1n Mikl\u00f3s J\u00f3zsef tan\u00e1r \u00far, ha \u00e9lne, imm\u00e1r nyolcvan\u00e9vesen, hi\u00e1ba r\u00e1ncoln\u00e1 \u00f6ssze sz\u00fcntelen\u00fcl a homlok\u00e1t, mert \u00fagy sem tudna seg\u00edteni. Hiszen harminc \u00e9v alatt eljutottunk a sz\u00f3l\u00e1sszabads\u00e1gt\u00f3l a helyes\u00edr\u00e1s-szabads\u00e1gig, a szavakt\u00f3l a jelz\u00e9sekig, \u00e9s egy\u00e1ltal\u00e1n a t\u00e9nyek \u00e9s \u00e1ll\u00edt\u00e1sok k\u00f6z\u00f6tti t\u00f6k\u00e9letes vagy t\u00f6k\u00e9letlen z\u0171rzavarig.<\/p>\n<p><a href=\"https:\/\/ujkafe.website\/wp-content\/uploads\/2021\/02\/130.jpg\"><img loading=\"lazy\" decoding=\"async\" class=\"alignnone  wp-image-94576\" src=\"https:\/\/ujkafe.website\/wp-content\/uploads\/2021\/02\/130-298x300.jpg\" alt=\"\" width=\"486\" height=\"489\" srcset=\"https:\/\/ujkafe.website\/wp-content\/uploads\/2021\/02\/130-298x300.jpg 298w, https:\/\/ujkafe.website\/wp-content\/uploads\/2021\/02\/130-150x150.jpg 150w, https:\/\/ujkafe.website\/wp-content\/uploads\/2021\/02\/130-768x773.jpg 768w, https:\/\/ujkafe.website\/wp-content\/uploads\/2021\/02\/130-1017x1024.jpg 1017w, https:\/\/ujkafe.website\/wp-content\/uploads\/2021\/02\/130.jpg 1829w\" sizes=\"auto, (max-width: 486px) 100vw, 486px\" \/><\/a><\/p>\n","protected":false},"excerpt":{"rendered":"<p>Kelt levelem harminc \u00e9ve. A szabads\u00e1g kezdete a Hargita N\u00e9pe olvas\u00f3i leveleinek a t\u00fckr\u00e9ben. (K\u00f6zreadja Ferencz Imre, Cs\u00edkszereda, 2019, Hargita N\u00e9pe Lapkiad\u00f3) Amikor a cs\u00edki ember Marosv\u00e1s\u00e1rhelyre aut\u00f3zik nem az imm\u00e1r j\u00f3val k\u00e9nyelmesebb S\u00f3v\u00e1rad-Ny\u00e1r\u00e1dszereda \u00fatvonalon, hanem a K\u00fck\u00fcll\u0151ment\u00e9n, Balav\u00e1s\u00e1ron \u00e1t, a sz\u00e9kelyvajnai kett\u0151s kanyarban mindig eszembe jut Mikl\u00f3s J\u00f3zsef (1940).<\/p>\n","protected":false},"author":3,"featured_media":0,"comment_status":"open","ping_status":"open","sticky":false,"template":"","format":"standard","meta":{"_monsterinsights_skip_tracking":false,"_monsterinsights_sitenote_active":false,"_monsterinsights_sitenote_note":"","_monsterinsights_sitenote_category":0,"ngg_post_thumbnail":0,"footnotes":""},"categories":[120],"tags":[],"class_list":["post-94573","post","type-post","status-publish","format-standard","hentry","category-essze"],"_links":{"self":[{"href":"https:\/\/ujkafe.website\/index.php?rest_route=\/wp\/v2\/posts\/94573","targetHints":{"allow":["GET"]}}],"collection":[{"href":"https:\/\/ujkafe.website\/index.php?rest_route=\/wp\/v2\/posts"}],"about":[{"href":"https:\/\/ujkafe.website\/index.php?rest_route=\/wp\/v2\/types\/post"}],"author":[{"embeddable":true,"href":"https:\/\/ujkafe.website\/index.php?rest_route=\/wp\/v2\/users\/3"}],"replies":[{"embeddable":true,"href":"https:\/\/ujkafe.website\/index.php?rest_route=%2Fwp%2Fv2%2Fcomments&post=94573"}],"version-history":[{"count":0,"href":"https:\/\/ujkafe.website\/index.php?rest_route=\/wp\/v2\/posts\/94573\/revisions"}],"wp:attachment":[{"href":"https:\/\/ujkafe.website\/index.php?rest_route=%2Fwp%2Fv2%2Fmedia&parent=94573"}],"wp:term":[{"taxonomy":"category","embeddable":true,"href":"https:\/\/ujkafe.website\/index.php?rest_route=%2Fwp%2Fv2%2Fcategories&post=94573"},{"taxonomy":"post_tag","embeddable":true,"href":"https:\/\/ujkafe.website\/index.php?rest_route=%2Fwp%2Fv2%2Ftags&post=94573"}],"curies":[{"name":"wp","href":"https:\/\/api.w.org\/{rel}","templated":true}]}}