
{"id":94603,"date":"2021-02-10T02:56:02","date_gmt":"2021-02-10T02:56:02","guid":{"rendered":"https:\/\/ujkafe.website\/?p=94603"},"modified":"2021-02-05T16:19:33","modified_gmt":"2021-02-05T16:19:33","slug":"szekedi-ferenc-arcok-szavak-emlekek-131","status":"publish","type":"post","link":"https:\/\/ujkafe.website\/?p=94603","title":{"rendered":"Sz\u00e9kedi Ferenc: Arcok, szavak, eml\u00e9kek (131.)"},"content":{"rendered":"<h2><em><strong>Haragos Zolt\u00e1n: Emberk\u00f6zelben. Fot\u00f3album<\/strong><\/em><\/h2>\n<p><em><strong>(Marosv\u00e1s\u00e1rhely, Impress Kiad\u00f3, 2004, szerkeszt\u00e9s Haragos Zolt\u00e1n, m\u0171szaki szerkeszt\u00e9s Orb\u00e1n L\u00e1szl\u00f3, el\u0151sz\u00f3 Nagy Mikl\u00f3s Kund)<\/strong><\/em><\/p>\n<p>Amikor \u00fajb\u00f3l kezembe vettem az albumot, elgondolkoztam: vajon h\u00e1ny fot\u00f3t l\u00e1thattam \u00e9n \u00e9letemben, kiz\u00e1rva a vil\u00e1gh\u00e1l\u00f3 kor\u00e1t, hiszen ha ezt is belesz\u00e1m\u00edtjuk, akkor m\u00e1r semmif\u00e9le statisztika \u00e9s korl\u00e1toz\u00e1s nem \u00e1ll meg a l\u00e1b\u00e1n? Nos, a fot\u00f3pap\u00edr korban is minden bizonnyal t\u00f6bb ezret \u00e9s ha v\u00e9giggondolom, hogy melyek azok, amelyeket mind\u00f6r\u00f6kre meg\u0151rz\u00f6k az eml\u00e9kezetemben, akkor az els\u0151k k\u00f6z\u00f6tt alighanem ott van Haragos Zolt\u00e1n (1929) egyik felv\u00e9tele.<!--more--><br \/>\nA f\u00f6ldrajzi helysz\u00edn l\u00e9nyegtelen, a t\u00e9glafal ut\u00e1n \u00edt\u00e9lve lehetne Szeben, Brass\u00f3, Segesv\u00e1r, de ak\u00e1r Marosv\u00e1s\u00e1rhely is. Ami l\u00e9nyeges: ahogyan a botra t\u00e1maszkod\u00f3, fekete ruh\u00e1s, feh\u00e9r haj\u00fa id\u0151s asszony, a fal \u00e1rny\u00e9k\u00e1nak \u00e9s a m\u00e9g \u00e1tt\u00f6r\u0151 f\u00e9nynek a kett\u0151ss\u00e9g\u00e9ben mintha imm\u00e1r nem haza, hanem az \u00f6r\u00f6kl\u00e9tbe indulna \u00e9s lassan-lassan, visszavonhatatlanul egybeolvad a vil\u00e1gmindens\u00e9ggel.<br \/>\nHaragos Zolt\u00e1nnak t\u00f6bb ilyen fot\u00f3ja van. Amelyen nem sz\u00e1m\u00edt a k\u00f6zvetlen t\u00e9ma, nem sz\u00e1m\u00edt, hol k\u00e9sz\u00fclt \u2013 a mondanival\u00f3 v\u00e1lik egyetemesen emberiv\u00e9.<br \/>\nFot\u00f3riporterk\u00e9nt dolgozott az 1989 el\u0151tti vil\u00e1gban a V\u00f6r\u00f6s Z\u00e1szl\u00f3n\u00e1l, az \u00daj \u00c9letn\u00e9l, abban az erd\u00e9lyi magyar sajt\u00f3ban, ahol a fot\u00f3kon mindenekel\u0151tt nem a m\u0171v\u00e9szked\u00e9st, hanem a napi t\u00e1rgyszer\u0171s\u00e9get, a szocialista \u00e9p\u00edt\u0151munka lend\u00fclet\u00e9t \u00e9s m\u00e9g ink\u00e1bb napsugaras j\u00f6v\u0151 \u00edg\u00e9ret\u00e9t k\u00e9rt\u00e9k sz\u00e1mon.<br \/>\nMarosv\u00e1s\u00e1rhelyen, Marx J\u00f3zsef (1914-1992) v\u00e1ros\u00e1ban \u00e9s t\u00e1rsas\u00e1g\u00e1ban azonban nem lehetett ak\u00e1rhogyan fot\u00f3zni. Amint, azokban az \u00e9vekben, az \u00fajs\u00e1g\u00edr\u00f3k k\u00f6z\u00fcl t\u00f6bben \u00e1tr\u00e1ndultak az irodalom vil\u00e1g\u00e1ba, az \u00edr\u00f3k-k\u00f6lt\u0151k pedig az \u00fajs\u00e1g\u00edr\u00e1sb\u00f3l \u00e9ltek meg, ugyan\u00edgy a fot\u00f3sok is megalkott\u00e1k a maguk k\u00fcl\u00f6n vil\u00e1g\u00e1t, ahol a m\u0171v\u00e9szet\u00fcknek h\u00f3dolhattak. 1953-ban Marx J\u00f3zsef mellett az egyik alap\u00edt\u00f3ja volt annak a Marosv\u00e1s\u00e1rhelyi Fot\u00f3klubnak, amely ma is az ENSZ \u00e1ltal is \u00e9rdemoklev\u00e9llel kit\u00fcntetett Marx J\u00f3zsef nevet viseli.<br \/>\n\u00c9s persze, a t\u00f6bb sz\u00e1z nemzetk\u00f6zi r\u00e9szv\u00e9tel \u00e9s hazai ki\u00e1ll\u00edt\u00e1sok nyom\u00e1n gy\u0171ltek azok a fot\u00f3m\u0171v\u00e9szeti c\u00edmek, amelyek rendszerint a FIAP bet\u0171sz\u00f3val v\u00e9gz\u0151dnek \u00e9s el\u00e9g annyit tudnunk r\u00f3luk, hogy az els\u0151 bet\u0171k olyasmit jelentenek, mint az olimpi\u00e1n a bronz-, ez\u00fcst- \u00e9s arany\u00e9rmek.<br \/>\nThe Fire Within. Valami hasonl\u00f3 volt a 2002-es amerikai t\u00e9li olimpia mott\u00f3ja, amikor m\u00e9g nem a washingtoni Capitolium Biden beiktat\u00e1sa el\u0151tti g\u00e1tfut\u00f3it n\u00e9zt\u00fck, hanem mindazokat az ifj\u00fa sportol\u00f3kat \u00e9s a sokezernyi \u00f6nk\u00e9ntes szervez\u0151t, akikben val\u00f3ban bel\u00fclr\u0151l izzott a l\u00e1ng. Akikben val\u00f3ban lobogott a szenved\u00e9ly mindaz ir\u00e1nt, amit tesznek, mert \u00fagy \u00e9rzik, hogy \u00e9rtelme van, hogy embert\u00e1rsaik jav\u00e1ra szolg\u00e1l.<br \/>\nIgen, a szenved\u00e9ly. Ami n\u00e9lk\u00fcl nem l\u00e9tezhet val\u00f3di fot\u00f3m\u0171v\u00e9sz. A huszonegyedik sz\u00e1zadban sem, amikor a digitalis fotogr\u00e1fia pr\u00f3b\u00e1lja feledtetni vel\u00fcnk azokat a csod\u00e1latos pillanatokat, ahogyan a halov\u00e1ny, v\u00f6r\u00f6s f\u00e9nyben a laborat\u00f3rium el\u0151h\u00edv\u00f3 t\u00e1lc\u00e1j\u00e1ba \u00e1ztatott fot\u00f3pap\u00edron egyszerre csak f\u00e9l\u00e9nken, gy\u00e1moltalanul, elmos\u00f3dva felt\u0171nt a felv\u00e9tel egyik r\u00e9szlete, hogy onnan majd egyre er\u0151teljesebben kibomoljon az eg\u00e9sz k\u00e9p.<br \/>\nEzt az \u00e9rz\u00e9st soha nem tudja p\u00f3tolni a m\u00e1sodpercenk\u00e9nti tucatnyi felv\u00e9tel, az ak\u00e1r negyed\u00f3r\u00e1n \u00e1t tart\u00f3 sorozatos kattintgat\u00e1s, az el\u0151regy\u00e1rtott telefonos applik\u00e1ci\u00f3kkal \u00e9s sz\u00e1m\u00edt\u00f3g\u00e9pes programokkal \u00e1talak\u00edtott, m\u00e1sodpercek alatt a vil\u00e1g b\u00e1rmely sark\u00e1ba elk\u00fcldhet\u0151 digit\u00e1lis k\u00e9pek t\u00f6mkelege.<br \/>\nNyilv\u00e1n, a huszonegyedik sz\u00e1zadban technika n\u00e9lk\u00fcl \u00e9lni lehetetlen, \u00e9s rep\u00fcl\u0151g\u00e9p helyett nem fogunk visszat\u00e9rni a postakocsihoz. De az lenne az igazi, ha b\u00e1rmif\u00e9le m\u0171szaki v\u00edvm\u00e1nyra csup\u00e1n eszk\u00f6zk\u00e9nt tekinten\u00e9nk. \u00c9s nem olyan c\u00e9lk\u00e9nt, amely helyettes\u00edtheti legbens\u0151bb emberi vil\u00e1gunkat.<\/p>\n<p><a href=\"https:\/\/ujkafe.website\/wp-content\/uploads\/2021\/02\/131-haragos.jpg\"><img loading=\"lazy\" decoding=\"async\" class=\"alignnone  wp-image-94606\" src=\"https:\/\/ujkafe.website\/wp-content\/uploads\/2021\/02\/131-haragos-300x180.jpg\" alt=\"\" width=\"518\" height=\"311\" srcset=\"https:\/\/ujkafe.website\/wp-content\/uploads\/2021\/02\/131-haragos-300x180.jpg 300w, https:\/\/ujkafe.website\/wp-content\/uploads\/2021\/02\/131-haragos-768x460.jpg 768w, https:\/\/ujkafe.website\/wp-content\/uploads\/2021\/02\/131-haragos-1024x613.jpg 1024w, https:\/\/ujkafe.website\/wp-content\/uploads\/2021\/02\/131-haragos.jpg 1800w\" sizes=\"auto, (max-width: 518px) 100vw, 518px\" \/><\/a><\/p>\n","protected":false},"excerpt":{"rendered":"<p>Haragos Zolt\u00e1n: Emberk\u00f6zelben. Fot\u00f3album (Marosv\u00e1s\u00e1rhely, Impress Kiad\u00f3, 2004, szerkeszt\u00e9s Haragos Zolt\u00e1n, m\u0171szaki szerkeszt\u00e9s Orb\u00e1n L\u00e1szl\u00f3, el\u0151sz\u00f3 Nagy Mikl\u00f3s Kund) Amikor \u00fajb\u00f3l kezembe vettem az albumot, elgondolkoztam: vajon h\u00e1ny fot\u00f3t l\u00e1thattam \u00e9n \u00e9letemben, kiz\u00e1rva a vil\u00e1gh\u00e1l\u00f3 kor\u00e1t, hiszen ha ezt is belesz\u00e1m\u00edtjuk, akkor m\u00e1r semmif\u00e9le statisztika \u00e9s korl\u00e1toz\u00e1s nem \u00e1ll meg a l\u00e1b\u00e1n? Nos, a fot\u00f3pap\u00edr [&hellip;]<\/p>\n","protected":false},"author":3,"featured_media":0,"comment_status":"open","ping_status":"open","sticky":false,"template":"","format":"standard","meta":{"_monsterinsights_skip_tracking":false,"_monsterinsights_sitenote_active":false,"_monsterinsights_sitenote_note":"","_monsterinsights_sitenote_category":0,"ngg_post_thumbnail":0,"footnotes":""},"categories":[120],"tags":[],"class_list":["post-94603","post","type-post","status-publish","format-standard","hentry","category-essze"],"_links":{"self":[{"href":"https:\/\/ujkafe.website\/index.php?rest_route=\/wp\/v2\/posts\/94603","targetHints":{"allow":["GET"]}}],"collection":[{"href":"https:\/\/ujkafe.website\/index.php?rest_route=\/wp\/v2\/posts"}],"about":[{"href":"https:\/\/ujkafe.website\/index.php?rest_route=\/wp\/v2\/types\/post"}],"author":[{"embeddable":true,"href":"https:\/\/ujkafe.website\/index.php?rest_route=\/wp\/v2\/users\/3"}],"replies":[{"embeddable":true,"href":"https:\/\/ujkafe.website\/index.php?rest_route=%2Fwp%2Fv2%2Fcomments&post=94603"}],"version-history":[{"count":0,"href":"https:\/\/ujkafe.website\/index.php?rest_route=\/wp\/v2\/posts\/94603\/revisions"}],"wp:attachment":[{"href":"https:\/\/ujkafe.website\/index.php?rest_route=%2Fwp%2Fv2%2Fmedia&parent=94603"}],"wp:term":[{"taxonomy":"category","embeddable":true,"href":"https:\/\/ujkafe.website\/index.php?rest_route=%2Fwp%2Fv2%2Fcategories&post=94603"},{"taxonomy":"post_tag","embeddable":true,"href":"https:\/\/ujkafe.website\/index.php?rest_route=%2Fwp%2Fv2%2Ftags&post=94603"}],"curies":[{"name":"wp","href":"https:\/\/api.w.org\/{rel}","templated":true}]}}